{"id":3329,"date":"2020-06-20T19:43:21","date_gmt":"2020-06-20T17:43:21","guid":{"rendered":"http:\/\/agora.xtec.cat\/ceipestacio\/?p=3329"},"modified":"2020-09-09T19:44:45","modified_gmt":"2020-09-09T17:44:45","slug":"manifest-de-la-comunitat-educativa-de-lescola-lestacio","status":"publish","type":"post","link":"https:\/\/agora.xtec.cat\/ceipestacio\/general\/manifest-de-la-comunitat-educativa-de-lescola-lestacio\/","title":{"rendered":"MANIFEST DE LA COMUNITAT EDUCATIVA DE L&#8217;ESCOLA L&#8217;ESTACI\u00d3"},"content":{"rendered":"<p style=\"text-align: justify; padding-left: 40px;\">Aquest any 21 fam\u00edlies de Sant Feliu de Gu\u00edxols que havien optat per inscriure al seu\/va<br \/>\nfill\/a a l&#8217;escola de L&#8217;Estaci\u00f3 no podran fer-ho. L&#8217;administraci\u00f3 ha decidit que dels 44 nens<br \/>\ni nenes que volien anar a aquesta escola nom\u00e9s 23 ho podran fer.<br \/>\nTenen dret a decidir els pares i mares i a triar en llibertat com i on educar els seus fills i<br \/>\nfilles, o no?<br \/>\nTots sabem com n&#8217;\u00e9s d&#8217;important i dif\u00edcil el moment de triar el centre on volen que<br \/>\ncomencin P3 i que hi estaran els seus 9 primers anys d&#8217;escolaritzaci\u00f3. Les fam\u00edlies han<br \/>\nhagut de recollir el m\u00e0xim d&#8217;informaci\u00f3 i posar a la balan\u00e7a les opcions d&#8217;escoles que<br \/>\nmillor encaixen amb les seves necessitats i amb les seves prefer\u00e8ncies. Cada escola \u00e9s<br \/>\nuna realitat educativa, amb el seu projecte de centre, el claustre de professors, el<br \/>\ncar\u00e0cter propi,&#8230; Despr\u00e9s de passar per aquest proc\u00e9s de valoraci\u00f3 i decidir-se per una<br \/>\nopci\u00f3, aquesta se&#8217;ls \u00e9s negada.<br \/>\nNo estem tots d&#8217;acord que les lleis i l&#8217;administraci\u00f3 han d&#8217;estar al servei de les persones i<br \/>\nals seus drets reconeguts i no a l&#8217;inrev\u00e9s?<br \/>\nLa comunitat educativa de l&#8217;escola L&#8217;Estaci\u00f3 volem fer pal\u00e8s el sentiment de desenc\u00eds,<br \/>\ndesil\u00b7lusi\u00f3 i impot\u00e8ncia d&#8217;aquestes 21 fam\u00edlies que no han pogut accedir a l&#8217;escola que<br \/>\nhavien optat pels seus fills i les seves filles.<\/p>\n","protected":false},"excerpt":{"rendered":"<p>Aquest any 21 fam\u00edlies de Sant Feliu de Gu\u00edxols que havien optat per inscriure al seu\/va fill\/a a l&#8217;escola de [&hellip;]<\/p>\n","protected":false},"author":1,"featured_media":0,"comment_status":"open","ping_status":"closed","sticky":false,"template":"","format":"standard","meta":{"_bbp_topic_count":0,"_bbp_reply_count":0,"_bbp_total_topic_count":0,"_bbp_total_reply_count":0,"_bbp_voice_count":0,"_bbp_anonymous_reply_count":0,"_bbp_topic_count_hidden":0,"_bbp_reply_count_hidden":0,"_bbp_forum_subforum_count":0,"site-sidebar-layout":"default","site-content-layout":"","ast-site-content-layout":"","site-content-style":"default","site-sidebar-style":"default","ast-global-header-display":"","ast-banner-title-visibility":"","ast-main-header-display":"","ast-hfb-above-header-display":"","ast-hfb-below-header-display":"","ast-hfb-mobile-header-display":"","site-post-title":"","ast-breadcrumbs-content":"","ast-featured-img":"","footer-sml-layout":"","theme-transparent-header-meta":"","adv-header-id-meta":"","stick-header-meta":"","header-above-stick-meta":"","header-main-stick-meta":"","header-below-stick-meta":"","astra-migrate-meta-layouts":"default","ast-page-background-enabled":"default","ast-page-background-meta":{"desktop":{"background-color":"var(--ast-global-color-4)","background-image":"","background-repeat":"repeat","background-position":"center center","background-size":"auto","background-attachment":"scroll","background-type":"","background-media":"","overlay-type":"","overlay-color":"","overlay-opacity":"","overlay-gradient":""},"tablet":{"background-color":"","background-image":"","background-repeat":"repeat","background-position":"center center","background-size":"auto","background-attachment":"scroll","background-type":"","background-media":"","overlay-type":"","overlay-color":"","overlay-opacity":"","overlay-gradient":""},"mobile":{"background-color":"","background-image":"","background-repeat":"repeat","background-position":"center center","background-size":"auto","background-attachment":"scroll","background-type":"","background-media":"","overlay-type":"","overlay-color":"","overlay-opacity":"","overlay-gradient":""}},"ast-content-background-meta":{"desktop":{"background-color":"var(--ast-global-color-5)","background-image":"","background-repeat":"repeat","background-position":"center center","background-size":"auto","background-attachment":"scroll","background-type":"","background-media":"","overlay-type":"","overlay-color":"","overlay-opacity":"","overlay-gradient":""},"tablet":{"background-color":"var(--ast-global-color-5)","background-image":"","background-repeat":"repeat","background-position":"center center","background-size":"auto","background-attachment":"scroll","background-type":"","background-media":"","overlay-type":"","overlay-color":"","overlay-opacity":"","overlay-gradient":""},"mobile":{"background-color":"var(--ast-global-color-5)","background-image":"","background-repeat":"repeat","background-position":"center center","background-size":"auto","background-attachment":"scroll","background-type":"","background-media":"","overlay-type":"","overlay-color":"","overlay-opacity":"","overlay-gradient":""}},"footnotes":""},"categories":[1,4],"tags":[],"class_list":["post-3329","post","type-post","status-publish","format-standard","hentry","category-general","category-portada"],"post_mailing_queue_ids":[],"_links":{"self":[{"href":"https:\/\/agora.xtec.cat\/ceipestacio\/wp-json\/wp\/v2\/posts\/3329","targetHints":{"allow":["GET"]}}],"collection":[{"href":"https:\/\/agora.xtec.cat\/ceipestacio\/wp-json\/wp\/v2\/posts"}],"about":[{"href":"https:\/\/agora.xtec.cat\/ceipestacio\/wp-json\/wp\/v2\/types\/post"}],"author":[{"embeddable":true,"href":"https:\/\/agora.xtec.cat\/ceipestacio\/wp-json\/wp\/v2\/users\/1"}],"replies":[{"embeddable":true,"href":"https:\/\/agora.xtec.cat\/ceipestacio\/wp-json\/wp\/v2\/comments?post=3329"}],"version-history":[{"count":1,"href":"https:\/\/agora.xtec.cat\/ceipestacio\/wp-json\/wp\/v2\/posts\/3329\/revisions"}],"predecessor-version":[{"id":3330,"href":"https:\/\/agora.xtec.cat\/ceipestacio\/wp-json\/wp\/v2\/posts\/3329\/revisions\/3330"}],"wp:attachment":[{"href":"https:\/\/agora.xtec.cat\/ceipestacio\/wp-json\/wp\/v2\/media?parent=3329"}],"wp:term":[{"taxonomy":"category","embeddable":true,"href":"https:\/\/agora.xtec.cat\/ceipestacio\/wp-json\/wp\/v2\/categories?post=3329"},{"taxonomy":"post_tag","embeddable":true,"href":"https:\/\/agora.xtec.cat\/ceipestacio\/wp-json\/wp\/v2\/tags?post=3329"}],"curies":[{"name":"wp","href":"https:\/\/api.w.org\/{rel}","templated":true}]}}