{"id":3033,"date":"2020-05-20T08:15:10","date_gmt":"2020-05-20T06:15:10","guid":{"rendered":"http:\/\/agora.xtec.cat\/ceipestacio\/?p=3033"},"modified":"2020-05-20T09:12:19","modified_gmt":"2020-05-20T07:12:19","slug":"concurs-de-fotografia-matematica","status":"publish","type":"post","link":"https:\/\/agora.xtec.cat\/ceipestacio\/general\/concurs-de-fotografia-matematica\/","title":{"rendered":"CONCURS DE FOTOGRAFIA MATEM\u00c0TICA"},"content":{"rendered":"<p>Aquestes s\u00f3n les fotografies matem\u00e0tiques que l&#8217;alumnat, les fam\u00edlies i els mestres de l&#8217;escola hem presentat al concurs. Aviat us comunicarem els guanyadors. Mentrestant, podeu fer una ullada a tot el recull d&#8217;imatges que ens heu enviat. Moltes gr\u00e0cies a tots i totes per la vostra participaci\u00f3!<\/p>\n<p><a href=\"https:\/\/docs.google.com\/presentation\/d\/e\/2PACX-1vQ82kR8KTdMrpYP89_C6bSnX3ITRtj-rg_g45JMHTpqA7o7XB0_bk9kHb6TGG7NJfbUvPgMQoMchHe4\/pub?start=true&amp;loop=false&amp;delayms=3000\">CATEGORIA A: Educaci\u00f3 Infantil<\/a><\/p>\n<p><a href=\"https:\/\/docs.google.com\/presentation\/d\/e\/2PACX-1vRTCh2Fu1wAzZ9UBf_q4SfUK4J3ZgOmkBHs_vtpLFPGlaVZdTU-ova20JFow-DcV3BWVjqdhPvFu8Gr\/pub?start=true&amp;loop=false&amp;delayms=3000\">CATEGORIA B: Cicle Inicial<\/a><\/p>\n<p><a href=\"https:\/\/docs.google.com\/presentation\/d\/e\/2PACX-1vR6ES6Nl7kjcsNFo7wnG2DH7U-ww1JvbWflp0Ow7f6IBrDlltzXJAxeg0yPgs4pftihJ1Lp0MbgQPiN\/pub?start=true&amp;loop=false&amp;delayms=3000\">CATEGORIA C: Cicle Mitj\u00e0<\/a><\/p>\n<p><a href=\"https:\/\/docs.google.com\/presentation\/d\/e\/2PACX-1vTLXHozt-TuXTWlUSY4hlV5fx33AToVYfhRDMkU8jD56CfVQyFmizS6t-dlKtebTlb0xyyOFf7-8p9h\/pub?start=true&amp;loop=false&amp;delayms=3000\">CATEGORIA D: Cicle Superior<\/a><\/p>\n<p><a href=\"https:\/\/docs.google.com\/presentation\/d\/e\/2PACX-1vQxzGFv1oWjQzfn9KWeq6fm9WEgqSNUt3tKWcJjk7BKPagK971PRBrIYG0z8iCuvQo-PAAu1KKT18rv\/pub?start=true&amp;loop=false&amp;delayms=3000\">CATEGORIA E: Fam\u00edlies<\/a><\/p>\n<p><a href=\"https:\/\/docs.google.com\/presentation\/d\/e\/2PACX-1vQHjSfqaLqr24lDy4YTTf5tWum03gGPZqvbTs7hnt-v8l6cRkF4alVTq2u3A0jCazce1sUp_-TIOYLP\/pub?start=true&amp;loop=false&amp;delayms=3000\">CATEGORIA F: Mestres i personal PAS de l&#8217;escola<\/a><\/p>\n","protected":false},"excerpt":{"rendered":"<p>Aquestes s\u00f3n les fotografies matem\u00e0tiques que l&#8217;alumnat, les fam\u00edlies i els mestres de l&#8217;escola hem presentat al concurs. Aviat us [&hellip;]<\/p>\n","protected":false},"author":31,"featured_media":0,"comment_status":"closed","ping_status":"closed","sticky":false,"template":"","format":"standard","meta":{"_bbp_topic_count":0,"_bbp_reply_count":0,"_bbp_total_topic_count":0,"_bbp_total_reply_count":0,"_bbp_voice_count":0,"_bbp_anonymous_reply_count":0,"_bbp_topic_count_hidden":0,"_bbp_reply_count_hidden":0,"_bbp_forum_subforum_count":0,"site-sidebar-layout":"default","site-content-layout":"","ast-site-content-layout":"","site-content-style":"default","site-sidebar-style":"default","ast-global-header-display":"","ast-banner-title-visibility":"","ast-main-header-display":"","ast-hfb-above-header-display":"","ast-hfb-below-header-display":"","ast-hfb-mobile-header-display":"","site-post-title":"","ast-breadcrumbs-content":"","ast-featured-img":"","footer-sml-layout":"","theme-transparent-header-meta":"","adv-header-id-meta":"","stick-header-meta":"","header-above-stick-meta":"","header-main-stick-meta":"","header-below-stick-meta":"","astra-migrate-meta-layouts":"default","ast-page-background-enabled":"default","ast-page-background-meta":{"desktop":{"background-color":"var(--ast-global-color-4)","background-image":"","background-repeat":"repeat","background-position":"center center","background-size":"auto","background-attachment":"scroll","background-type":"","background-media":"","overlay-type":"","overlay-color":"","overlay-opacity":"","overlay-gradient":""},"tablet":{"background-color":"","background-image":"","background-repeat":"repeat","background-position":"center center","background-size":"auto","background-attachment":"scroll","background-type":"","background-media":"","overlay-type":"","overlay-color":"","overlay-opacity":"","overlay-gradient":""},"mobile":{"background-color":"","background-image":"","background-repeat":"repeat","background-position":"center center","background-size":"auto","background-attachment":"scroll","background-type":"","background-media":"","overlay-type":"","overlay-color":"","overlay-opacity":"","overlay-gradient":""}},"ast-content-background-meta":{"desktop":{"background-color":"var(--ast-global-color-5)","background-image":"","background-repeat":"repeat","background-position":"center center","background-size":"auto","background-attachment":"scroll","background-type":"","background-media":"","overlay-type":"","overlay-color":"","overlay-opacity":"","overlay-gradient":""},"tablet":{"background-color":"var(--ast-global-color-5)","background-image":"","background-repeat":"repeat","background-position":"center center","background-size":"auto","background-attachment":"scroll","background-type":"","background-media":"","overlay-type":"","overlay-color":"","overlay-opacity":"","overlay-gradient":""},"mobile":{"background-color":"var(--ast-global-color-5)","background-image":"","background-repeat":"repeat","background-position":"center center","background-size":"auto","background-attachment":"scroll","background-type":"","background-media":"","overlay-type":"","overlay-color":"","overlay-opacity":"","overlay-gradient":""}},"footnotes":""},"categories":[10,11,12,13,14,1,2,4,5],"tags":[],"class_list":["post-3033","post","type-post","status-publish","format-standard","hentry","category-1r","category-2n","category-3r","category-4t","category-5e","category-general","category-infantil","category-portada","category-primaria"],"post_mailing_queue_ids":[],"_links":{"self":[{"href":"https:\/\/agora.xtec.cat\/ceipestacio\/wp-json\/wp\/v2\/posts\/3033","targetHints":{"allow":["GET"]}}],"collection":[{"href":"https:\/\/agora.xtec.cat\/ceipestacio\/wp-json\/wp\/v2\/posts"}],"about":[{"href":"https:\/\/agora.xtec.cat\/ceipestacio\/wp-json\/wp\/v2\/types\/post"}],"author":[{"embeddable":true,"href":"https:\/\/agora.xtec.cat\/ceipestacio\/wp-json\/wp\/v2\/users\/31"}],"replies":[{"embeddable":true,"href":"https:\/\/agora.xtec.cat\/ceipestacio\/wp-json\/wp\/v2\/comments?post=3033"}],"version-history":[{"count":2,"href":"https:\/\/agora.xtec.cat\/ceipestacio\/wp-json\/wp\/v2\/posts\/3033\/revisions"}],"predecessor-version":[{"id":3051,"href":"https:\/\/agora.xtec.cat\/ceipestacio\/wp-json\/wp\/v2\/posts\/3033\/revisions\/3051"}],"wp:attachment":[{"href":"https:\/\/agora.xtec.cat\/ceipestacio\/wp-json\/wp\/v2\/media?parent=3033"}],"wp:term":[{"taxonomy":"category","embeddable":true,"href":"https:\/\/agora.xtec.cat\/ceipestacio\/wp-json\/wp\/v2\/categories?post=3033"},{"taxonomy":"post_tag","embeddable":true,"href":"https:\/\/agora.xtec.cat\/ceipestacio\/wp-json\/wp\/v2\/tags?post=3033"}],"curies":[{"name":"wp","href":"https:\/\/api.w.org\/{rel}","templated":true}]}}