{"id":2682,"date":"2020-04-26T12:46:59","date_gmt":"2020-04-26T10:46:59","guid":{"rendered":"http:\/\/agora.xtec.cat\/ceipestacio\/?p=2682"},"modified":"2020-04-26T12:47:15","modified_gmt":"2020-04-26T10:47:15","slug":"musica-setmana-del-27-dabril-a-1-de-maig","status":"publish","type":"post","link":"https:\/\/agora.xtec.cat\/ceipestacio\/general\/musica-setmana-del-27-dabril-a-1-de-maig\/","title":{"rendered":"M\u00daSICA: Setmana del 27 d&#8217;abril a l&#8217;1 de maig"},"content":{"rendered":"<p><span style=\"font-weight: 400;\">Bon dia!<\/span><\/p>\n<p><span style=\"font-weight: 400;\">Aqu\u00ed us deixem els diferents materials i feina que podeu anar fent durant aquests dies de confinament.<\/span><\/p>\n<p><span style=\"font-weight: 400;\">M\u00e9s avall hi apareixen els materials organitzats per cursos, aix\u00ed que nom\u00e9s haureu de mirar el vostre curs i hi podreu accedir a les recomanacions i orientacions que podreu fer a casa. Anirem canviant cada setmana les recomanacions i orientacions que podeu anar seguint.<\/span><\/p>\n<p><span style=\"font-weight: 400;\">Aix\u00ed mateix, el Gran Teatre del Liceu, ens permet veure des de casa diferents obres teatrals i musicals des d\u2019aquest enlla\u00e7: <\/span><a href=\"https:\/\/www.liceubarcelona.cat\/ca\/elliceuacasa\"><span style=\"font-weight: 400;\">Gran Teatre del Liceu<\/span><\/a><span style=\"font-weight: 400;\">. Tot i poder accedir a gran quantitat d\u2019obres en aquesta web, hem sel\u00b7leccionat les seg\u00fcents que poden ser de l\u2019inter\u00e8s dels nostres nens i nenes:<\/span><\/p>\n<ul>\n<li style=\"font-weight: 400;\"><span style=\"font-weight: 400;\">EL PETIT LICEU: <\/span><a href=\"https:\/\/www.youtube.com\/watch?v=x-c0pcZ_39M&amp;feature=youtu.be\"><span style=\"font-weight: 400;\">LA PETITA FLAUTA M\u00c0GICA (2016\/17)<\/span><\/a><\/li>\n<\/ul>\n<p><span style=\"font-weight: 400;\">M\u00fasica de <\/span><i><span style=\"font-weight: 400;\">Wolfgang Amadeus Mozart<\/span><\/i><\/p>\n<ul>\n<li style=\"font-weight: 400;\"><span style=\"font-weight: 400;\">EL PETIT LICEU: <\/span><a href=\"https:\/\/www.youtube.com\/watch?v=8XT4tetzxuk&amp;feature=youtu.be\"><span style=\"font-weight: 400;\">LA VENTAFOCS (2009\/10)<\/span><\/a><\/li>\n<\/ul>\n<p><span style=\"font-weight: 400;\">M\u00fasica de <\/span><i><span style=\"font-weight: 400;\">Gioachino Rossini<\/span><\/i><\/p>\n<ul>\n<li style=\"font-weight: 400;\"><span style=\"font-weight: 400;\">EL PETIT LICEU: <\/span><a href=\"https:\/\/www.youtube.com\/watch?v=WrlxrLIkJYs&amp;feature=youtu.be\"><span style=\"font-weight: 400;\">PERE I EL LLOP (2007\/08)<\/span><\/a><\/li>\n<\/ul>\n<p><span style=\"font-weight: 400;\">M\u00fasica i text de <\/span><i><span style=\"font-weight: 400;\">Sergei Prokofiev<\/span><\/i><\/p>\n<ul>\n<li style=\"font-weight: 400;\"><span style=\"font-weight: 400;\">EL PETIT LICEU: <\/span><a href=\"https:\/\/www.youtube.com\/watch?v=dpV49xNbIUg&amp;feature=youtu.be\"><span style=\"font-weight: 400;\">EL JOVE BARBER DE SEVILLA (2017\/18)<\/span><\/a><\/li>\n<\/ul>\n<p><span style=\"font-weight: 400;\">M\u00fasica de <\/span><i><span style=\"font-weight: 400;\">Gioachino Rossini<\/span><\/i><\/p>\n<hr \/>\n<p><strong>Bon dia a tots!<\/strong><\/p>\n<p><strong>Un altra setmana aqu\u00ed amb vosaltres! Com seguiu? Esperem que gaudireu del dia de Sant Jordi. Molts \u00e0nims per a tots en aquests dies!\u00a0<\/strong><\/p>\n<p><strong>Aqu\u00ed us deixem les activitats d\u2019aquesta setmana per seguir aprenent i disfrutant una mica m\u00e9s d\u2019aquest confinament.<\/strong><\/p>\n<p><strong>Molts petons!<\/strong><\/p>\n<p><strong>Isabel i Vanesa<\/strong><\/p>\n<p><span style=\"font-weight: 400;\">\u00a0<\/span><\/p>\n<table style=\"background-color: #d8a7f2; width: 816px;\">\n<tbody>\n<tr>\n<td style=\"width: 810px; text-align: center;\"><strong>1r i 2n de PRIM\u00c0RIA<\/strong><\/td>\n<\/tr>\n<\/tbody>\n<\/table>\n<p><b>Us proposem un repte! <\/b><span style=\"font-weight: 400;\">A veure si sou capa\u00e7 de seguir el ritme que ens mostra el v\u00eddeo.\u00a0<\/span><\/p>\n<p><span style=\"font-weight: 400;\">Al primer v\u00eddeo hi apareix nom\u00e9s una persona fent el ritme. Al segon v\u00eddeo hi \u00e9s la mateixa persona i un nen que ho repeteix. Aquest nen sereu vosaltres, que haureu de repetir el ritme. Esteu preparats?<\/span><\/p>\n<p><span style=\"font-weight: 400;\">Sols necessiteu les vostres\u00a0 mans i quatre cartolines de diferents colors sobre la taula. En cas de no tenir-ne podem pintar fulls en blanc.<\/span><\/p>\n<ul>\n<li><b><a href=\"https:\/\/youtu.be\/CJM6iwcJCyg\">RITME AMB LES MANS 1 PERSONA<\/a><\/b><\/li>\n<li><a href=\"https:\/\/youtu.be\/um0aM4rhcgg\">RITME AMB REPETICI\u00d3<\/a><\/li>\n<\/ul>\n<p><b>Per acabar podreu gravar-vos en un petit v\u00eddeo fent l\u2019activitat i enviar-lo a la mestra.<\/b><\/p>\n<p>Una abra\u00e7ada!!<\/p>\n<table style=\"background-color: #56e1fc; width: 798px;\">\n<tbody>\n<tr>\n<td style=\"width: 792px; text-align: center;\"><strong>3r de PRIM\u00c0RIA<\/strong><\/td>\n<\/tr>\n<\/tbody>\n<\/table>\n<p><span style=\"font-weight: 400;\">Hola nois i noies!<\/span><\/p>\n<p><span style=\"font-weight: 400;\">Aquesta setmana us envie una manualitat per poder-la fer a casa. Es tracta de fer el nostre xil\u00f2fon personalitzat.<\/span><\/p>\n<p><span style=\"font-weight: 400;\">Haureu de fer-lo amb materials que tingueu a casa. Si no teniu els materials que us propose, en podeu fer servir uns altres que considereu que s\u00f3n adequats per fer el xil\u00f2fon.<\/span><\/p>\n<p><strong>Necessitem:<\/strong><\/p>\n<p><img loading=\"lazy\" decoding=\"async\" class=\"alignright\" src=\"https:\/\/i.pinimg.com\/564x\/45\/df\/e2\/45dfe26073d952d35014bff8d9d688ee.jpg\" alt=\"\" width=\"328\" height=\"193\" \/><\/p>\n<ul style=\"list-style-type: square;\">\n<li style=\"font-weight: 400;\"><span style=\"font-weight: 400;\">Caixa de cartr\u00f3<\/span><\/li>\n<li style=\"font-weight: 400;\"><span style=\"font-weight: 400;\">Fil \/ cordell \/ Goma<\/span><\/li>\n<li style=\"font-weight: 400;\"><span style=\"font-weight: 400;\">Tisores<\/span><\/li>\n<li style=\"font-weight: 400;\"><span style=\"font-weight: 400;\">Colors<\/span><\/li>\n<li style=\"font-weight: 400;\"><span style=\"font-weight: 400;\">Rolls de cartr\u00f3 (wc, cuina, film, plata\u2026) de diferent mida.<\/span><\/li>\n<\/ul>\n<p><strong>QU\u00c8 HEM DE FER?<\/strong><\/p>\n<ol>\n<li style=\"font-weight: 400;\"><em><span style=\"font-weight: 400;\">Busca la teva capsa de cartr\u00f3 i\u2026 a decorar-la!!\u00a0<\/span><\/em><\/li>\n<li style=\"font-weight: 400;\"><em><span style=\"font-weight: 400;\">Busca rolls de cartr\u00f3 que tinguis per casa (amb 3-4 \u00e9s suficient). Si no en tens buits, espera a que s&#8217;acabin els que tens i no els llances. Utilitza&#8217;ls! Els pots decorar si vols. RECORDA RETALLAR-LOS PER A QUE SIGUEN DE DIFERENT MIDA! RECORDA EL XIL\u00d2FON DE LA CLASSE (No totes les l\u00e0mines s\u00f3n de la mateixa mida)<\/span><\/em><\/li>\n<li style=\"font-weight: 400;\"><em><span style=\"font-weight: 400;\">Agafa el fil\/cordell i passa\u2019l pels tubs de cartr\u00f3, enganxa-los tots. Recorda deixar un espai com a la foto. Haur\u00e0s de fer un nus a la capsa per enganxar b\u00e9 l\u2019inici del fil.<\/span><\/em><\/li>\n<li style=\"font-weight: 400;\"><em><span style=\"font-weight: 400;\">Busca dues baquetes que poden ser dos bolis, dos culleres o el que tinguis per casa.<\/span><\/em><\/li>\n<li style=\"font-weight: 400;\"><em><span style=\"font-weight: 400;\">Prepara el teu somriure i fes-te una foto tocant el teu xil\u00f2fon.<\/span><\/em><\/li>\n<li style=\"font-weight: 400;\"><em><span style=\"font-weight: 400;\">Enganxa la foto al document de Google que us he compartit al CLASSROOM!!<\/span><\/em><\/li>\n<\/ol>\n<p><span style=\"font-weight: 400;\">\u00a0Una abra\u00e7ada!!<\/span><\/p>\n<table style=\"background-color: #56e1fc; height: 37px; width: 803px;\">\n<tbody>\n<tr style=\"height: 37px;\">\n<td style=\"height: 37px; width: 797px; text-align: center;\"><strong>4t de PRIM\u00c0RIA<\/strong><\/td>\n<\/tr>\n<\/tbody>\n<\/table>\n<p><span style=\"font-weight: 400;\">Hola nois i noies!\u00a0<\/span><\/p>\n<p><span style=\"font-weight: 400;\">Aquesta setmana ens toca ballar!! <\/span><span style=\"font-weight: 400;\">Practica el ball de \u201c<\/span><a href=\"https:\/\/youtu.be\/wjm6geLLs6s\"><span style=\"font-weight: 400;\">Yummy<\/span><\/a><span style=\"font-weight: 400;\">\u201d i grava un tros de <\/span><span style=\"font-weight: 400;\">v\u00eddeo<\/span><span style=\"font-weight: 400;\"> amb la part que m\u00e9s b\u00e9 et surti.<\/span><\/p>\n<p><span style=\"font-weight: 400;\">\u00a0Una abra\u00e7ada!!<\/span><\/p>\n<table style=\"background-color: #f5ef53; height: 31px; width: 801px;\">\n<tbody>\n<tr style=\"height: 31px;\">\n<td style=\"height: 31px; width: 795px; text-align: center;\"><strong>5\u00e8 i 6\u00e8 de PRIM\u00c0RIA<\/strong><\/td>\n<\/tr>\n<\/tbody>\n<\/table>\n<p><span style=\"font-weight: 400;\">Hola nois i noies!<\/span><\/p>\n<p><span style=\"font-weight: 400;\">Aquesta setmana m\u2019agradaria que, tot el cicle superior, possessiu en marxa la vostra imaginaci\u00f3.\u00a0<\/span><\/p>\n<p><span style=\"font-weight: 400;\">Es tracta de que, amb la base musical que teniu al classroom, creeu una lletra i us graveu la vostra veu. El tema del que haureu de parlar \u00e9s del confinament, de la vostra sortida al carrer, les sensacions que heu experimentat durant aquests dies a casa, en fi\u2026 <strong>una lletra relacionada amb els dies que estem vivint<\/strong>.<\/span><\/p>\n<p><span style=\"font-weight: 400;\">De segur que sorgeixen lletres fant\u00e0stiques.<\/span><\/p>\n<p><span style=\"font-weight: 400;\">Vinga posseu en marxa la vostra creativitat i \u00e0nims!!\u00a0<\/span><\/p>\n<p><span style=\"font-weight: 400;\">Recordeu que ho haureu de lliurar i entregar al classroom.<\/span><\/p>\n<p><span style=\"font-weight: 400;\">Una abra\u00e7ada!<\/span><\/p>\n","protected":false},"excerpt":{"rendered":"<p>Bon dia! Aqu\u00ed us deixem els diferents materials i feina que podeu anar fent durant aquests dies de confinament. M\u00e9s [&hellip;]<\/p>\n","protected":false},"author":1,"featured_media":2698,"comment_status":"closed","ping_status":"closed","sticky":false,"template":"","format":"standard","meta":{"_bbp_topic_count":0,"_bbp_reply_count":0,"_bbp_total_topic_count":0,"_bbp_total_reply_count":0,"_bbp_voice_count":0,"_bbp_anonymous_reply_count":0,"_bbp_topic_count_hidden":0,"_bbp_reply_count_hidden":0,"_bbp_forum_subforum_count":0,"site-sidebar-layout":"default","site-content-layout":"","ast-site-content-layout":"","site-content-style":"default","site-sidebar-style":"default","ast-global-header-display":"","ast-banner-title-visibility":"","ast-main-header-display":"","ast-hfb-above-header-display":"","ast-hfb-below-header-display":"","ast-hfb-mobile-header-display":"","site-post-title":"","ast-breadcrumbs-content":"","ast-featured-img":"","footer-sml-layout":"","theme-transparent-header-meta":"","adv-header-id-meta":"","stick-header-meta":"","header-above-stick-meta":"","header-main-stick-meta":"","header-below-stick-meta":"","astra-migrate-meta-layouts":"default","ast-page-background-enabled":"default","ast-page-background-meta":{"desktop":{"background-color":"var(--ast-global-color-4)","background-image":"","background-repeat":"repeat","background-position":"center center","background-size":"auto","background-attachment":"scroll","background-type":"","background-media":"","overlay-type":"","overlay-color":"","overlay-opacity":"","overlay-gradient":""},"tablet":{"background-color":"","background-image":"","background-repeat":"repeat","background-position":"center center","background-size":"auto","background-attachment":"scroll","background-type":"","background-media":"","overlay-type":"","overlay-color":"","overlay-opacity":"","overlay-gradient":""},"mobile":{"background-color":"","background-image":"","background-repeat":"repeat","background-position":"center center","background-size":"auto","background-attachment":"scroll","background-type":"","background-media":"","overlay-type":"","overlay-color":"","overlay-opacity":"","overlay-gradient":""}},"ast-content-background-meta":{"desktop":{"background-color":"var(--ast-global-color-5)","background-image":"","background-repeat":"repeat","background-position":"center center","background-size":"auto","background-attachment":"scroll","background-type":"","background-media":"","overlay-type":"","overlay-color":"","overlay-opacity":"","overlay-gradient":""},"tablet":{"background-color":"var(--ast-global-color-5)","background-image":"","background-repeat":"repeat","background-position":"center center","background-size":"auto","background-attachment":"scroll","background-type":"","background-media":"","overlay-type":"","overlay-color":"","overlay-opacity":"","overlay-gradient":""},"mobile":{"background-color":"var(--ast-global-color-5)","background-image":"","background-repeat":"repeat","background-position":"center center","background-size":"auto","background-attachment":"scroll","background-type":"","background-media":"","overlay-type":"","overlay-color":"","overlay-opacity":"","overlay-gradient":""}},"footnotes":""},"categories":[1],"tags":[],"class_list":["post-2682","post","type-post","status-publish","format-standard","has-post-thumbnail","hentry","category-general"],"post_mailing_queue_ids":[],"_links":{"self":[{"href":"https:\/\/agora.xtec.cat\/ceipestacio\/wp-json\/wp\/v2\/posts\/2682","targetHints":{"allow":["GET"]}}],"collection":[{"href":"https:\/\/agora.xtec.cat\/ceipestacio\/wp-json\/wp\/v2\/posts"}],"about":[{"href":"https:\/\/agora.xtec.cat\/ceipestacio\/wp-json\/wp\/v2\/types\/post"}],"author":[{"embeddable":true,"href":"https:\/\/agora.xtec.cat\/ceipestacio\/wp-json\/wp\/v2\/users\/1"}],"replies":[{"embeddable":true,"href":"https:\/\/agora.xtec.cat\/ceipestacio\/wp-json\/wp\/v2\/comments?post=2682"}],"version-history":[{"count":3,"href":"https:\/\/agora.xtec.cat\/ceipestacio\/wp-json\/wp\/v2\/posts\/2682\/revisions"}],"predecessor-version":[{"id":2699,"href":"https:\/\/agora.xtec.cat\/ceipestacio\/wp-json\/wp\/v2\/posts\/2682\/revisions\/2699"}],"wp:featuredmedia":[{"embeddable":true,"href":"https:\/\/agora.xtec.cat\/ceipestacio\/wp-json\/wp\/v2\/media\/2698"}],"wp:attachment":[{"href":"https:\/\/agora.xtec.cat\/ceipestacio\/wp-json\/wp\/v2\/media?parent=2682"}],"wp:term":[{"taxonomy":"category","embeddable":true,"href":"https:\/\/agora.xtec.cat\/ceipestacio\/wp-json\/wp\/v2\/categories?post=2682"},{"taxonomy":"post_tag","embeddable":true,"href":"https:\/\/agora.xtec.cat\/ceipestacio\/wp-json\/wp\/v2\/tags?post=2682"}],"curies":[{"name":"wp","href":"https:\/\/api.w.org\/{rel}","templated":true}]}}