{"id":2645,"date":"2020-04-20T11:27:44","date_gmt":"2020-04-20T09:27:44","guid":{"rendered":"http:\/\/agora.xtec.cat\/ceipestacio\/?p=2645"},"modified":"2020-04-20T12:35:43","modified_gmt":"2020-04-20T10:35:43","slug":"setmana-del-20-al-26-dabril","status":"publish","type":"post","link":"https:\/\/agora.xtec.cat\/ceipestacio\/infantil\/setmana-del-20-al-26-dabril\/","title":{"rendered":"SETMANA DEL 20 AL 26 D\u2019ABRIL"},"content":{"rendered":"<p><strong>HOLA ESTRELLES DE MAR I TAURONS!<\/strong><\/p>\n<p><strong>\u00a0<\/strong><strong>AQUESTA SETMANA \u00c9S LA DIADA DE SANT JORDI, US PROPOSEM AQUESTES ACTIVITATS PERQU\u00c8 HO POGUEM CELEBRAR.<\/strong><\/p>\n<p><strong>\u00a0<\/strong><strong>QUE US DIVERTIU MOLT!!!<\/strong><\/p>\n<p><strong>AH!!! EL 25 D\u2019ABRIL \u00c9S L\u2019ANIVERSARI DE L\u2019ARAN. <u>PER MOLTS ANYS<\/u>!!!<\/strong><\/p>\n<p>&nbsp;<\/p>\n<p><strong>\u00a0 \u00a0 \u00a0 \u00a0 \u00a0 \u00a0 \u00a0 \u00a0 \u00a0 \u00a0 6 ANYS!!!\u00a0 \u00a0 \u00a0 \u00a0 \u00a0 \u00a0 \u00a0 <a href=\"https:\/\/agora.xtec.cat\/ceipestacio\/wp-content\/uploads\/usu1918\/2020\/04\/PAST\u00cdS2.jpg\"><img loading=\"lazy\" decoding=\"async\" class=\"alignnone size-thumbnail wp-image-2646\" src=\"https:\/\/agora.xtec.cat\/ceipestacio\/wp-content\/uploads\/usu1918\/2020\/04\/PAST\u00cdS2-150x150.jpg\" alt=\"\" width=\"150\" height=\"150\" \/><\/a><\/strong><\/p>\n<p><strong>ANNA I L\u00cdDIA<\/strong><\/p>\n<p><strong>LLEGIM I ESCRIVIM!!!\u00a0 \u00a0 \u00a0 \u00a0 \u00a0 <a href=\"https:\/\/agora.xtec.cat\/ceipestacio\/wp-content\/uploads\/usu1918\/2020\/04\/LLAPIS-I-PAPER.jpg\"><img loading=\"lazy\" decoding=\"async\" class=\"alignnone size-thumbnail wp-image-2490\" src=\"https:\/\/agora.xtec.cat\/ceipestacio\/wp-content\/uploads\/usu1918\/2020\/04\/LLAPIS-I-PAPER-150x150.jpg\" alt=\"\" width=\"150\" height=\"150\" \/><\/a><\/strong><\/p>\n<p>Aqu\u00ed trobareu un JCLIC amb la LLEGENDA DE SANT JORDI i activitats relacionades per fer.<\/p>\n<p><a href=\"https:\/\/clic.xtec.cat\/projects\/stjordi\/jclic.js\/index.html\">https:\/\/clic.xtec.cat\/projects\/stjordi\/jclic.js\/index.html<\/a><\/p>\n<p><strong>JUGUEM!!!\u00a0 \u00a0 \u00a0 \u00a0 \u00a0 \u00a0 \u00a0 \u00a0 <a href=\"https:\/\/agora.xtec.cat\/ceipestacio\/wp-content\/uploads\/usu1918\/2020\/04\/JUGUEM.jpg\"><img loading=\"lazy\" decoding=\"async\" class=\"alignnone size-thumbnail wp-image-2545\" src=\"https:\/\/agora.xtec.cat\/ceipestacio\/wp-content\/uploads\/usu1918\/2020\/04\/JUGUEM-150x150.jpg\" alt=\"\" width=\"150\" height=\"150\" \/><\/a> \u00a0 \u00a0<\/strong><\/p>\n<p>Us proposem ser una PRINCESA\u00a0 i un CAVALLER. Mireu b\u00e9 la l\u00e0mina per seguir el joc.<\/p>\n<p><a href=\"https:\/\/agora.xtec.cat\/ceipestacio\/wp-content\/uploads\/usu1918\/2020\/04\/IOGA-princesa-i-cavaller.jpg\"><img loading=\"lazy\" decoding=\"async\" class=\"size-medium wp-image-2647 alignleft\" src=\"https:\/\/agora.xtec.cat\/ceipestacio\/wp-content\/uploads\/usu1918\/2020\/04\/IOGA-princesa-i-cavaller-300x218.jpg\" alt=\"\" width=\"300\" height=\"218\" srcset=\"https:\/\/agora.xtec.cat\/ceipestacio\/wp-content\/uploads\/usu1918\/2020\/04\/IOGA-princesa-i-cavaller-300x218.jpg 300w, https:\/\/agora.xtec.cat\/ceipestacio\/wp-content\/uploads\/usu1918\/2020\/04\/IOGA-princesa-i-cavaller-768x558.jpg 768w, https:\/\/agora.xtec.cat\/ceipestacio\/wp-content\/uploads\/usu1918\/2020\/04\/IOGA-princesa-i-cavaller-1024x745.jpg 1024w\" sizes=\"auto, (max-width: 300px) 100vw, 300px\" \/><\/a><\/p>\n<p>&nbsp;<\/p>\n<p>&nbsp;<\/p>\n<p>&nbsp;<\/p>\n<p>&nbsp;<\/p>\n<p>&nbsp;<\/p>\n<p>&nbsp;<\/p>\n<p><strong>FEM M\u00daSICA!!!\u00a0 \u00a0 \u00a0 \u00a0 \u00a0 <a href=\"https:\/\/agora.xtec.cat\/ceipestacio\/wp-content\/uploads\/usu1918\/2020\/03\/m\u00fasica.jpg\"><img loading=\"lazy\" decoding=\"async\" class=\"alignnone size-thumbnail wp-image-2321\" src=\"https:\/\/agora.xtec.cat\/ceipestacio\/wp-content\/uploads\/usu1918\/2020\/03\/m\u00fasica-150x150.jpg\" alt=\"\" width=\"150\" height=\"150\" \/><\/a> \u00a0\u00a0<\/strong><\/p>\n<p>Aqu\u00ed trobareu can\u00e7ons de Sant Jordi per cantar i ballar.<\/p>\n<p><strong>UN DRAC FEROTGE (Jordi Tonietti)<\/strong><\/p>\n<p><iframe loading=\"lazy\" src=\"https:\/\/www.youtube.com\/embed\/Ri9sypwj4h4\" width=\"560\" height=\"315\" frameborder=\"0\"><\/iframe><\/p>\n<p><strong>SANT JORDI <\/strong><strong>(can\u00e7ons populars, versi\u00f3 Dam\u00e0ris Gelabert)<\/strong><\/p>\n<p><iframe loading=\"lazy\" src=\"https:\/\/www.youtube.com\/embed\/-4wkoJ_ekBE\" width=\"560\" height=\"315\" frameborder=\"0\"><\/iframe><\/p>\n<p><strong>EL CONTE!!!\u00a0\u00a0\u00a0\u00a0 <a href=\"https:\/\/agora.xtec.cat\/ceipestacio\/wp-content\/uploads\/usu1918\/2020\/04\/CONTE.jpg\"><img loading=\"lazy\" decoding=\"async\" class=\"alignnone size-thumbnail wp-image-2649\" src=\"https:\/\/agora.xtec.cat\/ceipestacio\/wp-content\/uploads\/usu1918\/2020\/04\/CONTE-150x150.jpg\" alt=\"\" width=\"150\" height=\"150\" \/><\/a> <\/strong><\/p>\n<p>Per Sant Jordi no hi pot faltar un conte!<\/p>\n<p>US REGALEM\u00a0EL CONTE DE\u00a0&#8220;LA GIRAFA FARI PERD LES TAQUES&#8221;\u00a0 d&#8217;una m\u00e0 de contes.<\/p>\n<p><iframe loading=\"lazy\" src=\"https:\/\/www.youtube.com\/embed\/L0fJB-eehEk\" width=\"560\" height=\"315\" frameborder=\"0\"><\/iframe><\/p>\n<p><strong>FEM PL\u00c0STICA!!!\u00a0 <\/strong><a href=\"https:\/\/agora.xtec.cat\/ceipestacio\/wp-content\/uploads\/usu1918\/2020\/03\/pl\u00e0stica.png\"><img loading=\"lazy\" decoding=\"async\" class=\"alignnone size-thumbnail wp-image-2327\" src=\"https:\/\/agora.xtec.cat\/ceipestacio\/wp-content\/uploads\/usu1918\/2020\/03\/pl\u00e0stica-150x150.png\" alt=\"\" width=\"150\" height=\"150\" \/><\/a><\/p>\n<p>&nbsp;<\/p>\n<p><a href=\"https:\/\/agora.xtec.cat\/ceipestacio\/wp-content\/uploads\/usu1918\/2020\/04\/Rosa-1.png\"><img loading=\"lazy\" decoding=\"async\" class=\"alignnone wp-image-2650 size-medium\" src=\"https:\/\/agora.xtec.cat\/ceipestacio\/wp-content\/uploads\/usu1918\/2020\/04\/Rosa-1-212x300.png\" alt=\"\" width=\"212\" height=\"300\" srcset=\"https:\/\/agora.xtec.cat\/ceipestacio\/wp-content\/uploads\/usu1918\/2020\/04\/Rosa-1-212x300.png 212w, https:\/\/agora.xtec.cat\/ceipestacio\/wp-content\/uploads\/usu1918\/2020\/04\/Rosa-1.png 267w\" sizes=\"auto, (max-width: 212px) 100vw, 212px\" \/><\/a> \u00a0\u00a0 \u00a0\u00a0 <a href=\"https:\/\/agora.xtec.cat\/ceipestacio\/wp-content\/uploads\/usu1918\/2020\/04\/DRAC.jpg\"><img loading=\"lazy\" decoding=\"async\" class=\"alignnone wp-image-2651 size-medium\" src=\"https:\/\/agora.xtec.cat\/ceipestacio\/wp-content\/uploads\/usu1918\/2020\/04\/DRAC-300x225.jpg\" alt=\"\" width=\"300\" height=\"225\" srcset=\"https:\/\/agora.xtec.cat\/ceipestacio\/wp-content\/uploads\/usu1918\/2020\/04\/DRAC-300x225.jpg 300w, https:\/\/agora.xtec.cat\/ceipestacio\/wp-content\/uploads\/usu1918\/2020\/04\/DRAC-200x150.jpg 200w, https:\/\/agora.xtec.cat\/ceipestacio\/wp-content\/uploads\/usu1918\/2020\/04\/DRAC.jpg 549w\" sizes=\"auto, (max-width: 300px) 100vw, 300px\" \/><\/a><\/p>\n<p>Aqu\u00ed teniu dues idees per fer aquesta setmana: uns DRACS fets amb agulles d\u2019estendre roba i una ROSA feta de paper.<\/p>\n<p><strong>I PER SI VOLEU FER M\u00c9S ACTIVITATS&#8230;\u00a0<\/strong><\/p>\n<p>mireu que ens proposen\u2026 us animeu?<\/p>\n<p>Encara queden dies, per\u00f2 quasi amb total seguretat que aquest any no podrem celebrar Sant Jordi com ho fem cada any, omplint els carrers de Catalunya de parades de llibres i roses, a causa del confinament que estem patint pel Coronavirus. Fa pocs dies el gremi dels llibreters ja van anunciar que ajornaven la celebraci\u00f3.<\/p>\n<p>Per\u00f2 aix\u00f2 no vol dir que ens quedem parats, des del confinament podem fer moltes coses i una d\u2019elles \u00e9s guarnir els nostres balcons, terrasses o finestrals amb la senyera i motius de Sant Jordi com roses, llibres, dibuixos dels nostres nens i nenes, etc.<\/p>\n<p>Us proposem un repte, quan acabeu de guarnir el vostre balc\u00f3, feu una fotografia i pugeu-la a les xarxes socials amb l\u2019etiqueta #BalcoSantJordi. Aquest any Catalunya no s\u2019ha de quedar sense la celebraci\u00f3 de la festa m\u00e9s important de l\u2019any, per culpa d\u2019aquest male\u00eft virus, la del nostre Patr\u00f3 Sant Jordi.<\/p>\n<p>No baixeu al carrer expressament a fer la foto, aprofiteu quan aneu a comprar o que us la faci el ve\u00ed del davant, recordeu que si tots ens quedem a casa, abans ens en sortirem.<\/p>\n<p><a href=\"https:\/\/agora.xtec.cat\/ceipestacio\/wp-content\/uploads\/usu1918\/2020\/04\/DIADA-DE-SANT-JORDI.png\"><img loading=\"lazy\" decoding=\"async\" class=\"alignnone wp-image-2652 size-medium\" src=\"https:\/\/agora.xtec.cat\/ceipestacio\/wp-content\/uploads\/usu1918\/2020\/04\/DIADA-DE-SANT-JORDI-300x199.png\" alt=\"\" width=\"300\" height=\"199\" srcset=\"https:\/\/agora.xtec.cat\/ceipestacio\/wp-content\/uploads\/usu1918\/2020\/04\/DIADA-DE-SANT-JORDI-300x199.png 300w, https:\/\/agora.xtec.cat\/ceipestacio\/wp-content\/uploads\/usu1918\/2020\/04\/DIADA-DE-SANT-JORDI-768x510.png 768w, https:\/\/agora.xtec.cat\/ceipestacio\/wp-content\/uploads\/usu1918\/2020\/04\/DIADA-DE-SANT-JORDI.png 826w\" sizes=\"auto, (max-width: 300px) 100vw, 300px\" \/><\/a><\/p>\n<p>&nbsp;<\/p>\n<p style=\"text-align: center;\"><b>ENGLISH<\/b><\/p>\n<p><span style=\"font-weight: 400;\">HELLO ! HOW ARE YOU? I\u2019M FRANCESC<\/span><\/p>\n<p style=\"text-align: center;\"><b>THE LEGEND OF SAINT GEORGE AND THE DRAGON<\/b><\/p>\n<p>CLICA LA IMATGE PER ACCEDIR A P\u00c0GINA WEB.<\/p>\n<p><a href=\"https:\/\/es.liveworksheets.com\/hp207887sj\"><img loading=\"lazy\" decoding=\"async\" class=\" wp-image-2658 aligncenter\" src=\"https:\/\/agora.xtec.cat\/ceipestacio\/wp-content\/uploads\/usu1918\/2020\/04\/THE-LEGEND-OF-SAINT-GEORGE-848x1024.jpg\" alt=\"\" width=\"492\" height=\"594\" srcset=\"https:\/\/agora.xtec.cat\/ceipestacio\/wp-content\/uploads\/usu1918\/2020\/04\/THE-LEGEND-OF-SAINT-GEORGE-848x1024.jpg 848w, https:\/\/agora.xtec.cat\/ceipestacio\/wp-content\/uploads\/usu1918\/2020\/04\/THE-LEGEND-OF-SAINT-GEORGE-249x300.jpg 249w, https:\/\/agora.xtec.cat\/ceipestacio\/wp-content\/uploads\/usu1918\/2020\/04\/THE-LEGEND-OF-SAINT-GEORGE-768x927.jpg 768w, https:\/\/agora.xtec.cat\/ceipestacio\/wp-content\/uploads\/usu1918\/2020\/04\/THE-LEGEND-OF-SAINT-GEORGE.jpg 1160w\" sizes=\"auto, (max-width: 492px) 100vw, 492px\" \/><\/a><\/p>\n<p><iframe loading=\"lazy\" src=\"https:\/\/www.youtube.com\/embed\/9UFSW6jBN9s\" width=\"560\" height=\"315\" frameborder=\"0\"><\/iframe><\/p>\n<p><iframe loading=\"lazy\" src=\"https:\/\/www.youtube.com\/embed\/3YuVzOK89EA\" width=\"560\" height=\"315\" frameborder=\"0\"><\/iframe><\/p>\n<p>AND NOW CAN YOU DRAW A PICTURE OF SANT GEORGE LEGEND?<\/p>\n<p>HAVE A NICE WEEK ! MISS YOU A LOT !!<\/p>\n","protected":false},"excerpt":{"rendered":"<p>HOLA ESTRELLES DE MAR I TAURONS! \u00a0AQUESTA SETMANA \u00c9S LA DIADA DE SANT JORDI, US PROPOSEM AQUESTES ACTIVITATS PERQU\u00c8 HO [&hellip;]<\/p>\n","protected":false},"author":18,"featured_media":0,"comment_status":"closed","ping_status":"closed","sticky":false,"template":"","format":"standard","meta":{"_bbp_topic_count":0,"_bbp_reply_count":0,"_bbp_total_topic_count":0,"_bbp_total_reply_count":0,"_bbp_voice_count":0,"_bbp_anonymous_reply_count":0,"_bbp_topic_count_hidden":0,"_bbp_reply_count_hidden":0,"_bbp_forum_subforum_count":0,"site-sidebar-layout":"default","site-content-layout":"","ast-site-content-layout":"","site-content-style":"default","site-sidebar-style":"default","ast-global-header-display":"","ast-banner-title-visibility":"","ast-main-header-display":"","ast-hfb-above-header-display":"","ast-hfb-below-header-display":"","ast-hfb-mobile-header-display":"","site-post-title":"","ast-breadcrumbs-content":"","ast-featured-img":"","footer-sml-layout":"","theme-transparent-header-meta":"","adv-header-id-meta":"","stick-header-meta":"","header-above-stick-meta":"","header-main-stick-meta":"","header-below-stick-meta":"","astra-migrate-meta-layouts":"default","ast-page-background-enabled":"default","ast-page-background-meta":{"desktop":{"background-color":"var(--ast-global-color-4)","background-image":"","background-repeat":"repeat","background-position":"center center","background-size":"auto","background-attachment":"scroll","background-type":"","background-media":"","overlay-type":"","overlay-color":"","overlay-opacity":"","overlay-gradient":""},"tablet":{"background-color":"","background-image":"","background-repeat":"repeat","background-position":"center center","background-size":"auto","background-attachment":"scroll","background-type":"","background-media":"","overlay-type":"","overlay-color":"","overlay-opacity":"","overlay-gradient":""},"mobile":{"background-color":"","background-image":"","background-repeat":"repeat","background-position":"center center","background-size":"auto","background-attachment":"scroll","background-type":"","background-media":"","overlay-type":"","overlay-color":"","overlay-opacity":"","overlay-gradient":""}},"ast-content-background-meta":{"desktop":{"background-color":"var(--ast-global-color-5)","background-image":"","background-repeat":"repeat","background-position":"center center","background-size":"auto","background-attachment":"scroll","background-type":"","background-media":"","overlay-type":"","overlay-color":"","overlay-opacity":"","overlay-gradient":""},"tablet":{"background-color":"var(--ast-global-color-5)","background-image":"","background-repeat":"repeat","background-position":"center center","background-size":"auto","background-attachment":"scroll","background-type":"","background-media":"","overlay-type":"","overlay-color":"","overlay-opacity":"","overlay-gradient":""},"mobile":{"background-color":"var(--ast-global-color-5)","background-image":"","background-repeat":"repeat","background-position":"center center","background-size":"auto","background-attachment":"scroll","background-type":"","background-media":"","overlay-type":"","overlay-color":"","overlay-opacity":"","overlay-gradient":""}},"footnotes":""},"categories":[9,2,74],"tags":[],"class_list":["post-2645","post","type-post","status-publish","format-standard","hentry","category-i5","category-infantil","category-promocio-17-26"],"post_mailing_queue_ids":[],"_links":{"self":[{"href":"https:\/\/agora.xtec.cat\/ceipestacio\/wp-json\/wp\/v2\/posts\/2645","targetHints":{"allow":["GET"]}}],"collection":[{"href":"https:\/\/agora.xtec.cat\/ceipestacio\/wp-json\/wp\/v2\/posts"}],"about":[{"href":"https:\/\/agora.xtec.cat\/ceipestacio\/wp-json\/wp\/v2\/types\/post"}],"author":[{"embeddable":true,"href":"https:\/\/agora.xtec.cat\/ceipestacio\/wp-json\/wp\/v2\/users\/18"}],"replies":[{"embeddable":true,"href":"https:\/\/agora.xtec.cat\/ceipestacio\/wp-json\/wp\/v2\/comments?post=2645"}],"version-history":[{"count":3,"href":"https:\/\/agora.xtec.cat\/ceipestacio\/wp-json\/wp\/v2\/posts\/2645\/revisions"}],"predecessor-version":[{"id":2660,"href":"https:\/\/agora.xtec.cat\/ceipestacio\/wp-json\/wp\/v2\/posts\/2645\/revisions\/2660"}],"wp:attachment":[{"href":"https:\/\/agora.xtec.cat\/ceipestacio\/wp-json\/wp\/v2\/media?parent=2645"}],"wp:term":[{"taxonomy":"category","embeddable":true,"href":"https:\/\/agora.xtec.cat\/ceipestacio\/wp-json\/wp\/v2\/categories?post=2645"},{"taxonomy":"post_tag","embeddable":true,"href":"https:\/\/agora.xtec.cat\/ceipestacio\/wp-json\/wp\/v2\/tags?post=2645"}],"curies":[{"name":"wp","href":"https:\/\/api.w.org\/{rel}","templated":true}]}}