{"id":2196,"date":"2020-02-10T19:55:32","date_gmt":"2020-02-10T18:55:32","guid":{"rendered":"http:\/\/agora.xtec.cat\/ceipestacio\/?p=2196"},"modified":"2020-03-16T23:30:45","modified_gmt":"2020-03-16T22:30:45","slug":"la-sardana","status":"publish","type":"post","link":"https:\/\/agora.xtec.cat\/ceipestacio\/infantil\/i4\/la-sardana\/","title":{"rendered":"La Sardana"},"content":{"rendered":"<p>Aquest any 2020 Sant Feliu de Gu\u00edxols \u00e9s la Capital de la Sardana per aix\u00f2 a l&#8217;escola hem fet diferents activitats.<\/p>\n<p>Primer des dels Tallers d&#8217;hist\u00f2ria de la ciutat ens van venir a explicar el conte d&#8217;en &#8220;Juli Garreta i el drac Dalmaci&#8221; basat en una hist\u00f2ria de Josep Almar. La hist\u00f2ria explica com el drac es troba amb Juli Garreta mentre busca inspiraci\u00f3 per compondre la sardana &#8220;Nydia&#8221; que s&#8217;ha d&#8217;estrenar l&#8217;any 1912 per la Festa Major.<\/p>\n<p>Hem fet una ruta per Sant Feliu a veure diferents espais relacionats amb Juli Garreta. El monument a la Sardana i el bust d&#8217;en Garreta que hi ha als Jardins Juli Garreta, la casa a la Rambla on va viure Juli Garreta, l&#8217;avinguda Juli Garreta que va del Monestir a la platja i les notes de la sardana &#8220;Juny&#8221; que sonen al rellotge de l&#8217;ajuntament a les 12 del migdia.<\/p>\n<p>Hem estudiat els instruments de la cobla, com es balla la sardana, com vesteixen els sardanistes i fem reprodu\u00eft un quadre d&#8217;Antoni T\u00e0pies de la sardana amb les nostres petjades.<\/p>\n<p><a href=\"https:\/\/photos.app.goo.gl\/iyXQpzDTgc8muBwK8\"><img loading=\"lazy\" decoding=\"async\" class=\" wp-image-2197 aligncenter\" src=\"https:\/\/agora.xtec.cat\/ceipestacio\/wp-content\/uploads\/usu1918\/2020\/03\/3b60e115-104b-4f4d-bdc2-275bc21e7c1f-300x225.jpg\" alt=\"\" width=\"344\" height=\"258\" srcset=\"https:\/\/agora.xtec.cat\/ceipestacio\/wp-content\/uploads\/usu1918\/2020\/03\/3b60e115-104b-4f4d-bdc2-275bc21e7c1f-300x225.jpg 300w, https:\/\/agora.xtec.cat\/ceipestacio\/wp-content\/uploads\/usu1918\/2020\/03\/3b60e115-104b-4f4d-bdc2-275bc21e7c1f-768x576.jpg 768w, https:\/\/agora.xtec.cat\/ceipestacio\/wp-content\/uploads\/usu1918\/2020\/03\/3b60e115-104b-4f4d-bdc2-275bc21e7c1f-1024x768.jpg 1024w, https:\/\/agora.xtec.cat\/ceipestacio\/wp-content\/uploads\/usu1918\/2020\/03\/3b60e115-104b-4f4d-bdc2-275bc21e7c1f-200x150.jpg 200w, https:\/\/agora.xtec.cat\/ceipestacio\/wp-content\/uploads\/usu1918\/2020\/03\/3b60e115-104b-4f4d-bdc2-275bc21e7c1f.jpg 1600w\" sizes=\"auto, (max-width: 344px) 100vw, 344px\" \/><\/a><\/p>\n","protected":false},"excerpt":{"rendered":"<p>Aquest any 2020 Sant Feliu de Gu\u00edxols \u00e9s la Capital de la Sardana per aix\u00f2 a l&#8217;escola hem fet diferents [&hellip;]<\/p>\n","protected":false},"author":4,"featured_media":2197,"comment_status":"open","ping_status":"closed","sticky":false,"template":"","format":"standard","meta":{"_bbp_topic_count":0,"_bbp_reply_count":0,"_bbp_total_topic_count":0,"_bbp_total_reply_count":0,"_bbp_voice_count":0,"_bbp_anonymous_reply_count":0,"_bbp_topic_count_hidden":0,"_bbp_reply_count_hidden":0,"_bbp_forum_subforum_count":0,"site-sidebar-layout":"default","site-content-layout":"","ast-site-content-layout":"","site-content-style":"default","site-sidebar-style":"default","ast-global-header-display":"","ast-banner-title-visibility":"","ast-main-header-display":"","ast-hfb-above-header-display":"","ast-hfb-below-header-display":"","ast-hfb-mobile-header-display":"","site-post-title":"","ast-breadcrumbs-content":"","ast-featured-img":"","footer-sml-layout":"","theme-transparent-header-meta":"","adv-header-id-meta":"","stick-header-meta":"","header-above-stick-meta":"","header-main-stick-meta":"","header-below-stick-meta":"","astra-migrate-meta-layouts":"default","ast-page-background-enabled":"default","ast-page-background-meta":{"desktop":{"background-color":"var(--ast-global-color-4)","background-image":"","background-repeat":"repeat","background-position":"center center","background-size":"auto","background-attachment":"scroll","background-type":"","background-media":"","overlay-type":"","overlay-color":"","overlay-opacity":"","overlay-gradient":""},"tablet":{"background-color":"","background-image":"","background-repeat":"repeat","background-position":"center center","background-size":"auto","background-attachment":"scroll","background-type":"","background-media":"","overlay-type":"","overlay-color":"","overlay-opacity":"","overlay-gradient":""},"mobile":{"background-color":"","background-image":"","background-repeat":"repeat","background-position":"center center","background-size":"auto","background-attachment":"scroll","background-type":"","background-media":"","overlay-type":"","overlay-color":"","overlay-opacity":"","overlay-gradient":""}},"ast-content-background-meta":{"desktop":{"background-color":"var(--ast-global-color-5)","background-image":"","background-repeat":"repeat","background-position":"center center","background-size":"auto","background-attachment":"scroll","background-type":"","background-media":"","overlay-type":"","overlay-color":"","overlay-opacity":"","overlay-gradient":""},"tablet":{"background-color":"var(--ast-global-color-5)","background-image":"","background-repeat":"repeat","background-position":"center center","background-size":"auto","background-attachment":"scroll","background-type":"","background-media":"","overlay-type":"","overlay-color":"","overlay-opacity":"","overlay-gradient":""},"mobile":{"background-color":"var(--ast-global-color-5)","background-image":"","background-repeat":"repeat","background-position":"center center","background-size":"auto","background-attachment":"scroll","background-type":"","background-media":"","overlay-type":"","overlay-color":"","overlay-opacity":"","overlay-gradient":""}},"footnotes":""},"categories":[8,72],"tags":[],"class_list":["post-2196","post","type-post","status-publish","format-standard","has-post-thumbnail","hentry","category-i4","category-promocio-18-27"],"post_mailing_queue_ids":[],"_links":{"self":[{"href":"https:\/\/agora.xtec.cat\/ceipestacio\/wp-json\/wp\/v2\/posts\/2196","targetHints":{"allow":["GET"]}}],"collection":[{"href":"https:\/\/agora.xtec.cat\/ceipestacio\/wp-json\/wp\/v2\/posts"}],"about":[{"href":"https:\/\/agora.xtec.cat\/ceipestacio\/wp-json\/wp\/v2\/types\/post"}],"author":[{"embeddable":true,"href":"https:\/\/agora.xtec.cat\/ceipestacio\/wp-json\/wp\/v2\/users\/4"}],"replies":[{"embeddable":true,"href":"https:\/\/agora.xtec.cat\/ceipestacio\/wp-json\/wp\/v2\/comments?post=2196"}],"version-history":[{"count":2,"href":"https:\/\/agora.xtec.cat\/ceipestacio\/wp-json\/wp\/v2\/posts\/2196\/revisions"}],"predecessor-version":[{"id":2199,"href":"https:\/\/agora.xtec.cat\/ceipestacio\/wp-json\/wp\/v2\/posts\/2196\/revisions\/2199"}],"wp:featuredmedia":[{"embeddable":true,"href":"https:\/\/agora.xtec.cat\/ceipestacio\/wp-json\/wp\/v2\/media\/2197"}],"wp:attachment":[{"href":"https:\/\/agora.xtec.cat\/ceipestacio\/wp-json\/wp\/v2\/media?parent=2196"}],"wp:term":[{"taxonomy":"category","embeddable":true,"href":"https:\/\/agora.xtec.cat\/ceipestacio\/wp-json\/wp\/v2\/categories?post=2196"},{"taxonomy":"post_tag","embeddable":true,"href":"https:\/\/agora.xtec.cat\/ceipestacio\/wp-json\/wp\/v2\/tags?post=2196"}],"curies":[{"name":"wp","href":"https:\/\/api.w.org\/{rel}","templated":true}]}}