{"id":2130,"date":"2020-03-03T21:19:54","date_gmt":"2020-03-03T20:19:54","guid":{"rendered":"http:\/\/agora.xtec.cat\/ceipestacio\/?p=2130"},"modified":"2020-03-16T15:00:19","modified_gmt":"2020-03-16T14:00:19","slug":"activitats-del-mes-de-gener","status":"publish","type":"post","link":"https:\/\/agora.xtec.cat\/ceipestacio\/infantil\/activitats-del-mes-de-gener\/","title":{"rendered":"Activitats del mes de GENER"},"content":{"rendered":"<p><span style=\"text-decoration: underline;\"><span style=\"font-weight: 400;\">DIVENDRES 17 DE GENER DE 2020<\/span><\/span><\/p>\n<p><b><i>Hem comen\u00e7at a fer sortides fora de l\u2019escola!!!!<\/i><\/b><\/p>\n<p><span style=\"font-weight: 400;\">Aquesta tarda hem comen\u00e7at les sortides pel barri. Ens agafem les mans per parelles i poc a poc caminem fins als gronxadors.<\/span><\/p>\n<p><span style=\"font-weight: 400;\">Ha estat molt emocionant. Ja estavem preparats i ho hem fet molt b\u00e9!!!!<\/span><\/p>\n<p>&nbsp;<\/p>\n<p><span style=\"text-decoration: underline;\"><span style=\"font-weight: 400;\">DIVENDRES 24 DE GENER DE 2020<\/span><\/span><\/p>\n<p><b><i>Continuem amb els contes tradicionals<\/i><\/b><\/p>\n<p><span style=\"font-weight: 400;\">Aprofitant que hem anat a la biblioteca de l\u2019escola, hem explicat un dels contes tradicionals previstos per aquest trimestre: <\/span><i><span style=\"font-weight: 400;\">LA CAPUTXETA VERMELLA, <\/span><\/i><span style=\"font-weight: 400;\">i el dimarts 28, com tots els dimarts, l\u2019hem representat, hem fet titelles i l\u2019hem treballat de manera gr\u00e0fica i audiovisual, en petit grup.<\/span><\/p>\n<p>&nbsp;<\/p>\n<p><span style=\"text-decoration: underline;\"><span style=\"font-weight: 400;\">DIJOUS 30 DE GENER DE 2020<\/span><\/span><\/p>\n<p><b><i>Dia de la pau i la no viol\u00e8ncia escolar<\/i><\/b><\/p>\n<p><span style=\"font-weight: 400;\">Avui \u00e9s el dia de la NO VIOL\u00c8NCIA\u00a0 celebrant la mort de Mahatma Gandhi, el gran home de la PAU. Aquest any hem treballat el projecte <\/span><b><i>Junts som invencibles <\/i><\/b><span style=\"font-weight: 400;\">des de la can\u00e7\u00f3 del mateix nom, en que hem hagut de trobar un repte per portar a terme amb les companyes i companys de classe. A P3A hem decidit: \u201cCOMPARTIR LES JOGUINES\u201d i a P3B hem pensat: \u201cTENIR MOLTS AMICS!!!\u201d. Tots tenim for\u00e7a i som m\u00e9s valents quan fem alguna cosa junts. Al la pista de l\u2019escola, despr\u00e9s dels parlaments i d\u2019una visualitzaci\u00f3 hem ballat, totes les nenes i nens de l\u2019escola amb els mestres aquesta can\u00e7\u00f3 tan emocionant!!!!<\/span><\/p>\n<p>&nbsp;<\/p>\n<p><span style=\"text-decoration: underline;\"><span style=\"font-weight: 400;\">DIVENDRES 31 DE GENER DE 2020<\/span><\/span><\/p>\n<p><b><i>Descobrim el Parc de les Eres amb les companyes i companys de l\u2019escola<\/i><\/b><\/p>\n<p><span style=\"font-weight: 400;\">Xino xano hem anat caminant fins al Parc de les Eres on hem estat jugant , baixant pels tobogans, gronxant-nos en els gronxadors, explorant raconets, que divertit! I a m\u00e9s el dia ens va acompanyar i ens v\u00e0rem poder moure sense els abrics<\/span><\/p>\n<p>&nbsp;<\/p>\n<p><span style=\"font-weight: 400;\"><span style=\"text-decoration: underline;\">GENER\u00a0<\/span><\/span><\/p>\n<p><b><i>L\u2019hivern<\/i><\/b><\/p>\n<p><span style=\"font-weight: 400;\">Aprofitem que estem a ple hivern per comen\u00e7ar a fer el projecte de segon Trimestre. La m\u00fasica de Vivaldi ens ha agradat molt i sortir al pati a observar els arbres que quasi tots estan sense fulles encara m\u00e9s, ah! i tamb\u00e9 hem vist el cel de l\u2019hivern que \u00e9s blau, gris i una mica rosat.<\/span><\/p>\n<p>&nbsp;<\/p>\n<p>Aqu\u00ed teniu l&#8217;enlla\u00e7 amb totes les fotografies:<\/p>\n<p><a href=\"https:\/\/photos.app.goo.gl\/Dz3zRp3Uj4E36ei4A\" target=\"_blank\" rel=\"noopener noreferrer\"><img loading=\"lazy\" decoding=\"async\" class=\"wp-image-2133 aligncenter\" src=\"https:\/\/agora.xtec.cat\/ceipestacio\/wp-content\/uploads\/usu1918\/2020\/03\/Hivern-16-1024x768.jpg\" alt=\"\" width=\"321\" height=\"241\" srcset=\"https:\/\/agora.xtec.cat\/ceipestacio\/wp-content\/uploads\/usu1918\/2020\/03\/Hivern-16-1024x768.jpg 1024w, https:\/\/agora.xtec.cat\/ceipestacio\/wp-content\/uploads\/usu1918\/2020\/03\/Hivern-16-300x225.jpg 300w, https:\/\/agora.xtec.cat\/ceipestacio\/wp-content\/uploads\/usu1918\/2020\/03\/Hivern-16-768x576.jpg 768w, https:\/\/agora.xtec.cat\/ceipestacio\/wp-content\/uploads\/usu1918\/2020\/03\/Hivern-16-200x150.jpg 200w\" sizes=\"auto, (max-width: 321px) 100vw, 321px\" \/><\/a><\/p>\n","protected":false},"excerpt":{"rendered":"<p>DIVENDRES 17 DE GENER DE 2020 Hem comen\u00e7at a fer sortides fora de l\u2019escola!!!! Aquesta tarda hem comen\u00e7at les sortides [&hellip;]<\/p>\n","protected":false},"author":1,"featured_media":2133,"comment_status":"closed","ping_status":"closed","sticky":false,"template":"","format":"standard","meta":{"_bbp_topic_count":0,"_bbp_reply_count":0,"_bbp_total_topic_count":0,"_bbp_total_reply_count":0,"_bbp_voice_count":0,"_bbp_anonymous_reply_count":0,"_bbp_topic_count_hidden":0,"_bbp_reply_count_hidden":0,"_bbp_forum_subforum_count":0,"site-sidebar-layout":"default","site-content-layout":"","ast-site-content-layout":"","site-content-style":"default","site-sidebar-style":"default","ast-global-header-display":"","ast-banner-title-visibility":"","ast-main-header-display":"","ast-hfb-above-header-display":"","ast-hfb-below-header-display":"","ast-hfb-mobile-header-display":"","site-post-title":"","ast-breadcrumbs-content":"","ast-featured-img":"","footer-sml-layout":"","theme-transparent-header-meta":"","adv-header-id-meta":"","stick-header-meta":"","header-above-stick-meta":"","header-main-stick-meta":"","header-below-stick-meta":"","astra-migrate-meta-layouts":"default","ast-page-background-enabled":"default","ast-page-background-meta":{"desktop":{"background-color":"var(--ast-global-color-4)","background-image":"","background-repeat":"repeat","background-position":"center center","background-size":"auto","background-attachment":"scroll","background-type":"","background-media":"","overlay-type":"","overlay-color":"","overlay-opacity":"","overlay-gradient":""},"tablet":{"background-color":"","background-image":"","background-repeat":"repeat","background-position":"center center","background-size":"auto","background-attachment":"scroll","background-type":"","background-media":"","overlay-type":"","overlay-color":"","overlay-opacity":"","overlay-gradient":""},"mobile":{"background-color":"","background-image":"","background-repeat":"repeat","background-position":"center center","background-size":"auto","background-attachment":"scroll","background-type":"","background-media":"","overlay-type":"","overlay-color":"","overlay-opacity":"","overlay-gradient":""}},"ast-content-background-meta":{"desktop":{"background-color":"var(--ast-global-color-5)","background-image":"","background-repeat":"repeat","background-position":"center center","background-size":"auto","background-attachment":"scroll","background-type":"","background-media":"","overlay-type":"","overlay-color":"","overlay-opacity":"","overlay-gradient":""},"tablet":{"background-color":"var(--ast-global-color-5)","background-image":"","background-repeat":"repeat","background-position":"center center","background-size":"auto","background-attachment":"scroll","background-type":"","background-media":"","overlay-type":"","overlay-color":"","overlay-opacity":"","overlay-gradient":""},"mobile":{"background-color":"var(--ast-global-color-5)","background-image":"","background-repeat":"repeat","background-position":"center center","background-size":"auto","background-attachment":"scroll","background-type":"","background-media":"","overlay-type":"","overlay-color":"","overlay-opacity":"","overlay-gradient":""}},"footnotes":""},"categories":[3,2,4,75],"tags":[],"class_list":["post-2130","post","type-post","status-publish","format-standard","has-post-thumbnail","hentry","category-i3","category-infantil","category-portada","category-promocio-19-28"],"post_mailing_queue_ids":[],"_links":{"self":[{"href":"https:\/\/agora.xtec.cat\/ceipestacio\/wp-json\/wp\/v2\/posts\/2130","targetHints":{"allow":["GET"]}}],"collection":[{"href":"https:\/\/agora.xtec.cat\/ceipestacio\/wp-json\/wp\/v2\/posts"}],"about":[{"href":"https:\/\/agora.xtec.cat\/ceipestacio\/wp-json\/wp\/v2\/types\/post"}],"author":[{"embeddable":true,"href":"https:\/\/agora.xtec.cat\/ceipestacio\/wp-json\/wp\/v2\/users\/1"}],"replies":[{"embeddable":true,"href":"https:\/\/agora.xtec.cat\/ceipestacio\/wp-json\/wp\/v2\/comments?post=2130"}],"version-history":[{"count":3,"href":"https:\/\/agora.xtec.cat\/ceipestacio\/wp-json\/wp\/v2\/posts\/2130\/revisions"}],"predecessor-version":[{"id":2135,"href":"https:\/\/agora.xtec.cat\/ceipestacio\/wp-json\/wp\/v2\/posts\/2130\/revisions\/2135"}],"wp:featuredmedia":[{"embeddable":true,"href":"https:\/\/agora.xtec.cat\/ceipestacio\/wp-json\/wp\/v2\/media\/2133"}],"wp:attachment":[{"href":"https:\/\/agora.xtec.cat\/ceipestacio\/wp-json\/wp\/v2\/media?parent=2130"}],"wp:term":[{"taxonomy":"category","embeddable":true,"href":"https:\/\/agora.xtec.cat\/ceipestacio\/wp-json\/wp\/v2\/categories?post=2130"},{"taxonomy":"post_tag","embeddable":true,"href":"https:\/\/agora.xtec.cat\/ceipestacio\/wp-json\/wp\/v2\/tags?post=2130"}],"curies":[{"name":"wp","href":"https:\/\/api.w.org\/{rel}","templated":true}]}}