{"id":2033,"date":"2019-11-21T19:34:57","date_gmt":"2019-11-21T18:34:57","guid":{"rendered":"http:\/\/agora.xtec.cat\/ceipestacio\/?p=2033"},"modified":"2020-03-16T23:35:07","modified_gmt":"2020-03-16T22:35:07","slug":"quinzena-del-medi-les-deixalles","status":"publish","type":"post","link":"https:\/\/agora.xtec.cat\/ceipestacio\/infantil\/i4\/quinzena-del-medi-les-deixalles\/","title":{"rendered":"QUINZENA DEL MEDI: LES DEIXALLES"},"content":{"rendered":"<p><span style=\"font-weight: 400;\">Aquest mes de novembre tota l&#8217;escola hem celebrat l<\/span><span style=\"font-weight: 400;\">a quinzena del medi que aquest any tracta de les deixalles i la\u00a0 contaminaci\u00f3.\u00a0<\/span><\/p>\n<p><span style=\"font-weight: 400;\">A l\u2019escola hem apr\u00e8s la import\u00e0ncia\u00a0 del reciclatge\u00a0 per la millora del medi ambient. Tamb\u00e9 sabem que podem<\/span> reutilitzar, o sigui donar un nou \u00fas a objectes que abans llen\u00e7\u00e0vem.<\/p>\n<p>Hem anat a la platja i hem vist que la sorra est\u00e0 plena de deixalles. N&#8217;hem recollit i les hem utilitzat per representar un dels quadres del Thyssen: &#8220;Despr\u00e9s de diumenge&#8221;.<\/p>\n<p>Hem pintat contenidors i hem classificat les deixalles que hav\u00edem portat de casa. Hem fet una cortina de taps i un pot dels tresors amb el cartr\u00f3 del paper higi\u00e8nic i 2 taps.<\/p>\n<p><a href=\"https:\/\/photos.app.goo.gl\/HgCmptTr5U2j3A6m8\"><img loading=\"lazy\" decoding=\"async\" class=\"size-medium wp-image-2034 aligncenter\" src=\"https:\/\/agora.xtec.cat\/ceipestacio\/wp-content\/uploads\/usu1918\/2019\/12\/IMG-20191007-WA0004-COLLAGE-300x300.jpg\" alt=\"\" width=\"300\" height=\"300\" srcset=\"https:\/\/agora.xtec.cat\/ceipestacio\/wp-content\/uploads\/usu1918\/2019\/12\/IMG-20191007-WA0004-COLLAGE-300x300.jpg 300w, https:\/\/agora.xtec.cat\/ceipestacio\/wp-content\/uploads\/usu1918\/2019\/12\/IMG-20191007-WA0004-COLLAGE-150x150.jpg 150w, https:\/\/agora.xtec.cat\/ceipestacio\/wp-content\/uploads\/usu1918\/2019\/12\/IMG-20191007-WA0004-COLLAGE-768x768.jpg 768w, https:\/\/agora.xtec.cat\/ceipestacio\/wp-content\/uploads\/usu1918\/2019\/12\/IMG-20191007-WA0004-COLLAGE-1024x1024.jpg 1024w, https:\/\/agora.xtec.cat\/ceipestacio\/wp-content\/uploads\/usu1918\/2019\/12\/IMG-20191007-WA0004-COLLAGE.jpg 1689w\" sizes=\"auto, (max-width: 300px) 100vw, 300px\" \/><\/a><\/p>\n","protected":false},"excerpt":{"rendered":"<p>Aquest mes de novembre tota l&#8217;escola hem celebrat la quinzena del medi que aquest any tracta de les deixalles i [&hellip;]<\/p>\n","protected":false},"author":4,"featured_media":2034,"comment_status":"open","ping_status":"closed","sticky":false,"template":"","format":"standard","meta":{"_bbp_topic_count":0,"_bbp_reply_count":0,"_bbp_total_topic_count":0,"_bbp_total_reply_count":0,"_bbp_voice_count":0,"_bbp_anonymous_reply_count":0,"_bbp_topic_count_hidden":0,"_bbp_reply_count_hidden":0,"_bbp_forum_subforum_count":0,"site-sidebar-layout":"default","site-content-layout":"","ast-site-content-layout":"","site-content-style":"default","site-sidebar-style":"default","ast-global-header-display":"","ast-banner-title-visibility":"","ast-main-header-display":"","ast-hfb-above-header-display":"","ast-hfb-below-header-display":"","ast-hfb-mobile-header-display":"","site-post-title":"","ast-breadcrumbs-content":"","ast-featured-img":"","footer-sml-layout":"","theme-transparent-header-meta":"","adv-header-id-meta":"","stick-header-meta":"","header-above-stick-meta":"","header-main-stick-meta":"","header-below-stick-meta":"","astra-migrate-meta-layouts":"default","ast-page-background-enabled":"default","ast-page-background-meta":{"desktop":{"background-color":"var(--ast-global-color-4)","background-image":"","background-repeat":"repeat","background-position":"center center","background-size":"auto","background-attachment":"scroll","background-type":"","background-media":"","overlay-type":"","overlay-color":"","overlay-opacity":"","overlay-gradient":""},"tablet":{"background-color":"","background-image":"","background-repeat":"repeat","background-position":"center center","background-size":"auto","background-attachment":"scroll","background-type":"","background-media":"","overlay-type":"","overlay-color":"","overlay-opacity":"","overlay-gradient":""},"mobile":{"background-color":"","background-image":"","background-repeat":"repeat","background-position":"center center","background-size":"auto","background-attachment":"scroll","background-type":"","background-media":"","overlay-type":"","overlay-color":"","overlay-opacity":"","overlay-gradient":""}},"ast-content-background-meta":{"desktop":{"background-color":"var(--ast-global-color-5)","background-image":"","background-repeat":"repeat","background-position":"center center","background-size":"auto","background-attachment":"scroll","background-type":"","background-media":"","overlay-type":"","overlay-color":"","overlay-opacity":"","overlay-gradient":""},"tablet":{"background-color":"var(--ast-global-color-5)","background-image":"","background-repeat":"repeat","background-position":"center center","background-size":"auto","background-attachment":"scroll","background-type":"","background-media":"","overlay-type":"","overlay-color":"","overlay-opacity":"","overlay-gradient":""},"mobile":{"background-color":"var(--ast-global-color-5)","background-image":"","background-repeat":"repeat","background-position":"center center","background-size":"auto","background-attachment":"scroll","background-type":"","background-media":"","overlay-type":"","overlay-color":"","overlay-opacity":"","overlay-gradient":""}},"footnotes":""},"categories":[8,72],"tags":[],"class_list":["post-2033","post","type-post","status-publish","format-standard","has-post-thumbnail","hentry","category-i4","category-promocio-18-27"],"post_mailing_queue_ids":[],"_links":{"self":[{"href":"https:\/\/agora.xtec.cat\/ceipestacio\/wp-json\/wp\/v2\/posts\/2033","targetHints":{"allow":["GET"]}}],"collection":[{"href":"https:\/\/agora.xtec.cat\/ceipestacio\/wp-json\/wp\/v2\/posts"}],"about":[{"href":"https:\/\/agora.xtec.cat\/ceipestacio\/wp-json\/wp\/v2\/types\/post"}],"author":[{"embeddable":true,"href":"https:\/\/agora.xtec.cat\/ceipestacio\/wp-json\/wp\/v2\/users\/4"}],"replies":[{"embeddable":true,"href":"https:\/\/agora.xtec.cat\/ceipestacio\/wp-json\/wp\/v2\/comments?post=2033"}],"version-history":[{"count":3,"href":"https:\/\/agora.xtec.cat\/ceipestacio\/wp-json\/wp\/v2\/posts\/2033\/revisions"}],"predecessor-version":[{"id":2038,"href":"https:\/\/agora.xtec.cat\/ceipestacio\/wp-json\/wp\/v2\/posts\/2033\/revisions\/2038"}],"wp:featuredmedia":[{"embeddable":true,"href":"https:\/\/agora.xtec.cat\/ceipestacio\/wp-json\/wp\/v2\/media\/2034"}],"wp:attachment":[{"href":"https:\/\/agora.xtec.cat\/ceipestacio\/wp-json\/wp\/v2\/media?parent=2033"}],"wp:term":[{"taxonomy":"category","embeddable":true,"href":"https:\/\/agora.xtec.cat\/ceipestacio\/wp-json\/wp\/v2\/categories?post=2033"},{"taxonomy":"post_tag","embeddable":true,"href":"https:\/\/agora.xtec.cat\/ceipestacio\/wp-json\/wp\/v2\/tags?post=2033"}],"curies":[{"name":"wp","href":"https:\/\/api.w.org\/{rel}","templated":true}]}}