{"id":1885,"date":"2019-11-28T12:43:03","date_gmt":"2019-11-28T11:43:03","guid":{"rendered":"http:\/\/agora.xtec.cat\/ceipestacio\/?p=1885"},"modified":"2019-11-28T12:46:46","modified_gmt":"2019-11-28T11:46:46","slug":"quinzena-del-medi-i-de-la-ciencia-les-deixalles-5e","status":"publish","type":"post","link":"https:\/\/agora.xtec.cat\/ceipestacio\/portada\/quinzena-del-medi-i-de-la-ciencia-les-deixalles-5e\/","title":{"rendered":"QUINZENA  DEL MEDI I DE LA CI\u00c8NCIA :  \u201cLES DEIXALLES\u201d 5\u00e8"},"content":{"rendered":"<p><span style=\"font-weight: 400;\">Aquest mes de novembre hem fet el projecte de la quinzena del medi i la ci\u00e8ncia. <\/span><span style=\"font-weight: 400;\">La quinzena del medi d\u2019aquest any va sobre les deixalles i la\u00a0 contaminaci\u00f3.\u00a0<\/span><\/p>\n<p><span style=\"font-weight: 400;\">A l\u2019escola ens ensenyen la import\u00e0ncia del reciclatge, per la millora del medi ambient. Ens han explicat moltes coses.\u00a0<\/span><\/p>\n<p><span style=\"font-weight: 400;\">Al passad\u00eds tenim una exposici\u00f3 de reciclatge amb pl\u00e0stics, compost, llaunes, cartells informatius \u2026 Ens han ensenyat coses per millorar el reciclatge, reduir les deixalles i els anys que tarden en desapar\u00e8ixer.<\/span><\/p>\n<p><span style=\"font-weight: 400;\">Sabieu que una ampolla de<a href=\"https:\/\/drive.google.com\/drive\/folders\/1n0mPvf56oj35431dg9whzWBuPH8_85uU?usp=sharing\"><img loading=\"lazy\" decoding=\"async\" class=\"wp-image-1889 alignleft\" src=\"https:\/\/agora.xtec.cat\/ceipestacio\/wp-content\/uploads\/usu1918\/2019\/11\/IMG_6574-min-1024x575.jpg\" alt=\"\" width=\"299\" height=\"168\" srcset=\"https:\/\/agora.xtec.cat\/ceipestacio\/wp-content\/uploads\/usu1918\/2019\/11\/IMG_6574-min-1024x575.jpg 1024w, https:\/\/agora.xtec.cat\/ceipestacio\/wp-content\/uploads\/usu1918\/2019\/11\/IMG_6574-min-300x168.jpg 300w, https:\/\/agora.xtec.cat\/ceipestacio\/wp-content\/uploads\/usu1918\/2019\/11\/IMG_6574-min-768x431.jpg 768w\" sizes=\"auto, (max-width: 299px) 100vw, 299px\" \/><\/a> pl\u00e0stic triga milers d\u2019anys en desfer-se? O una bossa de pl\u00e0stic de 200 a 500 anys ? Doncs s\u00ed i per evitar aix\u00f2 les hem de substituir per un altre de m\u00e9s ecol\u00f2gic: una bossa de pl\u00e0stic de supermercat per un cab\u00e0s, un tovall\u00f3 de paper per un tovall\u00f3 de roba o una ampolla d\u2019aigua de pl\u00e0stic per una cantimplora.<\/span><\/p>\n<p><span style=\"font-weight: 400;\">A la classe durant aquestes dues setmanes hem recollit tots els pl\u00e0sti<a href=\"https:\/\/drive.google.com\/drive\/folders\/1n0mPvf56oj35431dg9whzWBuPH8_85uU?usp=sharing\"><img loading=\"lazy\" decoding=\"async\" class=\"wp-image-1888 alignright\" src=\"https:\/\/agora.xtec.cat\/ceipestacio\/wp-content\/uploads\/usu1918\/2019\/11\/IMG_6589-min-1024x575.jpg\" alt=\"\" width=\"270\" height=\"151\" srcset=\"https:\/\/agora.xtec.cat\/ceipestacio\/wp-content\/uploads\/usu1918\/2019\/11\/IMG_6589-min-1024x575.jpg 1024w, https:\/\/agora.xtec.cat\/ceipestacio\/wp-content\/uploads\/usu1918\/2019\/11\/IMG_6589-min-300x168.jpg 300w, https:\/\/agora.xtec.cat\/ceipestacio\/wp-content\/uploads\/usu1918\/2019\/11\/IMG_6589-min-768x431.jpg 768w\" sizes=\"auto, (max-width: 270px) 100vw, 270px\" \/><\/a>cs i residus dels esmorzars i hem emplenat una boss<\/span><span style=\"font-family: inherit; font-size: 1em;\">a sencera.\u00a0<\/span><\/p>\n<p><span style=\"font-family: inherit; font-size: 1em;\">Sabieu que hi ha illes que casi hi ha m\u00e9s deixalla que terra? Doncs si! Hem de posar fre a la contaminaci\u00f3 o sin\u00f3 al 2050 hi haur\u00e0 m\u00e9s deixalles que peixos.<\/span><\/p>\n<p><span style=\"font-weight: 400;\">Si tots reciclem tots sortirem guanyant , cuidem el planeta entre tots.<\/span><\/p>\n<p>Aina, Hugo.M, M\u00edriam, 5\u00e8B<\/p>\n<p>FOTOS:\u00a0<a href=\"https:\/\/drive.google.com\/drive\/folders\/1n0mPvf56oj35431dg9whzWBuPH8_85uU?usp=sharing\">https:\/\/drive.google.com\/drive\/folders\/1n0mPvf56oj35431dg9whzWBuPH8_85uU?usp=sharing<\/a><\/p>\n","protected":false},"excerpt":{"rendered":"<p>Aquest mes de novembre hem fet el projecte de la quinzena del medi i la ci\u00e8ncia. La quinzena del medi [&hellip;]<\/p>\n","protected":false},"author":10,"featured_media":0,"comment_status":"open","ping_status":"closed","sticky":false,"template":"","format":"standard","meta":{"_bbp_topic_count":0,"_bbp_reply_count":0,"_bbp_total_topic_count":0,"_bbp_total_reply_count":0,"_bbp_voice_count":0,"_bbp_anonymous_reply_count":0,"_bbp_topic_count_hidden":0,"_bbp_reply_count_hidden":0,"_bbp_forum_subforum_count":0,"site-sidebar-layout":"default","site-content-layout":"","ast-site-content-layout":"","site-content-style":"default","site-sidebar-style":"default","ast-global-header-display":"","ast-banner-title-visibility":"","ast-main-header-display":"","ast-hfb-above-header-display":"","ast-hfb-below-header-display":"","ast-hfb-mobile-header-display":"","site-post-title":"","ast-breadcrumbs-content":"","ast-featured-img":"","footer-sml-layout":"","theme-transparent-header-meta":"","adv-header-id-meta":"","stick-header-meta":"","header-above-stick-meta":"","header-main-stick-meta":"","header-below-stick-meta":"","astra-migrate-meta-layouts":"default","ast-page-background-enabled":"default","ast-page-background-meta":{"desktop":{"background-color":"var(--ast-global-color-4)","background-image":"","background-repeat":"repeat","background-position":"center center","background-size":"auto","background-attachment":"scroll","background-type":"","background-media":"","overlay-type":"","overlay-color":"","overlay-opacity":"","overlay-gradient":""},"tablet":{"background-color":"","background-image":"","background-repeat":"repeat","background-position":"center center","background-size":"auto","background-attachment":"scroll","background-type":"","background-media":"","overlay-type":"","overlay-color":"","overlay-opacity":"","overlay-gradient":""},"mobile":{"background-color":"","background-image":"","background-repeat":"repeat","background-position":"center center","background-size":"auto","background-attachment":"scroll","background-type":"","background-media":"","overlay-type":"","overlay-color":"","overlay-opacity":"","overlay-gradient":""}},"ast-content-background-meta":{"desktop":{"background-color":"var(--ast-global-color-5)","background-image":"","background-repeat":"repeat","background-position":"center center","background-size":"auto","background-attachment":"scroll","background-type":"","background-media":"","overlay-type":"","overlay-color":"","overlay-opacity":"","overlay-gradient":""},"tablet":{"background-color":"var(--ast-global-color-5)","background-image":"","background-repeat":"repeat","background-position":"center center","background-size":"auto","background-attachment":"scroll","background-type":"","background-media":"","overlay-type":"","overlay-color":"","overlay-opacity":"","overlay-gradient":""},"mobile":{"background-color":"var(--ast-global-color-5)","background-image":"","background-repeat":"repeat","background-position":"center center","background-size":"auto","background-attachment":"scroll","background-type":"","background-media":"","overlay-type":"","overlay-color":"","overlay-opacity":"","overlay-gradient":""}},"footnotes":""},"categories":[14,4,5],"tags":[65,66,62],"class_list":["post-1885","post","type-post","status-publish","format-standard","hentry","category-5e","category-portada","category-primaria","tag-5e","tag-cinque","tag-quinzena-medi"],"post_mailing_queue_ids":[],"_links":{"self":[{"href":"https:\/\/agora.xtec.cat\/ceipestacio\/wp-json\/wp\/v2\/posts\/1885","targetHints":{"allow":["GET"]}}],"collection":[{"href":"https:\/\/agora.xtec.cat\/ceipestacio\/wp-json\/wp\/v2\/posts"}],"about":[{"href":"https:\/\/agora.xtec.cat\/ceipestacio\/wp-json\/wp\/v2\/types\/post"}],"author":[{"embeddable":true,"href":"https:\/\/agora.xtec.cat\/ceipestacio\/wp-json\/wp\/v2\/users\/10"}],"replies":[{"embeddable":true,"href":"https:\/\/agora.xtec.cat\/ceipestacio\/wp-json\/wp\/v2\/comments?post=1885"}],"version-history":[{"count":3,"href":"https:\/\/agora.xtec.cat\/ceipestacio\/wp-json\/wp\/v2\/posts\/1885\/revisions"}],"predecessor-version":[{"id":1897,"href":"https:\/\/agora.xtec.cat\/ceipestacio\/wp-json\/wp\/v2\/posts\/1885\/revisions\/1897"}],"wp:attachment":[{"href":"https:\/\/agora.xtec.cat\/ceipestacio\/wp-json\/wp\/v2\/media?parent=1885"}],"wp:term":[{"taxonomy":"category","embeddable":true,"href":"https:\/\/agora.xtec.cat\/ceipestacio\/wp-json\/wp\/v2\/categories?post=1885"},{"taxonomy":"post_tag","embeddable":true,"href":"https:\/\/agora.xtec.cat\/ceipestacio\/wp-json\/wp\/v2\/tags?post=1885"}],"curies":[{"name":"wp","href":"https:\/\/api.w.org\/{rel}","templated":true}]}}