{"id":1803,"date":"2019-11-05T14:54:38","date_gmt":"2019-11-05T13:54:38","guid":{"rendered":"http:\/\/agora.xtec.cat\/ceipestacio\/?p=1803"},"modified":"2019-11-07T14:06:26","modified_gmt":"2019-11-07T13:06:26","slug":"escursio-al-gran-teatre-del-liceu-de-barcelona","status":"publish","type":"post","link":"https:\/\/agora.xtec.cat\/ceipestacio\/portada\/escursio-al-gran-teatre-del-liceu-de-barcelona\/","title":{"rendered":"EXCURSI\u00d3 AL GRAN TEATRE DEL LICEU DE BARCELONA"},"content":{"rendered":"<p>El divendres passat, 25 d\u2019octubre, els nens i nenes de 5\u00e8 vam anar d\u2019excursi\u00f3. L\u2019autob\u00fas ens va recollir a les 6 i mitja del mat\u00ed. Quan<a href=\"https:\/\/agora.xtec.cat\/ceipestacio\/wp-content\/uploads\/usu1918\/2019\/11\/liceu.jpg\"><img loading=\"lazy\" decoding=\"async\" class=\"size-full wp-image-1804 alignright\" src=\"https:\/\/agora.xtec.cat\/ceipestacio\/wp-content\/uploads\/usu1918\/2019\/11\/liceu.jpg\" alt=\"\" width=\"142\" height=\"80\" \/><\/a> vam arribar a Barcelona vam anar al Liceu. Ens van cantar \u00f2pera. L\u2019\u00f2pera es deia \u201cMans a l\u2019\u00f2pera!\u201d L\u2019espectacle va durar com una hora\u00a0 i mitja. Al cap d\u2019una estona vam esmorzar a la muralla. Despr\u00e9s l\u2019autob\u00fas ens va recollir. Vam estar dins l\u2019autob\u00fas dues hores. Vam arribar a Can Nitus de Castell d\u2019Aro. Vam dinar all\u00e0, jo vaig portar arr\u00f2s amb pastanaga i p\u00e8sols amb ous. Vam jugar molt. Jo vaig jugar a b\u00e0squet i a d\u00a1altres coses. Va ser molt divertit. Despr\u00e9s ens van recollir. Vam arribar a l\u2019escola a les 16,30h . Em va agradar l\u2019excursi\u00f3 que vam fer.<\/p>\n<p>Fatu (alumna de 5\u00e8)<\/p>\n<p>VEURE LES FOTOS \u00a0\u00a0<a href=\"https:\/\/drive.google.com\/drive\/folders\/1TKQehXDyKfblaQls5bw4W_phsYdiq-vN?usp=sharing\">https:\/\/drive.google.com\/drive\/folders\/1TKQehXDyKfblaQls5bw4W_phsYdiq-vN?usp=sharing<\/a><\/p>\n","protected":false},"excerpt":{"rendered":"<p>El divendres passat, 25 d\u2019octubre, els nens i nenes de 5\u00e8 vam anar d\u2019excursi\u00f3. L\u2019autob\u00fas ens va recollir a les [&hellip;]<\/p>\n","protected":false},"author":8,"featured_media":0,"comment_status":"closed","ping_status":"closed","sticky":false,"template":"","format":"standard","meta":{"_bbp_topic_count":0,"_bbp_reply_count":0,"_bbp_total_topic_count":0,"_bbp_total_reply_count":0,"_bbp_voice_count":0,"_bbp_anonymous_reply_count":0,"_bbp_topic_count_hidden":0,"_bbp_reply_count_hidden":0,"_bbp_forum_subforum_count":0,"site-sidebar-layout":"default","site-content-layout":"","ast-site-content-layout":"","site-content-style":"default","site-sidebar-style":"default","ast-global-header-display":"","ast-banner-title-visibility":"","ast-main-header-display":"","ast-hfb-above-header-display":"","ast-hfb-below-header-display":"","ast-hfb-mobile-header-display":"","site-post-title":"","ast-breadcrumbs-content":"","ast-featured-img":"","footer-sml-layout":"","theme-transparent-header-meta":"","adv-header-id-meta":"","stick-header-meta":"","header-above-stick-meta":"","header-main-stick-meta":"","header-below-stick-meta":"","astra-migrate-meta-layouts":"default","ast-page-background-enabled":"default","ast-page-background-meta":{"desktop":{"background-color":"var(--ast-global-color-4)","background-image":"","background-repeat":"repeat","background-position":"center center","background-size":"auto","background-attachment":"scroll","background-type":"","background-media":"","overlay-type":"","overlay-color":"","overlay-opacity":"","overlay-gradient":""},"tablet":{"background-color":"","background-image":"","background-repeat":"repeat","background-position":"center center","background-size":"auto","background-attachment":"scroll","background-type":"","background-media":"","overlay-type":"","overlay-color":"","overlay-opacity":"","overlay-gradient":""},"mobile":{"background-color":"","background-image":"","background-repeat":"repeat","background-position":"center center","background-size":"auto","background-attachment":"scroll","background-type":"","background-media":"","overlay-type":"","overlay-color":"","overlay-opacity":"","overlay-gradient":""}},"ast-content-background-meta":{"desktop":{"background-color":"var(--ast-global-color-5)","background-image":"","background-repeat":"repeat","background-position":"center center","background-size":"auto","background-attachment":"scroll","background-type":"","background-media":"","overlay-type":"","overlay-color":"","overlay-opacity":"","overlay-gradient":""},"tablet":{"background-color":"var(--ast-global-color-5)","background-image":"","background-repeat":"repeat","background-position":"center center","background-size":"auto","background-attachment":"scroll","background-type":"","background-media":"","overlay-type":"","overlay-color":"","overlay-opacity":"","overlay-gradient":""},"mobile":{"background-color":"var(--ast-global-color-5)","background-image":"","background-repeat":"repeat","background-position":"center center","background-size":"auto","background-attachment":"scroll","background-type":"","background-media":"","overlay-type":"","overlay-color":"","overlay-opacity":"","overlay-gradient":""}},"footnotes":""},"categories":[14,4],"tags":[],"class_list":["post-1803","post","type-post","status-publish","format-standard","hentry","category-5e","category-portada"],"post_mailing_queue_ids":[],"_links":{"self":[{"href":"https:\/\/agora.xtec.cat\/ceipestacio\/wp-json\/wp\/v2\/posts\/1803","targetHints":{"allow":["GET"]}}],"collection":[{"href":"https:\/\/agora.xtec.cat\/ceipestacio\/wp-json\/wp\/v2\/posts"}],"about":[{"href":"https:\/\/agora.xtec.cat\/ceipestacio\/wp-json\/wp\/v2\/types\/post"}],"author":[{"embeddable":true,"href":"https:\/\/agora.xtec.cat\/ceipestacio\/wp-json\/wp\/v2\/users\/8"}],"replies":[{"embeddable":true,"href":"https:\/\/agora.xtec.cat\/ceipestacio\/wp-json\/wp\/v2\/comments?post=1803"}],"version-history":[{"count":3,"href":"https:\/\/agora.xtec.cat\/ceipestacio\/wp-json\/wp\/v2\/posts\/1803\/revisions"}],"predecessor-version":[{"id":1813,"href":"https:\/\/agora.xtec.cat\/ceipestacio\/wp-json\/wp\/v2\/posts\/1803\/revisions\/1813"}],"wp:attachment":[{"href":"https:\/\/agora.xtec.cat\/ceipestacio\/wp-json\/wp\/v2\/media?parent=1803"}],"wp:term":[{"taxonomy":"category","embeddable":true,"href":"https:\/\/agora.xtec.cat\/ceipestacio\/wp-json\/wp\/v2\/categories?post=1803"},{"taxonomy":"post_tag","embeddable":true,"href":"https:\/\/agora.xtec.cat\/ceipestacio\/wp-json\/wp\/v2\/tags?post=1803"}],"curies":[{"name":"wp","href":"https:\/\/api.w.org\/{rel}","templated":true}]}}