{"id":1751,"date":"2019-10-09T19:30:34","date_gmt":"2019-10-09T17:30:34","guid":{"rendered":"http:\/\/agora.xtec.cat\/ceipestacio\/?p=1751"},"modified":"2019-10-09T19:30:46","modified_gmt":"2019-10-09T17:30:46","slug":"parelles-lectora-entre-2n-i-6e","status":"publish","type":"post","link":"https:\/\/agora.xtec.cat\/ceipestacio\/portada\/parelles-lectora-entre-2n-i-6e\/","title":{"rendered":"Parelles lectora entre 2n i 6\u00e8"},"content":{"rendered":"<p>El dijous passat dia 3 d&#8217;Octubre els alumnes de 6\u00e8 van venir a l&#8217;aula de 2n a presentar-se com els padrins lectors que tindran aquests curs. Va ser una trobada per con\u00e9ixer els llibres que els agrada m\u00e9s, les seves aficions&#8230; i d&#8217;aquesta manera poder trobar el conte m\u00e9s adequat per poder explicar-los.<\/p>\n<p style=\"text-align: center;\"><img loading=\"lazy\" decoding=\"async\" class=\"alignnone size-medium wp-image-1752\" src=\"https:\/\/agora.xtec.cat\/ceipestacio\/wp-content\/uploads\/usu1918\/2019\/10\/IMG_3409-300x225.jpeg\" alt=\"\" width=\"300\" height=\"225\" srcset=\"https:\/\/agora.xtec.cat\/ceipestacio\/wp-content\/uploads\/usu1918\/2019\/10\/IMG_3409-300x225.jpeg 300w, https:\/\/agora.xtec.cat\/ceipestacio\/wp-content\/uploads\/usu1918\/2019\/10\/IMG_3409-768x576.jpeg 768w, https:\/\/agora.xtec.cat\/ceipestacio\/wp-content\/uploads\/usu1918\/2019\/10\/IMG_3409-1024x768.jpeg 1024w, https:\/\/agora.xtec.cat\/ceipestacio\/wp-content\/uploads\/usu1918\/2019\/10\/IMG_3409-200x150.jpeg 200w, https:\/\/agora.xtec.cat\/ceipestacio\/wp-content\/uploads\/usu1918\/2019\/10\/IMG_3409.jpeg 2048w\" sizes=\"auto, (max-width: 300px) 100vw, 300px\" \/> <img loading=\"lazy\" decoding=\"async\" class=\"alignnone size-medium wp-image-1753\" src=\"https:\/\/agora.xtec.cat\/ceipestacio\/wp-content\/uploads\/usu1918\/2019\/10\/IMG_3410-300x225.jpeg\" alt=\"\" width=\"300\" height=\"225\" srcset=\"https:\/\/agora.xtec.cat\/ceipestacio\/wp-content\/uploads\/usu1918\/2019\/10\/IMG_3410-300x225.jpeg 300w, https:\/\/agora.xtec.cat\/ceipestacio\/wp-content\/uploads\/usu1918\/2019\/10\/IMG_3410-768x576.jpeg 768w, https:\/\/agora.xtec.cat\/ceipestacio\/wp-content\/uploads\/usu1918\/2019\/10\/IMG_3410-1024x768.jpeg 1024w, https:\/\/agora.xtec.cat\/ceipestacio\/wp-content\/uploads\/usu1918\/2019\/10\/IMG_3410-200x150.jpeg 200w, https:\/\/agora.xtec.cat\/ceipestacio\/wp-content\/uploads\/usu1918\/2019\/10\/IMG_3410.jpeg 2048w\" sizes=\"auto, (max-width: 300px) 100vw, 300px\" \/><\/p>\n","protected":false},"excerpt":{"rendered":"<p>El dijous passat dia 3 d&#8217;Octubre els alumnes de 6\u00e8 van venir a l&#8217;aula de 2n a presentar-se com els [&hellip;]<\/p>\n","protected":false},"author":1,"featured_media":0,"comment_status":"open","ping_status":"closed","sticky":false,"template":"","format":"standard","meta":{"_bbp_topic_count":0,"_bbp_reply_count":0,"_bbp_total_topic_count":0,"_bbp_total_reply_count":0,"_bbp_voice_count":0,"_bbp_anonymous_reply_count":0,"_bbp_topic_count_hidden":0,"_bbp_reply_count_hidden":0,"_bbp_forum_subforum_count":0,"site-sidebar-layout":"default","site-content-layout":"","ast-site-content-layout":"","site-content-style":"default","site-sidebar-style":"default","ast-global-header-display":"","ast-banner-title-visibility":"","ast-main-header-display":"","ast-hfb-above-header-display":"","ast-hfb-below-header-display":"","ast-hfb-mobile-header-display":"","site-post-title":"","ast-breadcrumbs-content":"","ast-featured-img":"","footer-sml-layout":"","theme-transparent-header-meta":"","adv-header-id-meta":"","stick-header-meta":"","header-above-stick-meta":"","header-main-stick-meta":"","header-below-stick-meta":"","astra-migrate-meta-layouts":"default","ast-page-background-enabled":"default","ast-page-background-meta":{"desktop":{"background-color":"var(--ast-global-color-4)","background-image":"","background-repeat":"repeat","background-position":"center center","background-size":"auto","background-attachment":"scroll","background-type":"","background-media":"","overlay-type":"","overlay-color":"","overlay-opacity":"","overlay-gradient":""},"tablet":{"background-color":"","background-image":"","background-repeat":"repeat","background-position":"center center","background-size":"auto","background-attachment":"scroll","background-type":"","background-media":"","overlay-type":"","overlay-color":"","overlay-opacity":"","overlay-gradient":""},"mobile":{"background-color":"","background-image":"","background-repeat":"repeat","background-position":"center center","background-size":"auto","background-attachment":"scroll","background-type":"","background-media":"","overlay-type":"","overlay-color":"","overlay-opacity":"","overlay-gradient":""}},"ast-content-background-meta":{"desktop":{"background-color":"var(--ast-global-color-5)","background-image":"","background-repeat":"repeat","background-position":"center center","background-size":"auto","background-attachment":"scroll","background-type":"","background-media":"","overlay-type":"","overlay-color":"","overlay-opacity":"","overlay-gradient":""},"tablet":{"background-color":"var(--ast-global-color-5)","background-image":"","background-repeat":"repeat","background-position":"center center","background-size":"auto","background-attachment":"scroll","background-type":"","background-media":"","overlay-type":"","overlay-color":"","overlay-opacity":"","overlay-gradient":""},"mobile":{"background-color":"var(--ast-global-color-5)","background-image":"","background-repeat":"repeat","background-position":"center center","background-size":"auto","background-attachment":"scroll","background-type":"","background-media":"","overlay-type":"","overlay-color":"","overlay-opacity":"","overlay-gradient":""}},"footnotes":""},"categories":[11,4],"tags":[],"class_list":["post-1751","post","type-post","status-publish","format-standard","hentry","category-2n","category-portada"],"post_mailing_queue_ids":[],"_links":{"self":[{"href":"https:\/\/agora.xtec.cat\/ceipestacio\/wp-json\/wp\/v2\/posts\/1751","targetHints":{"allow":["GET"]}}],"collection":[{"href":"https:\/\/agora.xtec.cat\/ceipestacio\/wp-json\/wp\/v2\/posts"}],"about":[{"href":"https:\/\/agora.xtec.cat\/ceipestacio\/wp-json\/wp\/v2\/types\/post"}],"author":[{"embeddable":true,"href":"https:\/\/agora.xtec.cat\/ceipestacio\/wp-json\/wp\/v2\/users\/1"}],"replies":[{"embeddable":true,"href":"https:\/\/agora.xtec.cat\/ceipestacio\/wp-json\/wp\/v2\/comments?post=1751"}],"version-history":[{"count":2,"href":"https:\/\/agora.xtec.cat\/ceipestacio\/wp-json\/wp\/v2\/posts\/1751\/revisions"}],"predecessor-version":[{"id":1755,"href":"https:\/\/agora.xtec.cat\/ceipestacio\/wp-json\/wp\/v2\/posts\/1751\/revisions\/1755"}],"wp:attachment":[{"href":"https:\/\/agora.xtec.cat\/ceipestacio\/wp-json\/wp\/v2\/media?parent=1751"}],"wp:term":[{"taxonomy":"category","embeddable":true,"href":"https:\/\/agora.xtec.cat\/ceipestacio\/wp-json\/wp\/v2\/categories?post=1751"},{"taxonomy":"post_tag","embeddable":true,"href":"https:\/\/agora.xtec.cat\/ceipestacio\/wp-json\/wp\/v2\/tags?post=1751"}],"curies":[{"name":"wp","href":"https:\/\/api.w.org\/{rel}","templated":true}]}}