{"id":1511,"date":"2019-04-24T08:49:47","date_gmt":"2019-04-24T06:49:47","guid":{"rendered":"http:\/\/agora.xtec.cat\/ceipestacio\/?p=1511"},"modified":"2019-04-24T08:49:58","modified_gmt":"2019-04-24T06:49:58","slug":"visita-al-jardi-melangios-6e","status":"publish","type":"post","link":"https:\/\/agora.xtec.cat\/ceipestacio\/portada\/visita-al-jardi-melangios-6e\/","title":{"rendered":"Visita al Jard\u00ed Melangi\u00f3s 6\u00e8"},"content":{"rendered":"<p style=\"text-align: center;\"><a href=\"https:\/\/agora.xtec.cat\/ceipestacio\/wp-content\/uploads\/usu1918\/2019\/04\/cemetiri.jpg\"><img loading=\"lazy\" decoding=\"async\" class=\"alignnone size-full wp-image-1512\" src=\"https:\/\/agora.xtec.cat\/ceipestacio\/wp-content\/uploads\/usu1918\/2019\/04\/cemetiri.jpg\" alt=\"\" width=\"500\" height=\"308\" srcset=\"https:\/\/agora.xtec.cat\/ceipestacio\/wp-content\/uploads\/usu1918\/2019\/04\/cemetiri.jpg 500w, https:\/\/agora.xtec.cat\/ceipestacio\/wp-content\/uploads\/usu1918\/2019\/04\/cemetiri-300x185.jpg 300w\" sizes=\"auto, (max-width: 500px) 100vw, 500px\" \/><\/a><\/p>\n<p><span style=\"font-weight: 400;\">Avui dimarts 23 d\u2019abril hem fet una excursi\u00f3 al cementiri. Ens ha acompanyat la Tamara, la mare d\u2019un nen de la classe de 6\u00e9A. Abans d\u2019anar al cementiri hem passat per les parades de la rambla, ja que avui \u00e9s Sant Jordi, el dia dels llibres i les roses. Hem esmorzat davant el mar i hem anat fins el monestir. All\u00e0 hi havien dos monitores, la Clara, que ha anat amb 6\u00e9 B i la Maria, que ha anat amb 6\u00e9 A. Ens han explicat molts secrets del cementiri, s\u00edmbols, fases de construcci\u00f3, tradicions, classes de tombes, les m\u00e9s grans representen els m\u00e9s rics, i les petites representen els pobres i tamb\u00e9 hem vist algunes tombes de personatges importants de la ciutat.<\/span><\/p>\n<p><span style=\"font-weight: 400;\">Agra\u00efm a la Clara i la Maria per explicar-nos coses del cementiri,i a la Tamara per acompanyar-nos a aquesta excursi\u00f3 diferent.<\/span><\/p>\n<p><span style=\"font-weight: 400;\">Albert i Carla <\/span><\/p>\n<p><span style=\"font-weight: 400;\">VEURE M\u00c9S FOTOS<\/span><\/p>\n<p><span style=\"font-weight: 400;\"><a href=\"https:\/\/drive.google.com\/drive\/folders\/1pkIBgZPR0TtmUnU1Kb-TtJH4kKXZD7LH?usp=sharing\">https:\/\/drive.google.com\/drive\/folders\/1pkIBgZPR0TtmUnU1Kb-TtJH4kKXZD7LH?usp=sharing<\/a><\/span><\/p>\n","protected":false},"excerpt":{"rendered":"<p>Avui dimarts 23 d\u2019abril hem fet una excursi\u00f3 al cementiri. Ens ha acompanyat la Tamara, la mare d\u2019un nen de [&hellip;]<\/p>\n","protected":false},"author":8,"featured_media":0,"comment_status":"closed","ping_status":"closed","sticky":false,"template":"","format":"standard","meta":{"_bbp_topic_count":0,"_bbp_reply_count":0,"_bbp_total_topic_count":0,"_bbp_total_reply_count":0,"_bbp_voice_count":0,"_bbp_anonymous_reply_count":0,"_bbp_topic_count_hidden":0,"_bbp_reply_count_hidden":0,"_bbp_forum_subforum_count":0,"site-sidebar-layout":"default","site-content-layout":"","ast-site-content-layout":"","site-content-style":"default","site-sidebar-style":"default","ast-global-header-display":"","ast-banner-title-visibility":"","ast-main-header-display":"","ast-hfb-above-header-display":"","ast-hfb-below-header-display":"","ast-hfb-mobile-header-display":"","site-post-title":"","ast-breadcrumbs-content":"","ast-featured-img":"","footer-sml-layout":"","theme-transparent-header-meta":"","adv-header-id-meta":"","stick-header-meta":"","header-above-stick-meta":"","header-main-stick-meta":"","header-below-stick-meta":"","astra-migrate-meta-layouts":"default","ast-page-background-enabled":"default","ast-page-background-meta":{"desktop":{"background-color":"var(--ast-global-color-4)","background-image":"","background-repeat":"repeat","background-position":"center center","background-size":"auto","background-attachment":"scroll","background-type":"","background-media":"","overlay-type":"","overlay-color":"","overlay-opacity":"","overlay-gradient":""},"tablet":{"background-color":"","background-image":"","background-repeat":"repeat","background-position":"center center","background-size":"auto","background-attachment":"scroll","background-type":"","background-media":"","overlay-type":"","overlay-color":"","overlay-opacity":"","overlay-gradient":""},"mobile":{"background-color":"","background-image":"","background-repeat":"repeat","background-position":"center center","background-size":"auto","background-attachment":"scroll","background-type":"","background-media":"","overlay-type":"","overlay-color":"","overlay-opacity":"","overlay-gradient":""}},"ast-content-background-meta":{"desktop":{"background-color":"var(--ast-global-color-5)","background-image":"","background-repeat":"repeat","background-position":"center center","background-size":"auto","background-attachment":"scroll","background-type":"","background-media":"","overlay-type":"","overlay-color":"","overlay-opacity":"","overlay-gradient":""},"tablet":{"background-color":"var(--ast-global-color-5)","background-image":"","background-repeat":"repeat","background-position":"center center","background-size":"auto","background-attachment":"scroll","background-type":"","background-media":"","overlay-type":"","overlay-color":"","overlay-opacity":"","overlay-gradient":""},"mobile":{"background-color":"var(--ast-global-color-5)","background-image":"","background-repeat":"repeat","background-position":"center center","background-size":"auto","background-attachment":"scroll","background-type":"","background-media":"","overlay-type":"","overlay-color":"","overlay-opacity":"","overlay-gradient":""}},"footnotes":""},"categories":[4],"tags":[],"class_list":["post-1511","post","type-post","status-publish","format-standard","hentry","category-portada"],"post_mailing_queue_ids":[],"_links":{"self":[{"href":"https:\/\/agora.xtec.cat\/ceipestacio\/wp-json\/wp\/v2\/posts\/1511","targetHints":{"allow":["GET"]}}],"collection":[{"href":"https:\/\/agora.xtec.cat\/ceipestacio\/wp-json\/wp\/v2\/posts"}],"about":[{"href":"https:\/\/agora.xtec.cat\/ceipestacio\/wp-json\/wp\/v2\/types\/post"}],"author":[{"embeddable":true,"href":"https:\/\/agora.xtec.cat\/ceipestacio\/wp-json\/wp\/v2\/users\/8"}],"replies":[{"embeddable":true,"href":"https:\/\/agora.xtec.cat\/ceipestacio\/wp-json\/wp\/v2\/comments?post=1511"}],"version-history":[{"count":1,"href":"https:\/\/agora.xtec.cat\/ceipestacio\/wp-json\/wp\/v2\/posts\/1511\/revisions"}],"predecessor-version":[{"id":1513,"href":"https:\/\/agora.xtec.cat\/ceipestacio\/wp-json\/wp\/v2\/posts\/1511\/revisions\/1513"}],"wp:attachment":[{"href":"https:\/\/agora.xtec.cat\/ceipestacio\/wp-json\/wp\/v2\/media?parent=1511"}],"wp:term":[{"taxonomy":"category","embeddable":true,"href":"https:\/\/agora.xtec.cat\/ceipestacio\/wp-json\/wp\/v2\/categories?post=1511"},{"taxonomy":"post_tag","embeddable":true,"href":"https:\/\/agora.xtec.cat\/ceipestacio\/wp-json\/wp\/v2\/tags?post=1511"}],"curies":[{"name":"wp","href":"https:\/\/api.w.org\/{rel}","templated":true}]}}