{"id":1507,"date":"2019-04-16T11:54:21","date_gmt":"2019-04-16T09:54:21","guid":{"rendered":"http:\/\/agora.xtec.cat\/ceipestacio\/?p=1507"},"modified":"2019-04-29T09:49:36","modified_gmt":"2019-04-29T07:49:36","slug":"sessio-desport-adaptat-a-cicle-superior-amb-mifas","status":"publish","type":"post","link":"https:\/\/agora.xtec.cat\/ceipestacio\/portada\/sessio-desport-adaptat-a-cicle-superior-amb-mifas\/","title":{"rendered":"Sessi\u00f3 d&#8217;esport adaptat a Cicle Superior amb MIFAS"},"content":{"rendered":"<p style=\"text-align: center;\"><a href=\"https:\/\/agora.xtec.cat\/ceipestacio\/wp-content\/uploads\/usu1918\/2019\/04\/MIFAS.jpg\"><img loading=\"lazy\" decoding=\"async\" class=\"size-full wp-image-1508 alignleft\" src=\"https:\/\/agora.xtec.cat\/ceipestacio\/wp-content\/uploads\/usu1918\/2019\/04\/MIFAS.jpg\" alt=\"\" width=\"100\" height=\"37\" \/><\/a><\/p>\n<p>El dilluns 8 d&#8217;abril va venir a la nostra escola el sr. Artur, que anava en cadira de rodes, a fer una activitat de sensibilitzaci\u00f3 amb nosaltres. Aquell dia, els i les alumnes de 6\u00e8 A vam jugar a b\u00e0squet amb cadira de rodes. L&#8217;Artur \u00e9s del Grup MIFAS,\u00a0 una associaci\u00f3 que ajuda als discapacitats a fer la vida m\u00e9s f\u00e0cil. Aquell dia l&#8217;Artur ens va ensenyar a jugar a b\u00e0squet adaptat. Per nosaltres l&#8217;experi\u00e8ncia va ser molt bona, perqu\u00e8 te sents com un discapacitat, no pots arribar a la pilota com desitjaries i a m\u00e9s a m\u00e9s t&#8217;imagines com de diferent \u00e9s anar amb una cadira de rodes la resta de la teva vida, complicat.<\/p>\n<p>El divendres 12 d&#8217;abril l&#8217;Artur va tornar a compartir aquesta experi\u00e8ncia amb els 5\u00e8s i amb el 6\u00e8B.<\/p>\n<p>Gr\u00e0cies Artur per compartir el teu temps amb nosaltres.<\/p>\n<p>Carla i Albert, alumnes de 6\u00e8<\/p>\n<p>VEURE FOTOS:<a href=\"https:\/\/drive.google.com\/drive\/folders\/1HfnQgdDujqkjee1co_QrfJ2QUntEZuRn?usp=sharing\">https:\/\/drive.google.com\/drive\/folders\/1HfnQgdDujqkjee1co_QrfJ2QUntEZuRn?usp=sharing<\/a><\/p>\n<p>&nbsp;<\/p>\n","protected":false},"excerpt":{"rendered":"<p>El dilluns 8 d&#8217;abril va venir a la nostra escola el sr. Artur, que anava en cadira de rodes, a [&hellip;]<\/p>\n","protected":false},"author":8,"featured_media":0,"comment_status":"open","ping_status":"closed","sticky":false,"template":"","format":"standard","meta":{"_bbp_topic_count":0,"_bbp_reply_count":0,"_bbp_total_topic_count":0,"_bbp_total_reply_count":0,"_bbp_voice_count":0,"_bbp_anonymous_reply_count":0,"_bbp_topic_count_hidden":0,"_bbp_reply_count_hidden":0,"_bbp_forum_subforum_count":0,"site-sidebar-layout":"default","site-content-layout":"","ast-site-content-layout":"","site-content-style":"default","site-sidebar-style":"default","ast-global-header-display":"","ast-banner-title-visibility":"","ast-main-header-display":"","ast-hfb-above-header-display":"","ast-hfb-below-header-display":"","ast-hfb-mobile-header-display":"","site-post-title":"","ast-breadcrumbs-content":"","ast-featured-img":"","footer-sml-layout":"","theme-transparent-header-meta":"","adv-header-id-meta":"","stick-header-meta":"","header-above-stick-meta":"","header-main-stick-meta":"","header-below-stick-meta":"","astra-migrate-meta-layouts":"default","ast-page-background-enabled":"default","ast-page-background-meta":{"desktop":{"background-color":"var(--ast-global-color-4)","background-image":"","background-repeat":"repeat","background-position":"center center","background-size":"auto","background-attachment":"scroll","background-type":"","background-media":"","overlay-type":"","overlay-color":"","overlay-opacity":"","overlay-gradient":""},"tablet":{"background-color":"","background-image":"","background-repeat":"repeat","background-position":"center center","background-size":"auto","background-attachment":"scroll","background-type":"","background-media":"","overlay-type":"","overlay-color":"","overlay-opacity":"","overlay-gradient":""},"mobile":{"background-color":"","background-image":"","background-repeat":"repeat","background-position":"center center","background-size":"auto","background-attachment":"scroll","background-type":"","background-media":"","overlay-type":"","overlay-color":"","overlay-opacity":"","overlay-gradient":""}},"ast-content-background-meta":{"desktop":{"background-color":"var(--ast-global-color-5)","background-image":"","background-repeat":"repeat","background-position":"center center","background-size":"auto","background-attachment":"scroll","background-type":"","background-media":"","overlay-type":"","overlay-color":"","overlay-opacity":"","overlay-gradient":""},"tablet":{"background-color":"var(--ast-global-color-5)","background-image":"","background-repeat":"repeat","background-position":"center center","background-size":"auto","background-attachment":"scroll","background-type":"","background-media":"","overlay-type":"","overlay-color":"","overlay-opacity":"","overlay-gradient":""},"mobile":{"background-color":"var(--ast-global-color-5)","background-image":"","background-repeat":"repeat","background-position":"center center","background-size":"auto","background-attachment":"scroll","background-type":"","background-media":"","overlay-type":"","overlay-color":"","overlay-opacity":"","overlay-gradient":""}},"footnotes":""},"categories":[14,70,4,5],"tags":[],"class_list":["post-1507","post","type-post","status-publish","format-standard","hentry","category-5e","category-esport-escolar","category-portada","category-primaria"],"post_mailing_queue_ids":[],"_links":{"self":[{"href":"https:\/\/agora.xtec.cat\/ceipestacio\/wp-json\/wp\/v2\/posts\/1507","targetHints":{"allow":["GET"]}}],"collection":[{"href":"https:\/\/agora.xtec.cat\/ceipestacio\/wp-json\/wp\/v2\/posts"}],"about":[{"href":"https:\/\/agora.xtec.cat\/ceipestacio\/wp-json\/wp\/v2\/types\/post"}],"author":[{"embeddable":true,"href":"https:\/\/agora.xtec.cat\/ceipestacio\/wp-json\/wp\/v2\/users\/8"}],"replies":[{"embeddable":true,"href":"https:\/\/agora.xtec.cat\/ceipestacio\/wp-json\/wp\/v2\/comments?post=1507"}],"version-history":[{"count":3,"href":"https:\/\/agora.xtec.cat\/ceipestacio\/wp-json\/wp\/v2\/posts\/1507\/revisions"}],"predecessor-version":[{"id":1528,"href":"https:\/\/agora.xtec.cat\/ceipestacio\/wp-json\/wp\/v2\/posts\/1507\/revisions\/1528"}],"wp:attachment":[{"href":"https:\/\/agora.xtec.cat\/ceipestacio\/wp-json\/wp\/v2\/media?parent=1507"}],"wp:term":[{"taxonomy":"category","embeddable":true,"href":"https:\/\/agora.xtec.cat\/ceipestacio\/wp-json\/wp\/v2\/categories?post=1507"},{"taxonomy":"post_tag","embeddable":true,"href":"https:\/\/agora.xtec.cat\/ceipestacio\/wp-json\/wp\/v2\/tags?post=1507"}],"curies":[{"name":"wp","href":"https:\/\/api.w.org\/{rel}","templated":true}]}}