{"id":1325,"date":"2019-02-28T23:45:43","date_gmt":"2019-02-28T22:45:43","guid":{"rendered":"http:\/\/agora.xtec.cat\/ceipestacio\/?p=1325"},"modified":"2019-02-28T23:47:10","modified_gmt":"2019-02-28T22:47:10","slug":"cicle-superior-celebra-el-dijous-gras","status":"publish","type":"post","link":"https:\/\/agora.xtec.cat\/ceipestacio\/portada\/cicle-superior-celebra-el-dijous-gras\/","title":{"rendered":"Cicle Superior celebra el DIJOUS GRAS"},"content":{"rendered":"<p style=\"text-align: center;\"><a href=\"https:\/\/agora.xtec.cat\/ceipestacio\/wp-content\/uploads\/usu1918\/2019\/02\/GRAS.jpg\"><img loading=\"lazy\" decoding=\"async\" class=\"alignnone size-full wp-image-1326\" src=\"https:\/\/agora.xtec.cat\/ceipestacio\/wp-content\/uploads\/usu1918\/2019\/02\/GRAS.jpg\" alt=\"\" width=\"700\" height=\"315\" srcset=\"https:\/\/agora.xtec.cat\/ceipestacio\/wp-content\/uploads\/usu1918\/2019\/02\/GRAS.jpg 700w, https:\/\/agora.xtec.cat\/ceipestacio\/wp-content\/uploads\/usu1918\/2019\/02\/GRAS-300x135.jpg 300w\" sizes=\"auto, (max-width: 700px) 100vw, 700px\" \/><\/a><\/p>\n<p><span style=\"font-weight: 400;\">Com \u00e9s costum el dijous gras o llarder \u00e9s el primer dia del carnaval, comen\u00e7a la festa que culminar\u00e0 una setmana despr\u00e9s amb el dimecres de cendra que dona pas a la quaresma, amb els seus quaranta dies d\u2019abstin\u00e8ncia. Per aix\u00f2 el dijous gras \u00e9s habitual menjar la botifarra d\u2019ou, la truita de botifarra o la coca de llardons. La gent d\u2019abans havia d\u2019aprofitar els dies anteriors al per\u00edode en el qual no es podia menjar carn. Segons la tradici\u00f3 cristiana aquests quaranta dies simbolitzaven els dies que Crist va passar al desert meditant. De vegades \u00e9s bo saber per quina ra\u00f3 celebrem determinades festes que avui han perdut el seu significat.<\/span><\/p>\n<p><span style=\"font-weight: 400;\">Nosaltres tamb\u00e9 hem volgut celebrar el nostre particular dijous gras molt allunyat de les tradicions i avui 28 de febrer hem anat a la Platja de Sant Pol a berenar. La caminada ha valgut la pena. Hem tingut una molt bona tarda i hem pogut jugar a la sorra abans de fer quatre queixalades als entrepans, coques, pastetes i d\u2019altres viandes. Amb aquesta sortida l\u00fadica de germanor tamb\u00e9 nosaltres comencem el carnaval. Ens tornem a veure el proper dimecres dia 6 de mar\u00e7.<\/span><\/p>\n<p><span style=\"font-weight: 400;\">Bon Carnaval a Tothom!!!!<\/span><\/p>\n<p><span style=\"font-weight: 400;\">VEURE LES FOTOS!!!!<\/span><\/p>\n<p><a href=\"https:\/\/drive.google.com\/drive\/folders\/1WtZ84m4yLZayGORguokfPlnDtioL5YEz?usp=sharing\">https:\/\/drive.google.com\/drive\/folders\/1WtZ84m4yLZayGORguokfPlnDtioL5YEz?usp=sharing<\/a><\/p>\n<p>&nbsp;<\/p>\n","protected":false},"excerpt":{"rendered":"<p>Com \u00e9s costum el dijous gras o llarder \u00e9s el primer dia del carnaval, comen\u00e7a la festa que culminar\u00e0 una [&hellip;]<\/p>\n","protected":false},"author":8,"featured_media":0,"comment_status":"closed","ping_status":"closed","sticky":false,"template":"","format":"standard","meta":{"_bbp_topic_count":0,"_bbp_reply_count":0,"_bbp_total_topic_count":0,"_bbp_total_reply_count":0,"_bbp_voice_count":0,"_bbp_anonymous_reply_count":0,"_bbp_topic_count_hidden":0,"_bbp_reply_count_hidden":0,"_bbp_forum_subforum_count":0,"site-sidebar-layout":"default","site-content-layout":"","ast-site-content-layout":"","site-content-style":"default","site-sidebar-style":"default","ast-global-header-display":"","ast-banner-title-visibility":"","ast-main-header-display":"","ast-hfb-above-header-display":"","ast-hfb-below-header-display":"","ast-hfb-mobile-header-display":"","site-post-title":"","ast-breadcrumbs-content":"","ast-featured-img":"","footer-sml-layout":"","theme-transparent-header-meta":"","adv-header-id-meta":"","stick-header-meta":"","header-above-stick-meta":"","header-main-stick-meta":"","header-below-stick-meta":"","astra-migrate-meta-layouts":"default","ast-page-background-enabled":"default","ast-page-background-meta":{"desktop":{"background-color":"var(--ast-global-color-4)","background-image":"","background-repeat":"repeat","background-position":"center center","background-size":"auto","background-attachment":"scroll","background-type":"","background-media":"","overlay-type":"","overlay-color":"","overlay-opacity":"","overlay-gradient":""},"tablet":{"background-color":"","background-image":"","background-repeat":"repeat","background-position":"center center","background-size":"auto","background-attachment":"scroll","background-type":"","background-media":"","overlay-type":"","overlay-color":"","overlay-opacity":"","overlay-gradient":""},"mobile":{"background-color":"","background-image":"","background-repeat":"repeat","background-position":"center center","background-size":"auto","background-attachment":"scroll","background-type":"","background-media":"","overlay-type":"","overlay-color":"","overlay-opacity":"","overlay-gradient":""}},"ast-content-background-meta":{"desktop":{"background-color":"var(--ast-global-color-5)","background-image":"","background-repeat":"repeat","background-position":"center center","background-size":"auto","background-attachment":"scroll","background-type":"","background-media":"","overlay-type":"","overlay-color":"","overlay-opacity":"","overlay-gradient":""},"tablet":{"background-color":"var(--ast-global-color-5)","background-image":"","background-repeat":"repeat","background-position":"center center","background-size":"auto","background-attachment":"scroll","background-type":"","background-media":"","overlay-type":"","overlay-color":"","overlay-opacity":"","overlay-gradient":""},"mobile":{"background-color":"var(--ast-global-color-5)","background-image":"","background-repeat":"repeat","background-position":"center center","background-size":"auto","background-attachment":"scroll","background-type":"","background-media":"","overlay-type":"","overlay-color":"","overlay-opacity":"","overlay-gradient":""}},"footnotes":""},"categories":[14,4],"tags":[],"class_list":["post-1325","post","type-post","status-publish","format-standard","hentry","category-5e","category-portada"],"post_mailing_queue_ids":[],"_links":{"self":[{"href":"https:\/\/agora.xtec.cat\/ceipestacio\/wp-json\/wp\/v2\/posts\/1325","targetHints":{"allow":["GET"]}}],"collection":[{"href":"https:\/\/agora.xtec.cat\/ceipestacio\/wp-json\/wp\/v2\/posts"}],"about":[{"href":"https:\/\/agora.xtec.cat\/ceipestacio\/wp-json\/wp\/v2\/types\/post"}],"author":[{"embeddable":true,"href":"https:\/\/agora.xtec.cat\/ceipestacio\/wp-json\/wp\/v2\/users\/8"}],"replies":[{"embeddable":true,"href":"https:\/\/agora.xtec.cat\/ceipestacio\/wp-json\/wp\/v2\/comments?post=1325"}],"version-history":[{"count":1,"href":"https:\/\/agora.xtec.cat\/ceipestacio\/wp-json\/wp\/v2\/posts\/1325\/revisions"}],"predecessor-version":[{"id":1327,"href":"https:\/\/agora.xtec.cat\/ceipestacio\/wp-json\/wp\/v2\/posts\/1325\/revisions\/1327"}],"wp:attachment":[{"href":"https:\/\/agora.xtec.cat\/ceipestacio\/wp-json\/wp\/v2\/media?parent=1325"}],"wp:term":[{"taxonomy":"category","embeddable":true,"href":"https:\/\/agora.xtec.cat\/ceipestacio\/wp-json\/wp\/v2\/categories?post=1325"},{"taxonomy":"post_tag","embeddable":true,"href":"https:\/\/agora.xtec.cat\/ceipestacio\/wp-json\/wp\/v2\/tags?post=1325"}],"curies":[{"name":"wp","href":"https:\/\/api.w.org\/{rel}","templated":true}]}}