{"id":1293,"date":"2019-02-22T08:39:03","date_gmt":"2019-02-22T07:39:03","guid":{"rendered":"http:\/\/agora.xtec.cat\/ceipestacio\/?p=1293"},"modified":"2019-02-22T08:41:14","modified_gmt":"2019-02-22T07:41:14","slug":"cicle-superior-va-al-palau-de-la-musica","status":"publish","type":"post","link":"https:\/\/agora.xtec.cat\/ceipestacio\/portada\/cicle-superior-va-al-palau-de-la-musica\/","title":{"rendered":"Cicle Superior va al Palau de la M\u00fasica"},"content":{"rendered":"<p style=\"text-align: center;\"><a href=\"https:\/\/agora.xtec.cat\/ceipestacio\/wp-content\/uploads\/usu1918\/2019\/02\/palau.jpg\"><img loading=\"lazy\" decoding=\"async\" class=\"alignnone size-large wp-image-1294\" src=\"https:\/\/agora.xtec.cat\/ceipestacio\/wp-content\/uploads\/usu1918\/2019\/02\/palau-1024x681.jpg\" alt=\"\" width=\"1024\" height=\"681\" srcset=\"https:\/\/agora.xtec.cat\/ceipestacio\/wp-content\/uploads\/usu1918\/2019\/02\/palau-1024x681.jpg 1024w, https:\/\/agora.xtec.cat\/ceipestacio\/wp-content\/uploads\/usu1918\/2019\/02\/palau-300x199.jpg 300w, https:\/\/agora.xtec.cat\/ceipestacio\/wp-content\/uploads\/usu1918\/2019\/02\/palau-768x511.jpg 768w, https:\/\/agora.xtec.cat\/ceipestacio\/wp-content\/uploads\/usu1918\/2019\/02\/palau.jpg 1355w\" sizes=\"auto, (max-width: 1024px) 100vw, 1024px\" \/><\/a><\/p>\n<p><span style=\"font-weight: 400;\">Aquest dimarts dia 19 de febrer el Cicle Superior de l\u2019escola de l\u2019Estaci\u00f3 hem anat a Barcelona al Palau de la M\u00fasica a veure l\u2019espectacle: \u201c<\/span><span style=\"font-weight: 400;\">Les m\u00fasiques del m\u00f3n<\/span><span style=\"font-weight: 400;\">\u201d <\/span><\/p>\n<p><span style=\"font-weight: 400;\">Durant uns 50 minuts hem gaudit de m\u00fasiques populars d\u2019arreu del m\u00f3n. Un viatge musical trepidant que comen\u00e7a amb la suavitat d\u2019una composici\u00f3 de la Xina per finalitzar amb el rock dels EUA, pel cam\u00ed hem passat per R\u00fassia, \u00c0ustria, Congo, Catalunya . . . I tot aix\u00f2 nom\u00e9s amb la veu de cinc extraordinaris cantaires que a cappella aconsegueixen que sembli que sobre l\u2019escenari hi hagi tota una orquestra.<\/span><\/p>\n<p><span style=\"font-weight: 400;\">Els int\u00e8rprets han estat J. Canales, I. Conyedo, D. Morales, J. Vallesp\u00ed i A. Delgado. La direcci\u00f3 musical ha anat a c\u00e0rrec d\u2019en Daniel Morales i la coreografia l\u2019ha dirigit la Jana Grulichov\u00e1. <\/span><\/p>\n<p><span style=\"font-weight: 400;\">Ha estat una actuaci\u00f3 inoblidable, les espectadores no pod\u00edem parar d\u2019acompanyar els ritmes amb les mans o la veu. Ning\u00fa hem quedat indiferents davant de tanta energia musical.<\/span><\/p>\n<p><span style=\"font-weight: 400;\">Si voleu m\u00e9s informaci\u00f3 sobre l\u2019actuaci\u00f3 podeu visitar la web del Palau:<\/span><\/p>\n<p><a href=\"https:\/\/www.palaumusica.cat\/ca\/les-musiques-del-mon_36386\">https:\/\/www.palaumusica.cat\/ca\/les-musiques-del-mon_36386<\/a><\/p>\n<p><span style=\"font-weight: 400;\">Despr\u00e9s de l\u2019actuaci\u00f3 hem enfilat la Via Laietana fins trencar pel carrer Argenteria i tot seguit davant nostre hem vist la monumental fa\u00e7ana de Santa Maria del Mar. Quin goig poder-la veure aix\u00ed. D\u2019aqu\u00ed hem anat al Fossar de les Moreres, on com diu el poeta, no s\u2019enterra cap tra\u00efdor. \u00a0Hem vist el peveter enc\u00e8s en record dels fets del 1714. I caminant pel Passeig del Born hem arribat al mercat. All\u00e0 hem clavat el nas als vidres de la porta per veure el que queda de l\u2019antic barri de Ribera. El Parc de la Ciutadella ja estava a tocar. Quin millor lloc per anar a dinar i a jugar una estona. Per\u00f2 no gaire, ja que encara quedava anar a veure la Gran Cascada monumental, l\u2019escultura del mamut i l\u2019edifici del Parlament. No hem tingut temps per m\u00e9s per arribar puntuals a l\u2019escola.<\/span><\/p>\n<p><span style=\"font-weight: 400;\">VEURE LES FOTOS DE L\u2019EXCURSI\u00d3<\/span><\/p>\n<p><a href=\"https:\/\/drive.google.com\/drive\/folders\/1VNk3s4oHjiknMxFB8Bjhv1L34K3eToZT?usp=sharing\">https:\/\/drive.google.com\/drive\/folders\/1VNk3s4oHjiknMxFB8Bjhv1L34K3eToZT?usp=sharing<\/a><\/p>\n<p>&nbsp;<\/p>\n","protected":false},"excerpt":{"rendered":"<p>Aquest dimarts dia 19 de febrer el Cicle Superior de l\u2019escola de l\u2019Estaci\u00f3 hem anat a Barcelona al Palau de [&hellip;]<\/p>\n","protected":false},"author":8,"featured_media":0,"comment_status":"closed","ping_status":"closed","sticky":false,"template":"","format":"standard","meta":{"_bbp_topic_count":0,"_bbp_reply_count":0,"_bbp_total_topic_count":0,"_bbp_total_reply_count":0,"_bbp_voice_count":0,"_bbp_anonymous_reply_count":0,"_bbp_topic_count_hidden":0,"_bbp_reply_count_hidden":0,"_bbp_forum_subforum_count":0,"site-sidebar-layout":"default","site-content-layout":"","ast-site-content-layout":"","site-content-style":"default","site-sidebar-style":"default","ast-global-header-display":"","ast-banner-title-visibility":"","ast-main-header-display":"","ast-hfb-above-header-display":"","ast-hfb-below-header-display":"","ast-hfb-mobile-header-display":"","site-post-title":"","ast-breadcrumbs-content":"","ast-featured-img":"","footer-sml-layout":"","theme-transparent-header-meta":"","adv-header-id-meta":"","stick-header-meta":"","header-above-stick-meta":"","header-main-stick-meta":"","header-below-stick-meta":"","astra-migrate-meta-layouts":"default","ast-page-background-enabled":"default","ast-page-background-meta":{"desktop":{"background-color":"var(--ast-global-color-4)","background-image":"","background-repeat":"repeat","background-position":"center center","background-size":"auto","background-attachment":"scroll","background-type":"","background-media":"","overlay-type":"","overlay-color":"","overlay-opacity":"","overlay-gradient":""},"tablet":{"background-color":"","background-image":"","background-repeat":"repeat","background-position":"center center","background-size":"auto","background-attachment":"scroll","background-type":"","background-media":"","overlay-type":"","overlay-color":"","overlay-opacity":"","overlay-gradient":""},"mobile":{"background-color":"","background-image":"","background-repeat":"repeat","background-position":"center center","background-size":"auto","background-attachment":"scroll","background-type":"","background-media":"","overlay-type":"","overlay-color":"","overlay-opacity":"","overlay-gradient":""}},"ast-content-background-meta":{"desktop":{"background-color":"var(--ast-global-color-5)","background-image":"","background-repeat":"repeat","background-position":"center center","background-size":"auto","background-attachment":"scroll","background-type":"","background-media":"","overlay-type":"","overlay-color":"","overlay-opacity":"","overlay-gradient":""},"tablet":{"background-color":"var(--ast-global-color-5)","background-image":"","background-repeat":"repeat","background-position":"center center","background-size":"auto","background-attachment":"scroll","background-type":"","background-media":"","overlay-type":"","overlay-color":"","overlay-opacity":"","overlay-gradient":""},"mobile":{"background-color":"var(--ast-global-color-5)","background-image":"","background-repeat":"repeat","background-position":"center center","background-size":"auto","background-attachment":"scroll","background-type":"","background-media":"","overlay-type":"","overlay-color":"","overlay-opacity":"","overlay-gradient":""}},"footnotes":""},"categories":[14,4],"tags":[],"class_list":["post-1293","post","type-post","status-publish","format-standard","hentry","category-5e","category-portada"],"post_mailing_queue_ids":[],"_links":{"self":[{"href":"https:\/\/agora.xtec.cat\/ceipestacio\/wp-json\/wp\/v2\/posts\/1293","targetHints":{"allow":["GET"]}}],"collection":[{"href":"https:\/\/agora.xtec.cat\/ceipestacio\/wp-json\/wp\/v2\/posts"}],"about":[{"href":"https:\/\/agora.xtec.cat\/ceipestacio\/wp-json\/wp\/v2\/types\/post"}],"author":[{"embeddable":true,"href":"https:\/\/agora.xtec.cat\/ceipestacio\/wp-json\/wp\/v2\/users\/8"}],"replies":[{"embeddable":true,"href":"https:\/\/agora.xtec.cat\/ceipestacio\/wp-json\/wp\/v2\/comments?post=1293"}],"version-history":[{"count":2,"href":"https:\/\/agora.xtec.cat\/ceipestacio\/wp-json\/wp\/v2\/posts\/1293\/revisions"}],"predecessor-version":[{"id":1296,"href":"https:\/\/agora.xtec.cat\/ceipestacio\/wp-json\/wp\/v2\/posts\/1293\/revisions\/1296"}],"wp:attachment":[{"href":"https:\/\/agora.xtec.cat\/ceipestacio\/wp-json\/wp\/v2\/media?parent=1293"}],"wp:term":[{"taxonomy":"category","embeddable":true,"href":"https:\/\/agora.xtec.cat\/ceipestacio\/wp-json\/wp\/v2\/categories?post=1293"},{"taxonomy":"post_tag","embeddable":true,"href":"https:\/\/agora.xtec.cat\/ceipestacio\/wp-json\/wp\/v2\/tags?post=1293"}],"curies":[{"name":"wp","href":"https:\/\/api.w.org\/{rel}","templated":true}]}}