{"id":1206,"date":"2019-02-12T18:29:55","date_gmt":"2019-02-12T17:29:55","guid":{"rendered":"http:\/\/agora.xtec.cat\/ceipestacio\/?p=1206"},"modified":"2019-02-22T08:46:11","modified_gmt":"2019-02-22T07:46:11","slug":"cros-escolar-2019-de-sant-feliu","status":"publish","type":"post","link":"https:\/\/agora.xtec.cat\/ceipestacio\/general\/cros-escolar-2019-de-sant-feliu\/","title":{"rendered":"CROS ESCOLAR \u00a02019 DE SANT FELIU"},"content":{"rendered":"<p><span style=\"font-weight: 400;\">El passat dissabte 9 de febrer els alumnes de la nostra escola van participar un any m\u00e9s en el cros escolar de Sant Feliu de Gu\u00edxols.<\/span><\/p>\n<p><span style=\"font-weight: 400;\">\u00c9s una activitat que t\u00e9 molt d&#8217;\u00e8xit entre els nens i nenes de l&#8217;Estaci\u00f3 doncs s&#8217;hi van inscriure 44 alumnes.<\/span><\/p>\n<p><span style=\"font-weight: 400;\">L&#8217;activitat va anar d&#8217;all\u00f2 m\u00e9s b\u00e9 per la bona organitzaci\u00f3, per la il\u00b7lusi\u00f3 que van mostrar tots els participants i els familiars que els van acompanyar i tamb\u00e9 pels bons resultats aconseguits.<\/span><\/p>\n<p>Anna Barb\u00e9 (mestra d&#8217;EF)<\/p>\n<p>NOMS DELS PRIMERS CLASSIFICATS DE CADA CURSA DE L&#8217;ESTACI\u00d3<\/p>\n<table>\n<tbody>\n<tr>\n<td><b>LLOC<\/b><\/td>\n<td><b>NOM<\/b><\/td>\n<td><b>CATEGORIA<\/b><\/td>\n<\/tr>\n<tr>\n<td><span style=\"font-weight: 400;\">1a<\/span><\/td>\n<td><span style=\"font-weight: 400;\">ONA \u00a0\u00a0DAUNIS<\/span><\/td>\n<td><span style=\"font-weight: 400;\">ALEV\u00cd FEMEN\u00cd<\/span><\/td>\n<\/tr>\n<tr>\n<td><span style=\"font-weight: 400;\">2a<\/span><\/td>\n<td><span style=\"font-weight: 400;\">NOA \u00a0ESP\u00cdNOLA<\/span><\/td>\n<td><span style=\"font-weight: 400;\">ALEV\u00cd FEMEN\u00cd<\/span><\/td>\n<\/tr>\n<tr>\n<td><span style=\"font-weight: 400;\">3a<\/span><\/td>\n<td><span style=\"font-weight: 400;\">NINA \u00a0ESP\u00cdNOLA<\/span><\/td>\n<td><span style=\"font-weight: 400;\">ALEV\u00cd FEMEN\u00cd<\/span><\/td>\n<\/tr>\n<tr>\n<td><\/td>\n<td><\/td>\n<td><\/td>\n<\/tr>\n<tr>\n<td><span style=\"font-weight: 400;\">2n<\/span><\/td>\n<td><span style=\"font-weight: 400;\">RIDA \u00a0OUMENNI<\/span><\/td>\n<td><span style=\"font-weight: 400;\">ALEV\u00cd MASCUL\u00cd<\/span><\/td>\n<\/tr>\n<tr>\n<td><span style=\"font-weight: 400;\">3r<\/span><\/td>\n<td><span style=\"font-weight: 400;\">\u00c1LEX ENCINAS<\/span><\/td>\n<td><span style=\"font-weight: 400;\">ALEV\u00cd MASCUL\u00cd<\/span><\/td>\n<\/tr>\n<tr>\n<td><\/td>\n<td><\/td>\n<td><\/td>\n<\/tr>\n<tr>\n<td><span style=\"font-weight: 400;\">2a<\/span><\/td>\n<td><span style=\"font-weight: 400;\">SALMA EL HAMDOUI<\/span><\/td>\n<td><span style=\"font-weight: 400;\">BENJAM\u00cd FEMEN\u00cd<\/span><\/td>\n<\/tr>\n<tr>\n<td><\/td>\n<td><\/td>\n<td><\/td>\n<\/tr>\n<tr>\n<td><span style=\"font-weight: 400;\">1a<\/span><\/td>\n<td><span style=\"font-weight: 400;\">\u00c0NGELA NAVARRO<\/span><\/td>\n<td><span style=\"font-weight: 400;\">PREBENJAN\u00cd FEMEN\u00cd<\/span><\/td>\n<\/tr>\n<tr>\n<td><\/td>\n<td><\/td>\n<td><\/td>\n<\/tr>\n<tr>\n<td><span style=\"font-weight: 400;\">1r<\/span><\/td>\n<td><span style=\"font-weight: 400;\">PAU \u00a0NAVARRO<\/span><\/td>\n<td><span style=\"font-weight: 400;\">ESCOLETA MASCUL\u00cd<\/span><\/td>\n<\/tr>\n<\/tbody>\n<\/table>\n<p style=\"text-align: left;\"><a href=\"https:\/\/agora.xtec.cat\/ceipestacio\/wp-content\/uploads\/usu1918\/2019\/02\/cros.jpg\"><img loading=\"lazy\" decoding=\"async\" class=\"size-large wp-image-1207 alignleft\" src=\"https:\/\/agora.xtec.cat\/ceipestacio\/wp-content\/uploads\/usu1918\/2019\/02\/cros-1024x525.jpg\" alt=\"\" width=\"1024\" height=\"525\" srcset=\"https:\/\/agora.xtec.cat\/ceipestacio\/wp-content\/uploads\/usu1918\/2019\/02\/cros-1024x525.jpg 1024w, https:\/\/agora.xtec.cat\/ceipestacio\/wp-content\/uploads\/usu1918\/2019\/02\/cros-300x154.jpg 300w, https:\/\/agora.xtec.cat\/ceipestacio\/wp-content\/uploads\/usu1918\/2019\/02\/cros-768x393.jpg 768w, https:\/\/agora.xtec.cat\/ceipestacio\/wp-content\/uploads\/usu1918\/2019\/02\/cros.jpg 1952w\" sizes=\"auto, (max-width: 1024px) 100vw, 1024px\" \/><br \/>\n<\/a><\/p>\n<p>VEURE FOTOS DEL CROS CAMARA DE L&#8217;ESCOLA<\/p>\n<p><a href=\"https:\/\/drive.google.com\/drive\/folders\/1GhgntYepdhubVn0_WI45Mo410ur64PK7?usp=sharing\">https:\/\/drive.google.com\/drive\/folders\/1GhgntYepdhubVn0_WI45Mo410ur64PK7?usp=sharing<\/a><\/p>\n<p>VEURE FOTOS DEL CAMARA CONSELL COMARCAL DEL BAIX EMPORD\u00c0<\/p>\n<p>https:\/\/baixemporda.cat\/esports\/ca\/fotografies-5a-jornada-de-cros-sant-feliu-de-guixols-09-02-2019.html<\/p>\n<p>CLASSIFICACI\u00d3 OFICIAL DE TOTS ELS PARTICIPANTS DEL CROS DE SANT FELIU<\/p>\n<p><a href=\"https:\/\/drive.google.com\/file\/d\/10tMouMd5dbZkVG9Y5WjhdUlYHJ7EUYfY\/view?usp=sharing\">https:\/\/drive.google.com\/file\/d\/10tMouMd5dbZkVG9Y5WjhdUlYHJ7EUYfY\/view?usp=sharing<\/a><\/p>\n","protected":false},"excerpt":{"rendered":"<p>El passat dissabte 9 de febrer els alumnes de la nostra escola van participar un any m\u00e9s en el cros [&hellip;]<\/p>\n","protected":false},"author":8,"featured_media":0,"comment_status":"closed","ping_status":"closed","sticky":false,"template":"","format":"standard","meta":{"_bbp_topic_count":0,"_bbp_reply_count":0,"_bbp_total_topic_count":0,"_bbp_total_reply_count":0,"_bbp_voice_count":0,"_bbp_anonymous_reply_count":0,"_bbp_topic_count_hidden":0,"_bbp_reply_count_hidden":0,"_bbp_forum_subforum_count":0,"site-sidebar-layout":"default","site-content-layout":"","ast-site-content-layout":"","site-content-style":"default","site-sidebar-style":"default","ast-global-header-display":"","ast-banner-title-visibility":"","ast-main-header-display":"","ast-hfb-above-header-display":"","ast-hfb-below-header-display":"","ast-hfb-mobile-header-display":"","site-post-title":"","ast-breadcrumbs-content":"","ast-featured-img":"","footer-sml-layout":"","theme-transparent-header-meta":"","adv-header-id-meta":"","stick-header-meta":"","header-above-stick-meta":"","header-main-stick-meta":"","header-below-stick-meta":"","astra-migrate-meta-layouts":"default","ast-page-background-enabled":"default","ast-page-background-meta":{"desktop":{"background-color":"var(--ast-global-color-4)","background-image":"","background-repeat":"repeat","background-position":"center center","background-size":"auto","background-attachment":"scroll","background-type":"","background-media":"","overlay-type":"","overlay-color":"","overlay-opacity":"","overlay-gradient":""},"tablet":{"background-color":"","background-image":"","background-repeat":"repeat","background-position":"center center","background-size":"auto","background-attachment":"scroll","background-type":"","background-media":"","overlay-type":"","overlay-color":"","overlay-opacity":"","overlay-gradient":""},"mobile":{"background-color":"","background-image":"","background-repeat":"repeat","background-position":"center center","background-size":"auto","background-attachment":"scroll","background-type":"","background-media":"","overlay-type":"","overlay-color":"","overlay-opacity":"","overlay-gradient":""}},"ast-content-background-meta":{"desktop":{"background-color":"var(--ast-global-color-5)","background-image":"","background-repeat":"repeat","background-position":"center center","background-size":"auto","background-attachment":"scroll","background-type":"","background-media":"","overlay-type":"","overlay-color":"","overlay-opacity":"","overlay-gradient":""},"tablet":{"background-color":"var(--ast-global-color-5)","background-image":"","background-repeat":"repeat","background-position":"center center","background-size":"auto","background-attachment":"scroll","background-type":"","background-media":"","overlay-type":"","overlay-color":"","overlay-opacity":"","overlay-gradient":""},"mobile":{"background-color":"var(--ast-global-color-5)","background-image":"","background-repeat":"repeat","background-position":"center center","background-size":"auto","background-attachment":"scroll","background-type":"","background-media":"","overlay-type":"","overlay-color":"","overlay-opacity":"","overlay-gradient":""}},"footnotes":""},"categories":[70,1,4],"tags":[],"class_list":["post-1206","post","type-post","status-publish","format-standard","hentry","category-esport-escolar","category-general","category-portada"],"post_mailing_queue_ids":[],"_links":{"self":[{"href":"https:\/\/agora.xtec.cat\/ceipestacio\/wp-json\/wp\/v2\/posts\/1206","targetHints":{"allow":["GET"]}}],"collection":[{"href":"https:\/\/agora.xtec.cat\/ceipestacio\/wp-json\/wp\/v2\/posts"}],"about":[{"href":"https:\/\/agora.xtec.cat\/ceipestacio\/wp-json\/wp\/v2\/types\/post"}],"author":[{"embeddable":true,"href":"https:\/\/agora.xtec.cat\/ceipestacio\/wp-json\/wp\/v2\/users\/8"}],"replies":[{"embeddable":true,"href":"https:\/\/agora.xtec.cat\/ceipestacio\/wp-json\/wp\/v2\/comments?post=1206"}],"version-history":[{"count":2,"href":"https:\/\/agora.xtec.cat\/ceipestacio\/wp-json\/wp\/v2\/posts\/1206\/revisions"}],"predecessor-version":[{"id":1209,"href":"https:\/\/agora.xtec.cat\/ceipestacio\/wp-json\/wp\/v2\/posts\/1206\/revisions\/1209"}],"wp:attachment":[{"href":"https:\/\/agora.xtec.cat\/ceipestacio\/wp-json\/wp\/v2\/media?parent=1206"}],"wp:term":[{"taxonomy":"category","embeddable":true,"href":"https:\/\/agora.xtec.cat\/ceipestacio\/wp-json\/wp\/v2\/categories?post=1206"},{"taxonomy":"post_tag","embeddable":true,"href":"https:\/\/agora.xtec.cat\/ceipestacio\/wp-json\/wp\/v2\/tags?post=1206"}],"curies":[{"name":"wp","href":"https:\/\/api.w.org\/{rel}","templated":true}]}}