{"id":1188,"date":"2019-02-10T19:17:33","date_gmt":"2019-02-10T18:17:33","guid":{"rendered":"http:\/\/agora.xtec.cat\/ceipestacio\/?p=1188"},"modified":"2019-02-18T13:29:22","modified_gmt":"2019-02-18T12:29:22","slug":"anem-al-teatre-a-veure-euria","status":"publish","type":"post","link":"https:\/\/agora.xtec.cat\/ceipestacio\/general\/anem-al-teatre-a-veure-euria\/","title":{"rendered":"Anem al teatre a veure:  EURIA"},"content":{"rendered":"<p>Els alumnes de Cicle Superior aquest passat divendres dia 8 de febrer han anat al Teatre Municipal de Sant Feliu de Gu\u00edxols\u00a0 a veure l&#8217;obre EURIA. Ha estat una molt bona experi\u00e8ncia en que els alumnes que s&#8217;han deixat portar per la trama han gaudit enormenet dels sentiments que vol mostrar aquesta creaci\u00f3. Tot seguit us passem la sinopsi i la fitxa t\u00e8cnica, si mai heu vist cap obra de\u00a0Markeli\u00f1e us les recomanem.<\/p>\n<p>Markeli\u00f1e \u00e9s una companyia teatral d\u2019Amorebieta, al Pa\u00eds Basc, que des de fa\u00a030 anys creen i produeixen uns espectacles, on sempre remouen emocions.<\/p>\n<p>Euria, que vol dir pluja, \u00e9s un espectacle gestual, molt bonic, que parla del dol, de la p\u00e8rdua i de la capacitat per a superar-la.<br \/>\nL\u2019obra mostra un home que est\u00e0 trist per la p\u00e8rdua de la seva parella, i que\u00a0ho evidencia en un paraig\u00fces que havia estat d\u2019ella i que resta al penjador de\u00a0casa. Un dia, pel carrer, troba un altre paraig\u00fces trencat i abandonat que ell s\u2019enduu a casa, creant un conflicte amb el que hi havia al penjador, i escenificant que la vida, d\u2019una manera o altra, ha de tornar a entrar a casa.<br \/>\nEuria est\u00e0 fet amb gotes d\u2019aigua, un paraigua de colors, una caixa d\u2019eines, ll\u00e0grimes guardades als calaixos, quatre acrob\u00e0cies, un altre paraigua trencat i abandonat, gestos bells en una can\u00e7\u00f3 trista, una planxa boja, un despertador de molts records, una finestra a l\u2019exterior i un sol dibuixat. I, si es barreja tot amb m\u00e0gia, sembla com si, al final, parlem de la nostra capacitat de superaci\u00f3.<br \/>\nAquest espectacle ha rebut el Premi Feten 2017 al Millor Espectacle.<\/p>\n<p><strong>FITXA ART\u00cdSTICA:<\/strong><br \/>\n<strong>Gui\u00f3 i direcci\u00f3<\/strong>: Markeli\u00f1e\u00a0 \u00a0 \u00a0 \u00a0 \u00a0 \u00a0 \u00a0 \u00a0 \u00a0 \u00a0 \u00a0 \u00a0 \u00a0 \u00a0 \u00a0 \u00a0 \u00a0 \u00a0 \u00a0 \u00a0 \u00a0 \u00a0<strong>Int\u00e8rpret<\/strong>s: Fernando Barado<br \/>\n<strong>V\u00eddeo<\/strong>: Alphax Estudio\u00a0 \u00a0 \u00a0 \u00a0 \u00a0 \u00a0 \u00a0 \u00a0 \u00a0 \u00a0 \u00a0 \u00a0 \u00a0 \u00a0 \u00a0 \u00a0 \u00a0 \u00a0 \u00a0 \u00a0 \u00a0 \u00a0 \u00a0 \u00a0 \u00a0 \u00a0 \u00a0 \u00a0 \u00a0 \u00a0 \u00a0 \u00a0 \u00a0 \u00a0 \u00a0Nerea Mart\u00ednez \/ Natalia Garcia<br \/>\n<strong>Il.luminaci\u00f3<\/strong>: Jon Kepa Zumalde\u00a0 \u00a0 \u00a0 \u00a0 \u00a0 \u00a0 \u00a0 \u00a0 \u00a0 \u00a0 \u00a0 \u00a0 \u00a0 \u00a0 \u00a0 \u00a0 \u00a0 \u00a0 \u00a0 \u00a0 \u00a0 \u00a0 \u00a0 \u00a0 \u00a0 \u00a0 Itziar Fragua \/ Ioar Fern\u00e1ndez<br \/>\n<strong>Vestuari i il\u00b7lustraci\u00f3<\/strong>: marieta soul espacio creativo<br \/>\n<strong>M\u00fasica<\/strong>: Mario Vi\u00f1uela, Alos Quartet\u00a0 \u00a0 \u00a0 \u00a0 \u00a0 \u00a0 \u00a0 \u00a0 \u00a0 \u00a0 \u00a0 \u00a0 \u00a0 \u00a0<strong>Comunicaci\u00f3<\/strong>: Gloria Hernandez<\/p>\n<p style=\"text-align: center;\"><a href=\"https:\/\/agora.xtec.cat\/ceipestacio\/wp-content\/uploads\/usu1918\/2019\/02\/euria.jpg\"><img loading=\"lazy\" decoding=\"async\" class=\"alignnone size-large wp-image-1189\" src=\"https:\/\/agora.xtec.cat\/ceipestacio\/wp-content\/uploads\/usu1918\/2019\/02\/euria-1024x789.jpg\" alt=\"\" width=\"1024\" height=\"789\" srcset=\"https:\/\/agora.xtec.cat\/ceipestacio\/wp-content\/uploads\/usu1918\/2019\/02\/euria-1024x789.jpg 1024w, https:\/\/agora.xtec.cat\/ceipestacio\/wp-content\/uploads\/usu1918\/2019\/02\/euria-300x231.jpg 300w, https:\/\/agora.xtec.cat\/ceipestacio\/wp-content\/uploads\/usu1918\/2019\/02\/euria-768x592.jpg 768w\" sizes=\"auto, (max-width: 1024px) 100vw, 1024px\" \/><\/a><\/p>\n<p>VEURE M\u00c9S FOTOS:<\/p>\n<p><a href=\"https:\/\/drive.google.com\/open?id=1vhrYstc2hTWgJ7pkfmNLrlpJdM7J8nzl\">https:\/\/drive.google.com\/open?id=1vhrYstc2hTWgJ7pkfmNLrlpJdM7J8nzl<\/a><\/p>\n","protected":false},"excerpt":{"rendered":"<p>Els alumnes de Cicle Superior aquest passat divendres dia 8 de febrer han anat al Teatre Municipal de Sant Feliu [&hellip;]<\/p>\n","protected":false},"author":8,"featured_media":0,"comment_status":"closed","ping_status":"closed","sticky":false,"template":"","format":"standard","meta":{"_bbp_topic_count":0,"_bbp_reply_count":0,"_bbp_total_topic_count":0,"_bbp_total_reply_count":0,"_bbp_voice_count":0,"_bbp_anonymous_reply_count":0,"_bbp_topic_count_hidden":0,"_bbp_reply_count_hidden":0,"_bbp_forum_subforum_count":0,"site-sidebar-layout":"default","site-content-layout":"","ast-site-content-layout":"","site-content-style":"default","site-sidebar-style":"default","ast-global-header-display":"","ast-banner-title-visibility":"","ast-main-header-display":"","ast-hfb-above-header-display":"","ast-hfb-below-header-display":"","ast-hfb-mobile-header-display":"","site-post-title":"","ast-breadcrumbs-content":"","ast-featured-img":"","footer-sml-layout":"","theme-transparent-header-meta":"","adv-header-id-meta":"","stick-header-meta":"","header-above-stick-meta":"","header-main-stick-meta":"","header-below-stick-meta":"","astra-migrate-meta-layouts":"default","ast-page-background-enabled":"default","ast-page-background-meta":{"desktop":{"background-color":"var(--ast-global-color-4)","background-image":"","background-repeat":"repeat","background-position":"center center","background-size":"auto","background-attachment":"scroll","background-type":"","background-media":"","overlay-type":"","overlay-color":"","overlay-opacity":"","overlay-gradient":""},"tablet":{"background-color":"","background-image":"","background-repeat":"repeat","background-position":"center center","background-size":"auto","background-attachment":"scroll","background-type":"","background-media":"","overlay-type":"","overlay-color":"","overlay-opacity":"","overlay-gradient":""},"mobile":{"background-color":"","background-image":"","background-repeat":"repeat","background-position":"center center","background-size":"auto","background-attachment":"scroll","background-type":"","background-media":"","overlay-type":"","overlay-color":"","overlay-opacity":"","overlay-gradient":""}},"ast-content-background-meta":{"desktop":{"background-color":"var(--ast-global-color-5)","background-image":"","background-repeat":"repeat","background-position":"center center","background-size":"auto","background-attachment":"scroll","background-type":"","background-media":"","overlay-type":"","overlay-color":"","overlay-opacity":"","overlay-gradient":""},"tablet":{"background-color":"var(--ast-global-color-5)","background-image":"","background-repeat":"repeat","background-position":"center center","background-size":"auto","background-attachment":"scroll","background-type":"","background-media":"","overlay-type":"","overlay-color":"","overlay-opacity":"","overlay-gradient":""},"mobile":{"background-color":"var(--ast-global-color-5)","background-image":"","background-repeat":"repeat","background-position":"center center","background-size":"auto","background-attachment":"scroll","background-type":"","background-media":"","overlay-type":"","overlay-color":"","overlay-opacity":"","overlay-gradient":""}},"footnotes":""},"categories":[14,1,4],"tags":[],"class_list":["post-1188","post","type-post","status-publish","format-standard","hentry","category-5e","category-general","category-portada"],"post_mailing_queue_ids":[],"_links":{"self":[{"href":"https:\/\/agora.xtec.cat\/ceipestacio\/wp-json\/wp\/v2\/posts\/1188","targetHints":{"allow":["GET"]}}],"collection":[{"href":"https:\/\/agora.xtec.cat\/ceipestacio\/wp-json\/wp\/v2\/posts"}],"about":[{"href":"https:\/\/agora.xtec.cat\/ceipestacio\/wp-json\/wp\/v2\/types\/post"}],"author":[{"embeddable":true,"href":"https:\/\/agora.xtec.cat\/ceipestacio\/wp-json\/wp\/v2\/users\/8"}],"replies":[{"embeddable":true,"href":"https:\/\/agora.xtec.cat\/ceipestacio\/wp-json\/wp\/v2\/comments?post=1188"}],"version-history":[{"count":3,"href":"https:\/\/agora.xtec.cat\/ceipestacio\/wp-json\/wp\/v2\/posts\/1188\/revisions"}],"predecessor-version":[{"id":1195,"href":"https:\/\/agora.xtec.cat\/ceipestacio\/wp-json\/wp\/v2\/posts\/1188\/revisions\/1195"}],"wp:attachment":[{"href":"https:\/\/agora.xtec.cat\/ceipestacio\/wp-json\/wp\/v2\/media?parent=1188"}],"wp:term":[{"taxonomy":"category","embeddable":true,"href":"https:\/\/agora.xtec.cat\/ceipestacio\/wp-json\/wp\/v2\/categories?post=1188"},{"taxonomy":"post_tag","embeddable":true,"href":"https:\/\/agora.xtec.cat\/ceipestacio\/wp-json\/wp\/v2\/tags?post=1188"}],"curies":[{"name":"wp","href":"https:\/\/api.w.org\/{rel}","templated":true}]}}