{"id":9905,"date":"2025-12-01T09:42:23","date_gmt":"2025-12-01T08:42:23","guid":{"rendered":"https:\/\/agora.xtec.cat\/ceipespriu-granollers\/?p=9905"},"modified":"2025-12-01T09:42:34","modified_gmt":"2025-12-01T08:42:34","slug":"ja-tenim-ascensor-a-lespriu","status":"publish","type":"post","link":"https:\/\/agora.xtec.cat\/ceipespriu-granollers\/general\/ja-tenim-ascensor-a-lespriu\/","title":{"rendered":"Ja tenim ascensor a l\u2019Espriu!"},"content":{"rendered":"<p><span style=\"font-weight: 400;\">Despr\u00e9s de molts anys de petici\u00f3 i de lluita per part de tota la Comunitat Educativa, per fi podem anunciar que l\u2019Espriu ja disposa d\u2019ascensor! Aquest \u00e9s un pas molt important per al nostre centre, que ens acosta encara m\u00e9s a una escola accessible, inclusiva i oberta a tothom.<\/span><\/p>\n<p><span style=\"font-weight: 400;\">Les obres van comen\u00e7ar a finals del curs passat i s\u2019han allargat fins ara. Ha estat un proc\u00e9s intens, en qu\u00e8 hem hagut de conviure amb sorolls, canvis d\u2019accessos i modificacions temporals d\u2019espais. Tot i aix\u00f2, l\u2019alumnat, el professorat i les fam\u00edlies heu demostrat una paci\u00e8ncia i una comprensi\u00f3 exemplars, i \u00e9s gr\u00e0cies a vosaltres que aquest projecte ha estat possible.<\/span><\/p>\n<p><span style=\"font-weight: 400;\">La instal\u00b7laci\u00f3 de l\u2019ascensor suposa un gran avan\u00e7 per a la mobilitat dins del centre. Trenca les barreres arquitect\u00f2niques i garanteix que qualsevol alumna o alumne pugui moure\u2019s per l\u2019escola amb facilitat. A m\u00e9s, facilitar\u00e0 molt la log\u00edstica del dia a dia: pujades de mobiliari, despla\u00e7aments d\u2019alumnat amb lesions temporals i totes aquelles situacions en qu\u00e8 abans ens trob\u00e0vem limitats.<\/span><\/p>\n<p><span style=\"font-weight: 400;\">Ara ja tenim l\u2019ascensor acabat i nom\u00e9s resta obtenir els permisos necessaris per poder-lo posar en funcionament. Estem molt a prop de veure\u2019l en marxa!<\/span><\/p>\n<p><b>Moltes gr\u00e0cies a tothom per fer-ho possible!<\/b><\/p>\n<p><img loading=\"lazy\" decoding=\"async\" class=\"aligncenter wp-image-9907 size-large\" src=\"https:\/\/agora.xtec.cat\/ceipespriu-granollers\/wp-content\/uploads\/usu780\/2025\/12\/IMG_8798-768x1024.jpg\" alt=\"\" width=\"768\" height=\"1024\" srcset=\"https:\/\/agora.xtec.cat\/ceipespriu-granollers\/wp-content\/uploads\/usu780\/2025\/12\/IMG_8798-768x1024.jpg 768w, https:\/\/agora.xtec.cat\/ceipespriu-granollers\/wp-content\/uploads\/usu780\/2025\/12\/IMG_8798-225x300.jpg 225w, https:\/\/agora.xtec.cat\/ceipespriu-granollers\/wp-content\/uploads\/usu780\/2025\/12\/IMG_8798-1152x1536.jpg 1152w, https:\/\/agora.xtec.cat\/ceipespriu-granollers\/wp-content\/uploads\/usu780\/2025\/12\/IMG_8798-rotated.jpg 1512w\" sizes=\"auto, (max-width: 768px) 100vw, 768px\" \/><\/p>\n<p><img loading=\"lazy\" decoding=\"async\" class=\"aligncenter wp-image-9908 size-large\" src=\"https:\/\/agora.xtec.cat\/ceipespriu-granollers\/wp-content\/uploads\/usu780\/2025\/12\/IMG_8828-1-1024x768.jpg\" alt=\"\" width=\"1024\" height=\"768\" srcset=\"https:\/\/agora.xtec.cat\/ceipespriu-granollers\/wp-content\/uploads\/usu780\/2025\/12\/IMG_8828-1-1024x768.jpg 1024w, https:\/\/agora.xtec.cat\/ceipespriu-granollers\/wp-content\/uploads\/usu780\/2025\/12\/IMG_8828-1-300x225.jpg 300w, https:\/\/agora.xtec.cat\/ceipespriu-granollers\/wp-content\/uploads\/usu780\/2025\/12\/IMG_8828-1-768x576.jpg 768w, https:\/\/agora.xtec.cat\/ceipespriu-granollers\/wp-content\/uploads\/usu780\/2025\/12\/IMG_8828-1-1536x1152.jpg 1536w, https:\/\/agora.xtec.cat\/ceipespriu-granollers\/wp-content\/uploads\/usu780\/2025\/12\/IMG_8828-1-2048x1536.jpg 2048w, https:\/\/agora.xtec.cat\/ceipespriu-granollers\/wp-content\/uploads\/usu780\/2025\/12\/IMG_8828-1-200x150.jpg 200w\" sizes=\"auto, (max-width: 1024px) 100vw, 1024px\" \/><\/p>\n<p>&nbsp;<\/p>\n","protected":false},"excerpt":{"rendered":"<p>Despr\u00e9s de molts anys de petici\u00f3 i de lluita per part de tota la Comunitat Educativa, per fi podem anunciar que l\u2019Espriu ja disposa d\u2019ascensor! Aquest \u00e9s un pas molt important per al nostre centre, que ens acosta encara m\u00e9s a una escola accessible, inclusiva i oberta a tothom. Les obres van comen\u00e7ar a finals [&hellip;]<\/p>\n","protected":false},"author":1,"featured_media":9906,"comment_status":"closed","ping_status":"open","sticky":false,"template":"","format":"standard","meta":{"_bbp_topic_count":0,"_bbp_reply_count":0,"_bbp_total_topic_count":0,"_bbp_total_reply_count":0,"_bbp_voice_count":0,"_bbp_anonymous_reply_count":0,"_bbp_topic_count_hidden":0,"_bbp_reply_count_hidden":0,"_bbp_forum_subforum_count":0,"site-sidebar-layout":"default","site-content-layout":"","ast-site-content-layout":"","site-content-style":"default","site-sidebar-style":"default","ast-global-header-display":"","ast-banner-title-visibility":"","ast-main-header-display":"","ast-hfb-above-header-display":"","ast-hfb-below-header-display":"","ast-hfb-mobile-header-display":"","site-post-title":"","ast-breadcrumbs-content":"","ast-featured-img":"","footer-sml-layout":"","theme-transparent-header-meta":"","adv-header-id-meta":"","stick-header-meta":"","header-above-stick-meta":"","header-main-stick-meta":"","header-below-stick-meta":"","astra-migrate-meta-layouts":"default","ast-page-background-enabled":"default","ast-page-background-meta":{"desktop":{"background-color":"var(--ast-global-color-4)","background-image":"","background-repeat":"repeat","background-position":"center center","background-size":"auto","background-attachment":"scroll","background-type":"","background-media":"","overlay-type":"","overlay-color":"","overlay-opacity":"","overlay-gradient":""},"tablet":{"background-color":"","background-image":"","background-repeat":"repeat","background-position":"center center","background-size":"auto","background-attachment":"scroll","background-type":"","background-media":"","overlay-type":"","overlay-color":"","overlay-opacity":"","overlay-gradient":""},"mobile":{"background-color":"","background-image":"","background-repeat":"repeat","background-position":"center center","background-size":"auto","background-attachment":"scroll","background-type":"","background-media":"","overlay-type":"","overlay-color":"","overlay-opacity":"","overlay-gradient":""}},"ast-content-background-meta":{"desktop":{"background-color":"var(--ast-global-color-5)","background-image":"","background-repeat":"repeat","background-position":"center center","background-size":"auto","background-attachment":"scroll","background-type":"","background-media":"","overlay-type":"","overlay-color":"","overlay-opacity":"","overlay-gradient":""},"tablet":{"background-color":"var(--ast-global-color-5)","background-image":"","background-repeat":"repeat","background-position":"center center","background-size":"auto","background-attachment":"scroll","background-type":"","background-media":"","overlay-type":"","overlay-color":"","overlay-opacity":"","overlay-gradient":""},"mobile":{"background-color":"var(--ast-global-color-5)","background-image":"","background-repeat":"repeat","background-position":"center center","background-size":"auto","background-attachment":"scroll","background-type":"","background-media":"","overlay-type":"","overlay-color":"","overlay-opacity":"","overlay-gradient":""}},"footnotes":""},"categories":[1,4],"tags":[215],"class_list":["post-9905","post","type-post","status-publish","format-standard","has-post-thumbnail","hentry","category-general","category-portada","tag-curs-2025-2026"],"post_mailing_queue_ids":[],"_links":{"self":[{"href":"https:\/\/agora.xtec.cat\/ceipespriu-granollers\/wp-json\/wp\/v2\/posts\/9905","targetHints":{"allow":["GET"]}}],"collection":[{"href":"https:\/\/agora.xtec.cat\/ceipespriu-granollers\/wp-json\/wp\/v2\/posts"}],"about":[{"href":"https:\/\/agora.xtec.cat\/ceipespriu-granollers\/wp-json\/wp\/v2\/types\/post"}],"author":[{"embeddable":true,"href":"https:\/\/agora.xtec.cat\/ceipespriu-granollers\/wp-json\/wp\/v2\/users\/1"}],"replies":[{"embeddable":true,"href":"https:\/\/agora.xtec.cat\/ceipespriu-granollers\/wp-json\/wp\/v2\/comments?post=9905"}],"version-history":[{"count":1,"href":"https:\/\/agora.xtec.cat\/ceipespriu-granollers\/wp-json\/wp\/v2\/posts\/9905\/revisions"}],"predecessor-version":[{"id":9910,"href":"https:\/\/agora.xtec.cat\/ceipespriu-granollers\/wp-json\/wp\/v2\/posts\/9905\/revisions\/9910"}],"wp:featuredmedia":[{"embeddable":true,"href":"https:\/\/agora.xtec.cat\/ceipespriu-granollers\/wp-json\/wp\/v2\/media\/9906"}],"wp:attachment":[{"href":"https:\/\/agora.xtec.cat\/ceipespriu-granollers\/wp-json\/wp\/v2\/media?parent=9905"}],"wp:term":[{"taxonomy":"category","embeddable":true,"href":"https:\/\/agora.xtec.cat\/ceipespriu-granollers\/wp-json\/wp\/v2\/categories?post=9905"},{"taxonomy":"post_tag","embeddable":true,"href":"https:\/\/agora.xtec.cat\/ceipespriu-granollers\/wp-json\/wp\/v2\/tags?post=9905"}],"curies":[{"name":"wp","href":"https:\/\/api.w.org\/{rel}","templated":true}]}}