{"id":9901,"date":"2025-12-01T09:39:10","date_gmt":"2025-12-01T08:39:10","guid":{"rendered":"https:\/\/agora.xtec.cat\/ceipespriu-granollers\/?p=9901"},"modified":"2025-12-01T09:39:28","modified_gmt":"2025-12-01T08:39:28","slug":"seguim-creixent-amb-el-projecte-erasmus","status":"publish","type":"post","link":"https:\/\/agora.xtec.cat\/ceipespriu-granollers\/general\/seguim-creixent-amb-el-projecte-erasmus\/","title":{"rendered":"Seguim creixent amb el projecte ERASMUS+!"},"content":{"rendered":"<p><span style=\"font-weight: 400;\">Aquest curs, a l\u2019escola continuem immersos en el projecte <\/span><b>ERASMUS+<\/b><span style=\"font-weight: 400;\">, una iniciativa que ens permet obrir finestres al m\u00f3n i enriquir-nos amb noves maneres d\u2019ensenyar i d\u2019aprendre. Tant el professorat com l\u2019alumnat tenim l\u2019oportunitat de viatjar, compartir experi\u00e8ncies i descobrir noves cultures, i aix\u00f2 es converteix en un aprenentatge vivencial que va molt m\u00e9s enll\u00e0 de les aules.<\/span><\/p>\n<p><span style=\"font-weight: 400;\">Durant aquest any escolar, el nostre equip docent emprendr\u00e0 diverses mobilitats internacionals. Algunes mestres viatjaran a <\/span><b>Finl\u00e0ndia<\/b><span style=\"font-weight: 400;\">, un dels pa\u00efsos capdavanters en innovaci\u00f3 pedag\u00f2gica. Altres visitaran <\/span><b>Reggio Emilia<\/b><span style=\"font-weight: 400;\">, ciutat referent mundial en educaci\u00f3 infantil, per aprofundir en aquesta metodologia que posa l\u2019infant al centre del seu propi aprenentatge. Tamb\u00e9 hi haur\u00e0 una estada a <\/span><b>Pistoia<\/b><span style=\"font-weight: 400;\">, un altre punt fort de la pedagogia italiana que inspira moltes pr\u00e0ctiques educatives arreu d\u2019Europa.<\/span><\/p>\n<p><span style=\"font-weight: 400;\">A m\u00e9s, dos alumnes de <\/span><b>6\u00e8 de Prim\u00e0ria<\/b><span style=\"font-weight: 400;\"> tindran l\u2019oportunitat \u00fanica de viatjar a <\/span><b>Eslov\u00e8nia<\/b><span style=\"font-weight: 400;\">, on participaran en activitats d\u2019intercanvi, tallers i conviv\u00e8ncia amb estudiants d\u2019altres escoles. Una viv\u00e8ncia que segur que recordaran tota la vida!<\/span><\/p>\n<p><span style=\"font-weight: 400;\">Aquest curs tamb\u00e9 hem tingut el privilegi de rebre professorat i alumnat d\u2019altres pa\u00efsos. Ens han visitat unes mestres d\u2019<\/span><b>Eslov\u00e8nia<\/b><span style=\"font-weight: 400;\">, aix\u00ed com dues alumnes de <\/span><b>Fran\u00e7a<\/b><span style=\"font-weight: 400;\">. La seva estada ha omplert l\u2019escola de noves idees, lleng\u00fces diferents i moltes ganes de compartir.<\/span><\/p>\n<p><span style=\"font-weight: 400;\">El projecte ERASMUS+ t\u00e9 un paper clau en el nostre <\/span><b>TIL (Tractament Integrat de Lleng\u00fces)<\/b><span style=\"font-weight: 400;\">, un dels pilars fonamentals de l\u2019escola. Les experi\u00e8ncies internacionals afavoreixen l\u2019\u00fas real de les lleng\u00fces estrangeres, fomenten l\u2019obertura mental i contribueixen a formar una comunitat educativa m\u00e9s global, diversa i preparada per als reptes del futur.<\/span><\/p>\n<p><span style=\"font-weight: 400;\">Continuarem treballant amb il\u00b7lusi\u00f3 perqu\u00e8 aquesta aventura col\u00b7lectiva segueixi creixent i arribant a m\u00e9s membres de la nostra escola.<\/span><span style=\"font-weight: 400;\"><br \/>\n<\/span> <b>Erasmus+ \u00e9s, sens dubte, una finestra al m\u00f3n\u2026 i una porta a noves oportunitats!<\/b><\/p>\n","protected":false},"excerpt":{"rendered":"<p>Aquest curs, a l\u2019escola continuem immersos en el projecte ERASMUS+, una iniciativa que ens permet obrir finestres al m\u00f3n i enriquir-nos amb noves maneres d\u2019ensenyar i d\u2019aprendre. Tant el professorat com l\u2019alumnat tenim l\u2019oportunitat de viatjar, compartir experi\u00e8ncies i descobrir noves cultures, i aix\u00f2 es converteix en un aprenentatge vivencial que va molt m\u00e9s enll\u00e0 [&hellip;]<\/p>\n","protected":false},"author":1,"featured_media":9902,"comment_status":"closed","ping_status":"open","sticky":false,"template":"","format":"standard","meta":{"_bbp_topic_count":0,"_bbp_reply_count":0,"_bbp_total_topic_count":0,"_bbp_total_reply_count":0,"_bbp_voice_count":0,"_bbp_anonymous_reply_count":0,"_bbp_topic_count_hidden":0,"_bbp_reply_count_hidden":0,"_bbp_forum_subforum_count":0,"site-sidebar-layout":"default","site-content-layout":"","ast-site-content-layout":"","site-content-style":"default","site-sidebar-style":"default","ast-global-header-display":"","ast-banner-title-visibility":"","ast-main-header-display":"","ast-hfb-above-header-display":"","ast-hfb-below-header-display":"","ast-hfb-mobile-header-display":"","site-post-title":"","ast-breadcrumbs-content":"","ast-featured-img":"","footer-sml-layout":"","theme-transparent-header-meta":"","adv-header-id-meta":"","stick-header-meta":"","header-above-stick-meta":"","header-main-stick-meta":"","header-below-stick-meta":"","astra-migrate-meta-layouts":"default","ast-page-background-enabled":"default","ast-page-background-meta":{"desktop":{"background-color":"var(--ast-global-color-4)","background-image":"","background-repeat":"repeat","background-position":"center center","background-size":"auto","background-attachment":"scroll","background-type":"","background-media":"","overlay-type":"","overlay-color":"","overlay-opacity":"","overlay-gradient":""},"tablet":{"background-color":"","background-image":"","background-repeat":"repeat","background-position":"center center","background-size":"auto","background-attachment":"scroll","background-type":"","background-media":"","overlay-type":"","overlay-color":"","overlay-opacity":"","overlay-gradient":""},"mobile":{"background-color":"","background-image":"","background-repeat":"repeat","background-position":"center center","background-size":"auto","background-attachment":"scroll","background-type":"","background-media":"","overlay-type":"","overlay-color":"","overlay-opacity":"","overlay-gradient":""}},"ast-content-background-meta":{"desktop":{"background-color":"var(--ast-global-color-5)","background-image":"","background-repeat":"repeat","background-position":"center center","background-size":"auto","background-attachment":"scroll","background-type":"","background-media":"","overlay-type":"","overlay-color":"","overlay-opacity":"","overlay-gradient":""},"tablet":{"background-color":"var(--ast-global-color-5)","background-image":"","background-repeat":"repeat","background-position":"center center","background-size":"auto","background-attachment":"scroll","background-type":"","background-media":"","overlay-type":"","overlay-color":"","overlay-opacity":"","overlay-gradient":""},"mobile":{"background-color":"var(--ast-global-color-5)","background-image":"","background-repeat":"repeat","background-position":"center center","background-size":"auto","background-attachment":"scroll","background-type":"","background-media":"","overlay-type":"","overlay-color":"","overlay-opacity":"","overlay-gradient":""}},"footnotes":""},"categories":[141,1,4],"tags":[215],"class_list":["post-9901","post","type-post","status-publish","format-standard","has-post-thumbnail","hentry","category-erasmus","category-general","category-portada","tag-curs-2025-2026"],"post_mailing_queue_ids":[],"_links":{"self":[{"href":"https:\/\/agora.xtec.cat\/ceipespriu-granollers\/wp-json\/wp\/v2\/posts\/9901","targetHints":{"allow":["GET"]}}],"collection":[{"href":"https:\/\/agora.xtec.cat\/ceipespriu-granollers\/wp-json\/wp\/v2\/posts"}],"about":[{"href":"https:\/\/agora.xtec.cat\/ceipespriu-granollers\/wp-json\/wp\/v2\/types\/post"}],"author":[{"embeddable":true,"href":"https:\/\/agora.xtec.cat\/ceipespriu-granollers\/wp-json\/wp\/v2\/users\/1"}],"replies":[{"embeddable":true,"href":"https:\/\/agora.xtec.cat\/ceipespriu-granollers\/wp-json\/wp\/v2\/comments?post=9901"}],"version-history":[{"count":2,"href":"https:\/\/agora.xtec.cat\/ceipespriu-granollers\/wp-json\/wp\/v2\/posts\/9901\/revisions"}],"predecessor-version":[{"id":9904,"href":"https:\/\/agora.xtec.cat\/ceipespriu-granollers\/wp-json\/wp\/v2\/posts\/9901\/revisions\/9904"}],"wp:featuredmedia":[{"embeddable":true,"href":"https:\/\/agora.xtec.cat\/ceipespriu-granollers\/wp-json\/wp\/v2\/media\/9902"}],"wp:attachment":[{"href":"https:\/\/agora.xtec.cat\/ceipespriu-granollers\/wp-json\/wp\/v2\/media?parent=9901"}],"wp:term":[{"taxonomy":"category","embeddable":true,"href":"https:\/\/agora.xtec.cat\/ceipespriu-granollers\/wp-json\/wp\/v2\/categories?post=9901"},{"taxonomy":"post_tag","embeddable":true,"href":"https:\/\/agora.xtec.cat\/ceipespriu-granollers\/wp-json\/wp\/v2\/tags?post=9901"}],"curies":[{"name":"wp","href":"https:\/\/api.w.org\/{rel}","templated":true}]}}