{"id":9898,"date":"2025-12-01T09:37:44","date_gmt":"2025-12-01T08:37:44","guid":{"rendered":"https:\/\/agora.xtec.cat\/ceipespriu-granollers\/?p=9898"},"modified":"2026-02-05T10:49:00","modified_gmt":"2026-02-05T09:49:00","slug":"un-curs-de-cinema-llums-camera-i-accio","status":"publish","type":"post","link":"https:\/\/agora.xtec.cat\/ceipespriu-granollers\/general\/un-curs-de-cinema-llums-camera-i-accio\/","title":{"rendered":"Un curs de cinema! Llums, c\u00e0mera i\u2026 acci\u00f3!"},"content":{"rendered":"<p><span style=\"font-weight: 400;\">Aquest any, a la nostra escola, hem encetat un projecte vertical i transversal que ens fa especial il\u00b7lusi\u00f3: <\/span><b>\u201cLlums, c\u00e0mera i\u2026 acci\u00f3!\u201d<\/b><span style=\"font-weight: 400;\">. Sota aquesta gran pregunta, tots els cursos \u2014des dels m\u00e9s petits fins als m\u00e9s grans\u2014 estem immersos en un viatge fascinant pel m\u00f3n del cinema.<\/span><\/p>\n<p><span style=\"font-weight: 400;\">Des del primer dia, l\u2019ambient cinematogr\u00e0fic es respira a cada rac\u00f3 del centre. <\/span><b>Les classes han estrenat noms relacionats amb el set\u00e8 art<\/b><span style=\"font-weight: 400;\">, des de directors i directores fins a pel\u00b7l\u00edcules i personatges emblem\u00e0tics. Cada passad\u00eds \u00e9s un petit homenatge al cinema i desperta la curiositat i la creativitat dels alumnes.<\/span><\/p>\n<p><span style=\"font-weight: 400;\">Tenim la sort de tenir el <\/span><b>Cinema Edison just davant de l\u2019escola<\/b><span style=\"font-weight: 400;\">, i aix\u00f2 ens ha perm\u00e8s acostar-nos una mica m\u00e9s a aquest univers: hem fet visites, hem descobert com funciona una sala de projecci\u00f3 i hem apr\u00e8s a mirar les pel\u00b7l\u00edcules amb uns altres ulls.<\/span><\/p>\n<p><span style=\"font-weight: 400;\">Per\u00f2 el m\u00e9s emocionant \u00e9s que <\/span><b>a l\u2019escola hem rodat la nostra pr\u00f2pia pel\u00b7l\u00edcula de Castanyada<\/b><span style=\"font-weight: 400;\">!<\/span><\/p>\n<p><span style=\"font-weight: 400;\">I, com si fos poc, <\/span><b>al nostre mateix carrer s\u2019ha rodat una pel\u00b7l\u00edcula de veritat<\/b><span style=\"font-weight: 400;\">. Hem pogut veure c\u00e0meres, llums, equip t\u00e8cnic i actors en plena feina. Una experi\u00e8ncia \u00fanica que ha fet encara m\u00e9s viu el nostre projecte.<\/span><\/p>\n<p><span style=\"font-weight: 400;\">Al llarg del curs, <\/span><b>les entrades i sortides a l\u2019escola van acompanyades de m\u00fasiques de cinema<\/b><span style=\"font-weight: 400;\">, parlem dels diferents g\u00e8neres, dels oficis que hi ha al darrere i de com una hist\u00f2ria passa del paper a la pantalla. I el que encara ha de venir: <\/span><b>un carnaval de cinema<\/b><span style=\"font-weight: 400;\"> que promet ser espectacular!<\/span><\/p>\n<p><span style=\"font-weight: 400;\">Fins i tot la <\/span><b>decoraci\u00f3 de Nadal s\u2019hi ha sumat<\/b><span style=\"font-weight: 400;\">: enguany, l\u2019estrella \u00e9s feta\u2026 de crispetes! Perqu\u00e8 s\u00ed: <\/span><b>aquest \u00e9s, sens dubte, un curs de cinema.<\/b><\/p>\n<p><b>Llums, c\u00e0mera\u2026 i seguim endavant!<\/b><span style=\"font-weight: 400;\"> \ud83c\udfac\u2728<\/span><\/p>\n<p><img loading=\"lazy\" decoding=\"async\" class=\"aligncenter size-large wp-image-9899\" src=\"https:\/\/agora.xtec.cat\/ceipespriu-granollers\/wp-content\/uploads\/usu780\/2025\/12\/noms-20252026-1_page-0001-1024x724.jpg\" alt=\"\" width=\"1024\" height=\"724\" srcset=\"https:\/\/agora.xtec.cat\/ceipespriu-granollers\/wp-content\/uploads\/usu780\/2025\/12\/noms-20252026-1_page-0001-1024x724.jpg 1024w, https:\/\/agora.xtec.cat\/ceipespriu-granollers\/wp-content\/uploads\/usu780\/2025\/12\/noms-20252026-1_page-0001-300x212.jpg 300w, https:\/\/agora.xtec.cat\/ceipespriu-granollers\/wp-content\/uploads\/usu780\/2025\/12\/noms-20252026-1_page-0001-768x543.jpg 768w, https:\/\/agora.xtec.cat\/ceipespriu-granollers\/wp-content\/uploads\/usu780\/2025\/12\/noms-20252026-1_page-0001-1536x1086.jpg 1536w, https:\/\/agora.xtec.cat\/ceipespriu-granollers\/wp-content\/uploads\/usu780\/2025\/12\/noms-20252026-1_page-0001.jpg 1755w\" sizes=\"auto, (max-width: 1024px) 100vw, 1024px\" \/><\/p>\n","protected":false},"excerpt":{"rendered":"<p>Aquest any, a la nostra escola, hem encetat un projecte vertical i transversal que ens fa especial il\u00b7lusi\u00f3: \u201cLlums, c\u00e0mera i\u2026 acci\u00f3!\u201d. Sota aquesta gran pregunta, tots els cursos \u2014des dels m\u00e9s petits fins als m\u00e9s grans\u2014 estem immersos en un viatge fascinant pel m\u00f3n del cinema. Des del primer dia, l\u2019ambient cinematogr\u00e0fic es respira [&hellip;]<\/p>\n","protected":false},"author":1,"featured_media":9899,"comment_status":"closed","ping_status":"open","sticky":false,"template":"","format":"standard","meta":{"_bbp_topic_count":0,"_bbp_reply_count":0,"_bbp_total_topic_count":0,"_bbp_total_reply_count":0,"_bbp_voice_count":0,"_bbp_anonymous_reply_count":0,"_bbp_topic_count_hidden":0,"_bbp_reply_count_hidden":0,"_bbp_forum_subforum_count":0,"site-sidebar-layout":"default","site-content-layout":"","ast-site-content-layout":"default","site-content-style":"default","site-sidebar-style":"default","ast-global-header-display":"","ast-banner-title-visibility":"","ast-main-header-display":"","ast-hfb-above-header-display":"","ast-hfb-below-header-display":"","ast-hfb-mobile-header-display":"","site-post-title":"","ast-breadcrumbs-content":"","ast-featured-img":"","footer-sml-layout":"","theme-transparent-header-meta":"default","adv-header-id-meta":"","stick-header-meta":"","header-above-stick-meta":"","header-main-stick-meta":"","header-below-stick-meta":"","astra-migrate-meta-layouts":"set","ast-page-background-enabled":"default","ast-page-background-meta":{"desktop":{"background-color":"var(--ast-global-color-4)","background-image":"","background-repeat":"repeat","background-position":"center center","background-size":"auto","background-attachment":"scroll","background-type":"","background-media":"","overlay-type":"","overlay-color":"","overlay-opacity":"","overlay-gradient":""},"tablet":{"background-color":"","background-image":"","background-repeat":"repeat","background-position":"center center","background-size":"auto","background-attachment":"scroll","background-type":"","background-media":"","overlay-type":"","overlay-color":"","overlay-opacity":"","overlay-gradient":""},"mobile":{"background-color":"","background-image":"","background-repeat":"repeat","background-position":"center center","background-size":"auto","background-attachment":"scroll","background-type":"","background-media":"","overlay-type":"","overlay-color":"","overlay-opacity":"","overlay-gradient":""}},"ast-content-background-meta":{"desktop":{"background-color":"var(--ast-global-color-5)","background-image":"","background-repeat":"repeat","background-position":"center center","background-size":"auto","background-attachment":"scroll","background-type":"","background-media":"","overlay-type":"","overlay-color":"","overlay-opacity":"","overlay-gradient":""},"tablet":{"background-color":"var(--ast-global-color-5)","background-image":"","background-repeat":"repeat","background-position":"center center","background-size":"auto","background-attachment":"scroll","background-type":"","background-media":"","overlay-type":"","overlay-color":"","overlay-opacity":"","overlay-gradient":""},"mobile":{"background-color":"var(--ast-global-color-5)","background-image":"","background-repeat":"repeat","background-position":"center center","background-size":"auto","background-attachment":"scroll","background-type":"","background-media":"","overlay-type":"","overlay-color":"","overlay-opacity":"","overlay-gradient":""}},"footnotes":""},"categories":[10,223,11,224,12,225,13,14,15,1,3,8,9,2,4,5],"tags":[215],"class_list":["post-9898","post","type-post","status-publish","format-standard","has-post-thumbnail","hentry","category-1r","category-1r-cicle","category-2n","category-2n-cicle","category-3r","category-3r-cicle","category-4t","category-5e","category-6e","category-general","category-i3","category-i4","category-i5","category-infantil","category-portada","category-primaria","tag-curs-2025-2026"],"post_mailing_queue_ids":[],"_links":{"self":[{"href":"https:\/\/agora.xtec.cat\/ceipespriu-granollers\/wp-json\/wp\/v2\/posts\/9898","targetHints":{"allow":["GET"]}}],"collection":[{"href":"https:\/\/agora.xtec.cat\/ceipespriu-granollers\/wp-json\/wp\/v2\/posts"}],"about":[{"href":"https:\/\/agora.xtec.cat\/ceipespriu-granollers\/wp-json\/wp\/v2\/types\/post"}],"author":[{"embeddable":true,"href":"https:\/\/agora.xtec.cat\/ceipespriu-granollers\/wp-json\/wp\/v2\/users\/1"}],"replies":[{"embeddable":true,"href":"https:\/\/agora.xtec.cat\/ceipespriu-granollers\/wp-json\/wp\/v2\/comments?post=9898"}],"version-history":[{"count":1,"href":"https:\/\/agora.xtec.cat\/ceipespriu-granollers\/wp-json\/wp\/v2\/posts\/9898\/revisions"}],"predecessor-version":[{"id":9900,"href":"https:\/\/agora.xtec.cat\/ceipespriu-granollers\/wp-json\/wp\/v2\/posts\/9898\/revisions\/9900"}],"wp:featuredmedia":[{"embeddable":true,"href":"https:\/\/agora.xtec.cat\/ceipespriu-granollers\/wp-json\/wp\/v2\/media\/9899"}],"wp:attachment":[{"href":"https:\/\/agora.xtec.cat\/ceipespriu-granollers\/wp-json\/wp\/v2\/media?parent=9898"}],"wp:term":[{"taxonomy":"category","embeddable":true,"href":"https:\/\/agora.xtec.cat\/ceipespriu-granollers\/wp-json\/wp\/v2\/categories?post=9898"},{"taxonomy":"post_tag","embeddable":true,"href":"https:\/\/agora.xtec.cat\/ceipespriu-granollers\/wp-json\/wp\/v2\/tags?post=9898"}],"curies":[{"name":"wp","href":"https:\/\/api.w.org\/{rel}","templated":true}]}}