{"id":9859,"date":"2025-11-26T19:25:51","date_gmt":"2025-11-26T18:25:51","guid":{"rendered":"https:\/\/agora.xtec.cat\/ceipespriu-granollers\/?p=9859"},"modified":"2025-11-28T09:16:58","modified_gmt":"2025-11-28T08:16:58","slug":"comenca-la-formacio-the-reggio-emilia-approach-to-education","status":"publish","type":"post","link":"https:\/\/agora.xtec.cat\/ceipespriu-granollers\/general\/comenca-la-formacio-the-reggio-emilia-approach-to-education\/","title":{"rendered":"Comen\u00e7a la formaci\u00f3 \u201cThe Reggio Emilia Approach to Education\u201d!"},"content":{"rendered":"<p>&nbsp;<\/p>\n<p><b>Comen\u00e7a la formaci\u00f3 \u201cThe Reggio Emilia Approach to Education\u201d<\/b><\/p>\n<p><span style=\"font-weight: 400;\">Avui, gr\u00e0cies al projecte Erasmus+ ALASVO, la nostra escola, juntament amb tres escoles m\u00e9s, ha iniciat la formaci\u00f3 al <\/span><i><span style=\"font-weight: 400;\">Centro Internazionale Loris Malaguzzi<\/span><\/i><span style=\"font-weight: 400;\">, a Reggio Emilia, ciutat italiana que dona nom a l\u2019enfocament educatiu impulsat pel pedagog Loris Malaguzzi.<\/span><\/p>\n<p><span style=\"font-weight: 400;\">En aquesta primera jornada les mestres hem assistit a una confer\u00e8ncia d\u2019Elena Maccaferri, pedagoga de les escoles p\u00fabliques d\u2019infantil de Reggio Emilia. La ponent ens ha parlat de com, en aquest projecte educatiu, l\u2019infant \u00e9s considerat el centre i protagonista del seu aprenentatge: un \u00e9sser curi\u00f3s i capa\u00e7, que creix explorant, observant i relacionant-se tant amb l\u2019entorn com amb les persones que l\u2019envolten.\u00a0<\/span><\/p>\n<p><span style=\"font-weight: 400;\">Aquestes escoles entenen l\u2019educaci\u00f3 com una feina compartida i comunit\u00e0ria. Per tant, l\u2019escola treballa molt arrelada al municipi i amb una mirada oberta i global, creant una xarxa viva entre fam\u00edlies, docents i serveis de la ciutat.<\/span><\/p>\n<p><span style=\"font-weight: 400;\">Un altre aspecte central \u00e9s la manera d\u2019acompanyar els infants. La pedagogia de Reggio es basa en l\u2019escolta, l\u2019observaci\u00f3 i la documentaci\u00f3 del que passa a l\u2019aula. Documentar \u00e9s una manera de compartir processos, entendre millor que aprenen els infants i reflexionar col\u00b7lectivament entre tots els professionals que entren a l\u2019escola.<\/span><\/p>\n<p><span style=\"font-weight: 400;\">Tamb\u00e9 s\u2019ha aprofundit en la cura dels espais i dels materials. A Reggio Emilia entenen que un ambient bonic, acollidor i pensat amb intenci\u00f3 \u00e9s fonamental perqu\u00e8 els infants tinguin ganes d\u2019experimentar. L\u2019arquitectura es posa al servei de l\u2019educaci\u00f3 i cada espai t\u00e9 una funci\u00f3 clara. Aquesta mirada va lligada al fet que els infants aprenen a trav\u00e9s de molts llenguatges diferents.<\/span><\/p>\n<p><span style=\"font-weight: 400;\">Aquest primer dia ha estat ple de reflexions i inspiraci\u00f3, i ens encoratja a continuar aprenent per continuar enriquint la mirada educativa de la nostra escola.<\/span><\/p>\n<p style=\"text-align: right;\"><span style=\"font-weight: 400;\">Dolors Garcia (Escola Pilar Mestres)<\/span><\/p>\n<p style=\"text-align: right;\"><span style=\"font-weight: 400;\">Fiona Calatayud (Escola Santa Agn\u00e8s)<\/span><\/p>\n<p style=\"text-align: right;\"><span style=\"font-weight: 400;\">Nat\u00e0lia Munuera (Escola Tur\u00f3 de Can Gili)<\/span><\/p>\n<p style=\"text-align: right;\"><span style=\"font-weight: 400;\">Irene C\u00e0mara (Escola Salvador Espriu)<\/span><\/p>\n<p>&nbsp;<\/p>\n<p style=\"text-align: left;\"><b>The training \u201cThe Reggio Emilia Approach to Education\u201d begins!<\/b><\/p>\n<p><span style=\"font-weight: 400;\">Today, thanks to the Erasmus+ ALASVO project, our school with three other schools, we have started a training course at the <\/span><i><span style=\"font-weight: 400;\">Centro Internazionale Loris Malaguzzi<\/span><\/i><span style=\"font-weight: 400;\"> in Reggio Emilia, the Italian city that gives its name to the educational approach developed by the pedagogue Loris Malaguzzi.<\/span><\/p>\n<p><span style=\"font-weight: 400;\">On this first day, we attended a lecture by Elena Maccaferri, a pedagogue from the public early childhood schools of Reggio Emilia. She explained how, in this educational project, the child is considered the center and protagonist of their own learning: a curious and capable individual who grows by exploring, observing, and interacting with both their environment and the people around them.<\/span><\/p>\n<p><span style=\"font-weight: 400;\">These schools understand education as a shared community-based task. For this reason, the school is connected to the municipality while maintaining an open and global perspective, creating a vibrant network between families, teachers, and local services.<\/span><\/p>\n<p><span style=\"font-weight: 400;\">Another central aspect is the way children are accompanied in their learning. The Reggio pedagogy is based on listening, observing, and documenting what happens in the classroom. Documentation is a way to share processes to understand better what children are learning and reflect collectively among all the professionals involved in the school.<\/span><\/p>\n<p><span style=\"font-weight: 400;\">We also learned the importance of spaces and materials. In Reggio Emilia, they believe that a beautiful, welcoming, and intentionally designed environment is essential for children to feel motivated to experiment. Architecture serves education, and each space has a clear purpose. This perspective is closely linked to the idea that children learn through many different languages.<\/span><\/p>\n<p><span style=\"font-weight: 400;\">This first day has been full of reflections and inspiration, encouraging us to keep learning and continue enriching our school\u2019s educational approach.<\/span><\/p>\n<p>&nbsp;<\/p>\n<p style=\"text-align: right;\"><span style=\"font-weight: 400;\">Dolors Garcia (Escola Pilar Mestres)<\/span><\/p>\n<p style=\"text-align: right;\"><span style=\"font-weight: 400;\">Fiona Calatayud (Escola Santa Agn\u00e8s)<\/span><\/p>\n<p style=\"text-align: right;\"><span style=\"font-weight: 400;\">Nat\u00e0lia Munuera (Escola Tur\u00f3 de Can Gili)<\/span><\/p>\n<p style=\"text-align: right;\"><span style=\"font-weight: 400;\">Irene C\u00e0mara (Escola Salvador Espriu)<\/span><\/p>\n<p>&nbsp;<\/p>\n<p><a href=\"https:\/\/agora.xtec.cat\/ceipespriu-granollers\/wp-content\/uploads\/usu780\/2025\/11\/FOTO-1.jpg\"><img loading=\"lazy\" decoding=\"async\" class=\"aligncenter size-large wp-image-9862\" src=\"https:\/\/agora.xtec.cat\/ceipespriu-granollers\/wp-content\/uploads\/usu780\/2025\/11\/FOTO-1-1024x684.jpg\" alt=\"\" width=\"1024\" height=\"684\" srcset=\"https:\/\/agora.xtec.cat\/ceipespriu-granollers\/wp-content\/uploads\/usu780\/2025\/11\/FOTO-1-1024x684.jpg 1024w, https:\/\/agora.xtec.cat\/ceipespriu-granollers\/wp-content\/uploads\/usu780\/2025\/11\/FOTO-1-300x200.jpg 300w, https:\/\/agora.xtec.cat\/ceipespriu-granollers\/wp-content\/uploads\/usu780\/2025\/11\/FOTO-1-768x513.jpg 768w, https:\/\/agora.xtec.cat\/ceipespriu-granollers\/wp-content\/uploads\/usu780\/2025\/11\/FOTO-1-1536x1025.jpg 1536w, https:\/\/agora.xtec.cat\/ceipespriu-granollers\/wp-content\/uploads\/usu780\/2025\/11\/FOTO-1-2048x1367.jpg 2048w\" sizes=\"auto, (max-width: 1024px) 100vw, 1024px\" \/><\/a><a href=\"https:\/\/agora.xtec.cat\/ceipespriu-granollers\/wp-content\/uploads\/usu780\/2025\/11\/FOTO2.jpg\"><img loading=\"lazy\" decoding=\"async\" class=\"aligncenter size-large wp-image-9861\" src=\"https:\/\/agora.xtec.cat\/ceipespriu-granollers\/wp-content\/uploads\/usu780\/2025\/11\/FOTO2-768x1024.jpg\" alt=\"\" width=\"768\" height=\"1024\" srcset=\"https:\/\/agora.xtec.cat\/ceipespriu-granollers\/wp-content\/uploads\/usu780\/2025\/11\/FOTO2-768x1024.jpg 768w, https:\/\/agora.xtec.cat\/ceipespriu-granollers\/wp-content\/uploads\/usu780\/2025\/11\/FOTO2-225x300.jpg 225w, https:\/\/agora.xtec.cat\/ceipespriu-granollers\/wp-content\/uploads\/usu780\/2025\/11\/FOTO2-1152x1536.jpg 1152w, https:\/\/agora.xtec.cat\/ceipespriu-granollers\/wp-content\/uploads\/usu780\/2025\/11\/FOTO2-1536x2048.jpg 1536w, https:\/\/agora.xtec.cat\/ceipespriu-granollers\/wp-content\/uploads\/usu780\/2025\/11\/FOTO2.jpg 1814w\" sizes=\"auto, (max-width: 768px) 100vw, 768px\" \/><\/a><\/p>\n","protected":false},"excerpt":{"rendered":"<p>&nbsp; Comen\u00e7a la formaci\u00f3 \u201cThe Reggio Emilia Approach to Education\u201d Avui, gr\u00e0cies al projecte Erasmus+ ALASVO, la nostra escola, juntament amb tres escoles m\u00e9s, ha iniciat la formaci\u00f3 al Centro Internazionale Loris Malaguzzi, a Reggio Emilia, ciutat italiana que dona nom a l\u2019enfocament educatiu impulsat pel pedagog Loris Malaguzzi. En aquesta primera jornada les mestres [&hellip;]<\/p>\n","protected":false},"author":21,"featured_media":9879,"comment_status":"closed","ping_status":"open","sticky":false,"template":"","format":"standard","meta":{"_bbp_topic_count":0,"_bbp_reply_count":0,"_bbp_total_topic_count":0,"_bbp_total_reply_count":0,"_bbp_voice_count":0,"_bbp_anonymous_reply_count":0,"_bbp_topic_count_hidden":0,"_bbp_reply_count_hidden":0,"_bbp_forum_subforum_count":0,"site-sidebar-layout":"default","site-content-layout":"","ast-site-content-layout":"","site-content-style":"default","site-sidebar-style":"default","ast-global-header-display":"","ast-banner-title-visibility":"","ast-main-header-display":"","ast-hfb-above-header-display":"","ast-hfb-below-header-display":"","ast-hfb-mobile-header-display":"","site-post-title":"","ast-breadcrumbs-content":"","ast-featured-img":"","footer-sml-layout":"","theme-transparent-header-meta":"","adv-header-id-meta":"","stick-header-meta":"","header-above-stick-meta":"","header-main-stick-meta":"","header-below-stick-meta":"","astra-migrate-meta-layouts":"default","ast-page-background-enabled":"default","ast-page-background-meta":{"desktop":{"background-color":"var(--ast-global-color-4)","background-image":"","background-repeat":"repeat","background-position":"center center","background-size":"auto","background-attachment":"scroll","background-type":"","background-media":"","overlay-type":"","overlay-color":"","overlay-opacity":"","overlay-gradient":""},"tablet":{"background-color":"","background-image":"","background-repeat":"repeat","background-position":"center center","background-size":"auto","background-attachment":"scroll","background-type":"","background-media":"","overlay-type":"","overlay-color":"","overlay-opacity":"","overlay-gradient":""},"mobile":{"background-color":"","background-image":"","background-repeat":"repeat","background-position":"center center","background-size":"auto","background-attachment":"scroll","background-type":"","background-media":"","overlay-type":"","overlay-color":"","overlay-opacity":"","overlay-gradient":""}},"ast-content-background-meta":{"desktop":{"background-color":"var(--ast-global-color-5)","background-image":"","background-repeat":"repeat","background-position":"center center","background-size":"auto","background-attachment":"scroll","background-type":"","background-media":"","overlay-type":"","overlay-color":"","overlay-opacity":"","overlay-gradient":""},"tablet":{"background-color":"var(--ast-global-color-5)","background-image":"","background-repeat":"repeat","background-position":"center center","background-size":"auto","background-attachment":"scroll","background-type":"","background-media":"","overlay-type":"","overlay-color":"","overlay-opacity":"","overlay-gradient":""},"mobile":{"background-color":"var(--ast-global-color-5)","background-image":"","background-repeat":"repeat","background-position":"center center","background-size":"auto","background-attachment":"scroll","background-type":"","background-media":"","overlay-type":"","overlay-color":"","overlay-opacity":"","overlay-gradient":""}},"footnotes":""},"categories":[141,1,4],"tags":[142],"class_list":["post-9859","post","type-post","status-publish","format-standard","has-post-thumbnail","hentry","category-erasmus","category-general","category-portada","tag-erasmus"],"post_mailing_queue_ids":[],"_links":{"self":[{"href":"https:\/\/agora.xtec.cat\/ceipespriu-granollers\/wp-json\/wp\/v2\/posts\/9859","targetHints":{"allow":["GET"]}}],"collection":[{"href":"https:\/\/agora.xtec.cat\/ceipespriu-granollers\/wp-json\/wp\/v2\/posts"}],"about":[{"href":"https:\/\/agora.xtec.cat\/ceipespriu-granollers\/wp-json\/wp\/v2\/types\/post"}],"author":[{"embeddable":true,"href":"https:\/\/agora.xtec.cat\/ceipespriu-granollers\/wp-json\/wp\/v2\/users\/21"}],"replies":[{"embeddable":true,"href":"https:\/\/agora.xtec.cat\/ceipespriu-granollers\/wp-json\/wp\/v2\/comments?post=9859"}],"version-history":[{"count":4,"href":"https:\/\/agora.xtec.cat\/ceipespriu-granollers\/wp-json\/wp\/v2\/posts\/9859\/revisions"}],"predecessor-version":[{"id":9880,"href":"https:\/\/agora.xtec.cat\/ceipespriu-granollers\/wp-json\/wp\/v2\/posts\/9859\/revisions\/9880"}],"wp:featuredmedia":[{"embeddable":true,"href":"https:\/\/agora.xtec.cat\/ceipespriu-granollers\/wp-json\/wp\/v2\/media\/9879"}],"wp:attachment":[{"href":"https:\/\/agora.xtec.cat\/ceipespriu-granollers\/wp-json\/wp\/v2\/media?parent=9859"}],"wp:term":[{"taxonomy":"category","embeddable":true,"href":"https:\/\/agora.xtec.cat\/ceipespriu-granollers\/wp-json\/wp\/v2\/categories?post=9859"},{"taxonomy":"post_tag","embeddable":true,"href":"https:\/\/agora.xtec.cat\/ceipespriu-granollers\/wp-json\/wp\/v2\/tags?post=9859"}],"curies":[{"name":"wp","href":"https:\/\/api.w.org\/{rel}","templated":true}]}}