{"id":9436,"date":"2025-06-20T09:43:12","date_gmt":"2025-06-20T07:43:12","guid":{"rendered":"https:\/\/agora.xtec.cat\/ceipespriu-granollers\/?p=9436"},"modified":"2025-06-20T09:43:12","modified_gmt":"2025-06-20T07:43:12","slug":"a-infantil-compartim-jocs-i-tallers","status":"publish","type":"post","link":"https:\/\/agora.xtec.cat\/ceipespriu-granollers\/general\/a-infantil-compartim-jocs-i-tallers\/","title":{"rendered":"A infantil compartim jocs i tallers!"},"content":{"rendered":"<p data-start=\"123\" data-end=\"233\">Aquest mat\u00ed, els nens i nenes d\u2019Infantil hem gaudit d\u2019una jornada plena de diversi\u00f3 i descobertes compartides!<\/p>\n<p data-start=\"235\" data-end=\"373\">Ens hem organitzat en grups mixtos d\u2019I3, I4 i I5, i hem anat rotant per diferents espais on ens esperaven propostes d\u2019all\u00f2 m\u00e9s atractives.<\/p>\n<p data-start=\"375\" data-end=\"561\">Hem deixat volar la imaginaci\u00f3 modelant amb fang, hem omplert el pati de colors amb guixos, hem creat unes polseres precioses i&#8230; ens ho hem passat d\u2019all\u00f2 m\u00e9s b\u00e9 fent bombolles de sab\u00f3!<\/p>\n<p data-start=\"563\" data-end=\"615\">Ha estat una experi\u00e8ncia molt especial i emocionant!<\/p>\n<p data-start=\"563\" data-end=\"615\"><a href=\"https:\/\/agora.xtec.cat\/ceipespriu-granollers\/wp-content\/uploads\/usu780\/2025\/06\/Foto-de-Veronica-Martinez-Ros-3.jpg\"><img loading=\"lazy\" decoding=\"async\" class=\"alignnone size-large wp-image-9437\" src=\"https:\/\/agora.xtec.cat\/ceipespriu-granollers\/wp-content\/uploads\/usu780\/2025\/06\/Foto-de-Veronica-Martinez-Ros-3-1024x468.jpg\" alt=\"\" width=\"1024\" height=\"468\" srcset=\"https:\/\/agora.xtec.cat\/ceipespriu-granollers\/wp-content\/uploads\/usu780\/2025\/06\/Foto-de-Veronica-Martinez-Ros-3-1024x468.jpg 1024w, https:\/\/agora.xtec.cat\/ceipespriu-granollers\/wp-content\/uploads\/usu780\/2025\/06\/Foto-de-Veronica-Martinez-Ros-3-300x137.jpg 300w, https:\/\/agora.xtec.cat\/ceipespriu-granollers\/wp-content\/uploads\/usu780\/2025\/06\/Foto-de-Veronica-Martinez-Ros-3-768x351.jpg 768w, https:\/\/agora.xtec.cat\/ceipespriu-granollers\/wp-content\/uploads\/usu780\/2025\/06\/Foto-de-Veronica-Martinez-Ros-3-1536x702.jpg 1536w, https:\/\/agora.xtec.cat\/ceipespriu-granollers\/wp-content\/uploads\/usu780\/2025\/06\/Foto-de-Veronica-Martinez-Ros-3.jpg 2048w\" sizes=\"auto, (max-width: 1024px) 100vw, 1024px\" \/><\/a> <a href=\"https:\/\/agora.xtec.cat\/ceipespriu-granollers\/wp-content\/uploads\/usu780\/2025\/06\/Foto-de-Veronica-Martinez-Ros-2.jpg\"><img loading=\"lazy\" decoding=\"async\" class=\"alignnone size-large wp-image-9438\" src=\"https:\/\/agora.xtec.cat\/ceipespriu-granollers\/wp-content\/uploads\/usu780\/2025\/06\/Foto-de-Veronica-Martinez-Ros-2-1024x468.jpg\" alt=\"\" width=\"1024\" height=\"468\" srcset=\"https:\/\/agora.xtec.cat\/ceipespriu-granollers\/wp-content\/uploads\/usu780\/2025\/06\/Foto-de-Veronica-Martinez-Ros-2-1024x468.jpg 1024w, https:\/\/agora.xtec.cat\/ceipespriu-granollers\/wp-content\/uploads\/usu780\/2025\/06\/Foto-de-Veronica-Martinez-Ros-2-300x137.jpg 300w, https:\/\/agora.xtec.cat\/ceipespriu-granollers\/wp-content\/uploads\/usu780\/2025\/06\/Foto-de-Veronica-Martinez-Ros-2-768x351.jpg 768w, https:\/\/agora.xtec.cat\/ceipespriu-granollers\/wp-content\/uploads\/usu780\/2025\/06\/Foto-de-Veronica-Martinez-Ros-2-1536x702.jpg 1536w, https:\/\/agora.xtec.cat\/ceipespriu-granollers\/wp-content\/uploads\/usu780\/2025\/06\/Foto-de-Veronica-Martinez-Ros-2.jpg 2048w\" sizes=\"auto, (max-width: 1024px) 100vw, 1024px\" \/><\/a> <a href=\"https:\/\/agora.xtec.cat\/ceipespriu-granollers\/wp-content\/uploads\/usu780\/2025\/06\/Foto-de-Veronica-Martinez-Ros-5.jpg\"><img loading=\"lazy\" decoding=\"async\" class=\"alignnone size-large wp-image-9439\" src=\"https:\/\/agora.xtec.cat\/ceipespriu-granollers\/wp-content\/uploads\/usu780\/2025\/06\/Foto-de-Veronica-Martinez-Ros-5-1024x468.jpg\" alt=\"\" width=\"1024\" height=\"468\" srcset=\"https:\/\/agora.xtec.cat\/ceipespriu-granollers\/wp-content\/uploads\/usu780\/2025\/06\/Foto-de-Veronica-Martinez-Ros-5-1024x468.jpg 1024w, https:\/\/agora.xtec.cat\/ceipespriu-granollers\/wp-content\/uploads\/usu780\/2025\/06\/Foto-de-Veronica-Martinez-Ros-5-300x137.jpg 300w, https:\/\/agora.xtec.cat\/ceipespriu-granollers\/wp-content\/uploads\/usu780\/2025\/06\/Foto-de-Veronica-Martinez-Ros-5-768x351.jpg 768w, https:\/\/agora.xtec.cat\/ceipespriu-granollers\/wp-content\/uploads\/usu780\/2025\/06\/Foto-de-Veronica-Martinez-Ros-5-1536x702.jpg 1536w, https:\/\/agora.xtec.cat\/ceipespriu-granollers\/wp-content\/uploads\/usu780\/2025\/06\/Foto-de-Veronica-Martinez-Ros-5.jpg 2048w\" sizes=\"auto, (max-width: 1024px) 100vw, 1024px\" \/><\/a> <a href=\"https:\/\/agora.xtec.cat\/ceipespriu-granollers\/wp-content\/uploads\/usu780\/2025\/06\/Foto-de-Veronica-Martinez-Ros-6.jpg\"><img loading=\"lazy\" decoding=\"async\" class=\"alignnone size-large wp-image-9440\" src=\"https:\/\/agora.xtec.cat\/ceipespriu-granollers\/wp-content\/uploads\/usu780\/2025\/06\/Foto-de-Veronica-Martinez-Ros-6-1024x468.jpg\" alt=\"\" width=\"1024\" height=\"468\" srcset=\"https:\/\/agora.xtec.cat\/ceipespriu-granollers\/wp-content\/uploads\/usu780\/2025\/06\/Foto-de-Veronica-Martinez-Ros-6-1024x468.jpg 1024w, https:\/\/agora.xtec.cat\/ceipespriu-granollers\/wp-content\/uploads\/usu780\/2025\/06\/Foto-de-Veronica-Martinez-Ros-6-300x137.jpg 300w, https:\/\/agora.xtec.cat\/ceipespriu-granollers\/wp-content\/uploads\/usu780\/2025\/06\/Foto-de-Veronica-Martinez-Ros-6-768x351.jpg 768w, https:\/\/agora.xtec.cat\/ceipespriu-granollers\/wp-content\/uploads\/usu780\/2025\/06\/Foto-de-Veronica-Martinez-Ros-6-1536x702.jpg 1536w, https:\/\/agora.xtec.cat\/ceipespriu-granollers\/wp-content\/uploads\/usu780\/2025\/06\/Foto-de-Veronica-Martinez-Ros-6.jpg 2048w\" sizes=\"auto, (max-width: 1024px) 100vw, 1024px\" \/><\/a> <a href=\"https:\/\/agora.xtec.cat\/ceipespriu-granollers\/wp-content\/uploads\/usu780\/2025\/06\/Foto-de-Veronica-Martinez-Ros-9.jpg\"><img loading=\"lazy\" decoding=\"async\" class=\"alignnone size-large wp-image-9441\" src=\"https:\/\/agora.xtec.cat\/ceipespriu-granollers\/wp-content\/uploads\/usu780\/2025\/06\/Foto-de-Veronica-Martinez-Ros-9-1024x468.jpg\" alt=\"\" width=\"1024\" height=\"468\" srcset=\"https:\/\/agora.xtec.cat\/ceipespriu-granollers\/wp-content\/uploads\/usu780\/2025\/06\/Foto-de-Veronica-Martinez-Ros-9-1024x468.jpg 1024w, https:\/\/agora.xtec.cat\/ceipespriu-granollers\/wp-content\/uploads\/usu780\/2025\/06\/Foto-de-Veronica-Martinez-Ros-9-300x137.jpg 300w, https:\/\/agora.xtec.cat\/ceipespriu-granollers\/wp-content\/uploads\/usu780\/2025\/06\/Foto-de-Veronica-Martinez-Ros-9-768x351.jpg 768w, https:\/\/agora.xtec.cat\/ceipespriu-granollers\/wp-content\/uploads\/usu780\/2025\/06\/Foto-de-Veronica-Martinez-Ros-9-1536x702.jpg 1536w, https:\/\/agora.xtec.cat\/ceipespriu-granollers\/wp-content\/uploads\/usu780\/2025\/06\/Foto-de-Veronica-Martinez-Ros-9.jpg 2048w\" sizes=\"auto, (max-width: 1024px) 100vw, 1024px\" \/><\/a> <a href=\"https:\/\/agora.xtec.cat\/ceipespriu-granollers\/wp-content\/uploads\/usu780\/2025\/06\/Foto-de-Veronica-Martinez-Ros-4.jpg\"><img loading=\"lazy\" decoding=\"async\" class=\"alignnone size-large wp-image-9442\" src=\"https:\/\/agora.xtec.cat\/ceipespriu-granollers\/wp-content\/uploads\/usu780\/2025\/06\/Foto-de-Veronica-Martinez-Ros-4-1024x468.jpg\" alt=\"\" width=\"1024\" height=\"468\" srcset=\"https:\/\/agora.xtec.cat\/ceipespriu-granollers\/wp-content\/uploads\/usu780\/2025\/06\/Foto-de-Veronica-Martinez-Ros-4-1024x468.jpg 1024w, https:\/\/agora.xtec.cat\/ceipespriu-granollers\/wp-content\/uploads\/usu780\/2025\/06\/Foto-de-Veronica-Martinez-Ros-4-300x137.jpg 300w, https:\/\/agora.xtec.cat\/ceipespriu-granollers\/wp-content\/uploads\/usu780\/2025\/06\/Foto-de-Veronica-Martinez-Ros-4-768x351.jpg 768w, https:\/\/agora.xtec.cat\/ceipespriu-granollers\/wp-content\/uploads\/usu780\/2025\/06\/Foto-de-Veronica-Martinez-Ros-4-1536x702.jpg 1536w, https:\/\/agora.xtec.cat\/ceipespriu-granollers\/wp-content\/uploads\/usu780\/2025\/06\/Foto-de-Veronica-Martinez-Ros-4.jpg 2048w\" sizes=\"auto, (max-width: 1024px) 100vw, 1024px\" \/><\/a><a href=\"https:\/\/agora.xtec.cat\/ceipespriu-granollers\/wp-content\/uploads\/usu780\/2025\/06\/Foto-de-Veronica-Martinez-Ros-7.jpg\"><img loading=\"lazy\" decoding=\"async\" class=\"alignnone size-large wp-image-9443\" src=\"https:\/\/agora.xtec.cat\/ceipespriu-granollers\/wp-content\/uploads\/usu780\/2025\/06\/Foto-de-Veronica-Martinez-Ros-7-1024x468.jpg\" alt=\"\" width=\"1024\" height=\"468\" srcset=\"https:\/\/agora.xtec.cat\/ceipespriu-granollers\/wp-content\/uploads\/usu780\/2025\/06\/Foto-de-Veronica-Martinez-Ros-7-1024x468.jpg 1024w, https:\/\/agora.xtec.cat\/ceipespriu-granollers\/wp-content\/uploads\/usu780\/2025\/06\/Foto-de-Veronica-Martinez-Ros-7-300x137.jpg 300w, https:\/\/agora.xtec.cat\/ceipespriu-granollers\/wp-content\/uploads\/usu780\/2025\/06\/Foto-de-Veronica-Martinez-Ros-7-768x351.jpg 768w, https:\/\/agora.xtec.cat\/ceipespriu-granollers\/wp-content\/uploads\/usu780\/2025\/06\/Foto-de-Veronica-Martinez-Ros-7-1536x702.jpg 1536w, https:\/\/agora.xtec.cat\/ceipespriu-granollers\/wp-content\/uploads\/usu780\/2025\/06\/Foto-de-Veronica-Martinez-Ros-7.jpg 2048w\" sizes=\"auto, (max-width: 1024px) 100vw, 1024px\" \/><\/a><a href=\"https:\/\/agora.xtec.cat\/ceipespriu-granollers\/wp-content\/uploads\/usu780\/2025\/06\/Foto-de-Veronica-Martinez-Ros-10.jpg\"><img loading=\"lazy\" decoding=\"async\" class=\"alignnone size-large wp-image-9444\" src=\"https:\/\/agora.xtec.cat\/ceipespriu-granollers\/wp-content\/uploads\/usu780\/2025\/06\/Foto-de-Veronica-Martinez-Ros-10-1024x467.jpg\" alt=\"\" width=\"1024\" height=\"467\" srcset=\"https:\/\/agora.xtec.cat\/ceipespriu-granollers\/wp-content\/uploads\/usu780\/2025\/06\/Foto-de-Veronica-Martinez-Ros-10-1024x467.jpg 1024w, https:\/\/agora.xtec.cat\/ceipespriu-granollers\/wp-content\/uploads\/usu780\/2025\/06\/Foto-de-Veronica-Martinez-Ros-10-300x137.jpg 300w, https:\/\/agora.xtec.cat\/ceipespriu-granollers\/wp-content\/uploads\/usu780\/2025\/06\/Foto-de-Veronica-Martinez-Ros-10-768x350.jpg 768w, https:\/\/agora.xtec.cat\/ceipespriu-granollers\/wp-content\/uploads\/usu780\/2025\/06\/Foto-de-Veronica-Martinez-Ros-10-1536x701.jpg 1536w, https:\/\/agora.xtec.cat\/ceipespriu-granollers\/wp-content\/uploads\/usu780\/2025\/06\/Foto-de-Veronica-Martinez-Ros-10.jpg 2016w\" sizes=\"auto, (max-width: 1024px) 100vw, 1024px\" \/><\/a><\/p>\n","protected":false},"excerpt":{"rendered":"<p>Aquest mat\u00ed, els nens i nenes d\u2019Infantil hem gaudit d\u2019una jornada plena de diversi\u00f3 i descobertes compartides! Ens hem organitzat en grups mixtos d\u2019I3, I4 i I5, i hem anat rotant per diferents espais on ens esperaven propostes d\u2019all\u00f2 m\u00e9s atractives. Hem deixat volar la imaginaci\u00f3 modelant amb fang, hem omplert el pati de colors [&hellip;]<\/p>\n","protected":false},"author":47,"featured_media":9442,"comment_status":"closed","ping_status":"open","sticky":false,"template":"","format":"standard","meta":{"_bbp_topic_count":0,"_bbp_reply_count":0,"_bbp_total_topic_count":0,"_bbp_total_reply_count":0,"_bbp_voice_count":0,"_bbp_anonymous_reply_count":0,"_bbp_topic_count_hidden":0,"_bbp_reply_count_hidden":0,"_bbp_forum_subforum_count":0,"site-sidebar-layout":"default","site-content-layout":"","ast-site-content-layout":"","site-content-style":"default","site-sidebar-style":"default","ast-global-header-display":"","ast-banner-title-visibility":"","ast-main-header-display":"","ast-hfb-above-header-display":"","ast-hfb-below-header-display":"","ast-hfb-mobile-header-display":"","site-post-title":"","ast-breadcrumbs-content":"","ast-featured-img":"","footer-sml-layout":"","theme-transparent-header-meta":"","adv-header-id-meta":"","stick-header-meta":"","header-above-stick-meta":"","header-main-stick-meta":"","header-below-stick-meta":"","astra-migrate-meta-layouts":"default","ast-page-background-enabled":"default","ast-page-background-meta":{"desktop":{"background-color":"var(--ast-global-color-4)","background-image":"","background-repeat":"repeat","background-position":"center center","background-size":"auto","background-attachment":"scroll","background-type":"","background-media":"","overlay-type":"","overlay-color":"","overlay-opacity":"","overlay-gradient":""},"tablet":{"background-color":"","background-image":"","background-repeat":"repeat","background-position":"center center","background-size":"auto","background-attachment":"scroll","background-type":"","background-media":"","overlay-type":"","overlay-color":"","overlay-opacity":"","overlay-gradient":""},"mobile":{"background-color":"","background-image":"","background-repeat":"repeat","background-position":"center center","background-size":"auto","background-attachment":"scroll","background-type":"","background-media":"","overlay-type":"","overlay-color":"","overlay-opacity":"","overlay-gradient":""}},"ast-content-background-meta":{"desktop":{"background-color":"var(--ast-global-color-5)","background-image":"","background-repeat":"repeat","background-position":"center center","background-size":"auto","background-attachment":"scroll","background-type":"","background-media":"","overlay-type":"","overlay-color":"","overlay-opacity":"","overlay-gradient":""},"tablet":{"background-color":"var(--ast-global-color-5)","background-image":"","background-repeat":"repeat","background-position":"center center","background-size":"auto","background-attachment":"scroll","background-type":"","background-media":"","overlay-type":"","overlay-color":"","overlay-opacity":"","overlay-gradient":""},"mobile":{"background-color":"var(--ast-global-color-5)","background-image":"","background-repeat":"repeat","background-position":"center center","background-size":"auto","background-attachment":"scroll","background-type":"","background-media":"","overlay-type":"","overlay-color":"","overlay-opacity":"","overlay-gradient":""}},"footnotes":""},"categories":[1],"tags":[138,122],"class_list":["post-9436","post","type-post","status-publish","format-standard","has-post-thumbnail","hentry","category-general","tag-curs-2024-2025","tag-educacio-infantil"],"post_mailing_queue_ids":[],"_links":{"self":[{"href":"https:\/\/agora.xtec.cat\/ceipespriu-granollers\/wp-json\/wp\/v2\/posts\/9436","targetHints":{"allow":["GET"]}}],"collection":[{"href":"https:\/\/agora.xtec.cat\/ceipespriu-granollers\/wp-json\/wp\/v2\/posts"}],"about":[{"href":"https:\/\/agora.xtec.cat\/ceipespriu-granollers\/wp-json\/wp\/v2\/types\/post"}],"author":[{"embeddable":true,"href":"https:\/\/agora.xtec.cat\/ceipespriu-granollers\/wp-json\/wp\/v2\/users\/47"}],"replies":[{"embeddable":true,"href":"https:\/\/agora.xtec.cat\/ceipespriu-granollers\/wp-json\/wp\/v2\/comments?post=9436"}],"version-history":[{"count":1,"href":"https:\/\/agora.xtec.cat\/ceipespriu-granollers\/wp-json\/wp\/v2\/posts\/9436\/revisions"}],"predecessor-version":[{"id":9445,"href":"https:\/\/agora.xtec.cat\/ceipespriu-granollers\/wp-json\/wp\/v2\/posts\/9436\/revisions\/9445"}],"wp:featuredmedia":[{"embeddable":true,"href":"https:\/\/agora.xtec.cat\/ceipespriu-granollers\/wp-json\/wp\/v2\/media\/9442"}],"wp:attachment":[{"href":"https:\/\/agora.xtec.cat\/ceipespriu-granollers\/wp-json\/wp\/v2\/media?parent=9436"}],"wp:term":[{"taxonomy":"category","embeddable":true,"href":"https:\/\/agora.xtec.cat\/ceipespriu-granollers\/wp-json\/wp\/v2\/categories?post=9436"},{"taxonomy":"post_tag","embeddable":true,"href":"https:\/\/agora.xtec.cat\/ceipespriu-granollers\/wp-json\/wp\/v2\/tags?post=9436"}],"curies":[{"name":"wp","href":"https:\/\/api.w.org\/{rel}","templated":true}]}}