{"id":9388,"date":"2025-06-11T08:17:15","date_gmt":"2025-06-11T06:17:15","guid":{"rendered":"https:\/\/agora.xtec.cat\/ceipespriu-granollers\/?p=9388"},"modified":"2026-02-05T11:09:03","modified_gmt":"2026-02-05T10:09:03","slug":"en-fem-40","status":"publish","type":"post","link":"https:\/\/agora.xtec.cat\/ceipespriu-granollers\/general\/en-fem-40\/","title":{"rendered":"En fem 40!"},"content":{"rendered":"<p><span style=\"font-weight: 400;\">Aquest curs, a l\u2019Escola Salvador Espriu, hem bufat les espelmes dels <\/span><b>40 anys<\/b><span style=\"font-weight: 400;\">! I ho hem fet com ens agrada: <\/span><b>celebrant-ho plegats<\/b><span style=\"font-weight: 400;\">, amb m\u00fasica, rialles, emoci\u00f3 i molta complicitat.<\/span><\/p>\n<p><span style=\"font-weight: 400;\">La festa va comen\u00e7ar amb molta energia gr\u00e0cies a <\/span><b>en Jaume Barri<\/b><span style=\"font-weight: 400;\">, que ens va fer ballar, saltar i cantar com mai! Petits i grans vam gaudir d\u2019una estona ben animada que va posar en marxa els cors i els somriures.<\/span><\/p>\n<p><span style=\"font-weight: 400;\">Tot seguit, vam viure un moment molt especial amb els <\/span><b>parlaments teatralitzats<\/b><span style=\"font-weight: 400;\">, on la m\u00e0gia i la mem\u00f2ria es van donar la m\u00e0. Vam tenir l\u2019honor de comptar amb <\/span><b>en Vicen\u00e7 Oliveres<\/b><span style=\"font-weight: 400;\">, arquitecte de l\u2019escola, que ens va portar ni m\u00e9s ni menys que els pl\u00e0nols originals! Tamb\u00e9 hi era <\/span><b>la Montserrat<\/b><span style=\"font-weight: 400;\">, la nostra estimada iaia de l\u2019Espriu, i un grup d\u2019alumnat que, amb una sensibilitat i una tendresa encomanadisses, ens van explicar la hist\u00f2ria de l\u2019escola des de fa quatre d\u00e8cades. L\u2019antiga cuinera, niu i monitoratge tamb\u00e9 hi van estar ben representats.<\/span><\/p>\n<p><span style=\"font-weight: 400;\">La festa va continuar amb la pres\u00e8ncia de <\/span><b>les cinc direccions que han guiat l\u2019escola<\/b><span style=\"font-weight: 400;\"> al llarg dels anys, un reconeixement molt emotiu que ens va fer sentir tot el cam\u00ed compartit. I com a darrera pinzellada art\u00edstica, <\/span><b>en Pau Farell<\/b><span style=\"font-weight: 400;\">, amb un cor blau preci\u00f3s i acompanyat d\u2019alumnat, mestres i fam\u00edlies, ens va regalar un moment de connexi\u00f3 i estima col\u00b7lectiva.<\/span><\/p>\n<p><span style=\"font-weight: 400;\">No podia faltar la m\u00fasica de casa nostra, <\/span><b>els garrotins<\/b><span style=\"font-weight: 400;\"> cantats per tota la comunitat educativa vam fer sentir ben fort que <\/span><b>som Espriu<\/b><span style=\"font-weight: 400;\">!<\/span><\/p>\n<p><span style=\"font-weight: 400;\">Per tancar aquesta gran celebraci\u00f3, vam compartir un <\/span><b>past\u00eds gegant de magdalenes<\/b><span style=\"font-weight: 400;\"> i vam rebre un regal molt especial: una fotografia gegant d\u2019un <\/span><b>&#8220;40&#8221; hum\u00e0<\/b><span style=\"font-weight: 400;\">, un quadre viu i simb\u00f2lic que quedar\u00e0 per sempre com a record. A m\u00e9s, els <\/span><b>murals amb fotografies<\/b><span style=\"font-weight: 400;\"> del passat i l\u2019<\/span><b>espai per deixar empremta<\/b><span style=\"font-weight: 400;\"> amb dibuixos i paraules ens ajudaran a guardar aquesta mem\u00f2ria com un aut\u00e8ntic tresor.<\/span><\/p>\n<p><span style=\"font-weight: 400;\">Gr\u00e0cies a tothom qui ho ha fet possible!<\/span><span style=\"font-weight: 400;\"><br \/>\n<\/span><span style=\"font-weight: 400;\">Gr\u00e0cies per aquests 40 anys de vida compartida!<\/span><\/p>\n<p><span style=\"font-weight: 400;\"><br \/>\n<\/span><b>Moltes gr\u00e0cies, Escola Salvador Espriu! Som Espriu!<\/b><\/p>\n<p>&nbsp;<\/p>\n<p><img loading=\"lazy\" decoding=\"async\" class=\"aligncenter size-large wp-image-9389\" src=\"https:\/\/agora.xtec.cat\/ceipespriu-granollers\/wp-content\/uploads\/usu780\/2025\/06\/WhatsApp-Image-2025-06-06-at-19.37.21-1024x768.jpeg\" alt=\"\" width=\"1024\" height=\"768\" srcset=\"https:\/\/agora.xtec.cat\/ceipespriu-granollers\/wp-content\/uploads\/usu780\/2025\/06\/WhatsApp-Image-2025-06-06-at-19.37.21-1024x768.jpeg 1024w, https:\/\/agora.xtec.cat\/ceipespriu-granollers\/wp-content\/uploads\/usu780\/2025\/06\/WhatsApp-Image-2025-06-06-at-19.37.21-300x225.jpeg 300w, https:\/\/agora.xtec.cat\/ceipespriu-granollers\/wp-content\/uploads\/usu780\/2025\/06\/WhatsApp-Image-2025-06-06-at-19.37.21-768x576.jpeg 768w, https:\/\/agora.xtec.cat\/ceipespriu-granollers\/wp-content\/uploads\/usu780\/2025\/06\/WhatsApp-Image-2025-06-06-at-19.37.21-1536x1152.jpeg 1536w, https:\/\/agora.xtec.cat\/ceipespriu-granollers\/wp-content\/uploads\/usu780\/2025\/06\/WhatsApp-Image-2025-06-06-at-19.37.21-200x150.jpeg 200w, https:\/\/agora.xtec.cat\/ceipespriu-granollers\/wp-content\/uploads\/usu780\/2025\/06\/WhatsApp-Image-2025-06-06-at-19.37.21.jpeg 1600w\" sizes=\"auto, (max-width: 1024px) 100vw, 1024px\" \/> <img loading=\"lazy\" decoding=\"async\" class=\"aligncenter size-large wp-image-9390\" src=\"https:\/\/agora.xtec.cat\/ceipespriu-granollers\/wp-content\/uploads\/usu780\/2025\/06\/WhatsApp-Image-2025-06-06-at-19.36.07-1024x768.jpeg\" alt=\"\" width=\"1024\" height=\"768\" srcset=\"https:\/\/agora.xtec.cat\/ceipespriu-granollers\/wp-content\/uploads\/usu780\/2025\/06\/WhatsApp-Image-2025-06-06-at-19.36.07-1024x768.jpeg 1024w, https:\/\/agora.xtec.cat\/ceipespriu-granollers\/wp-content\/uploads\/usu780\/2025\/06\/WhatsApp-Image-2025-06-06-at-19.36.07-300x225.jpeg 300w, https:\/\/agora.xtec.cat\/ceipespriu-granollers\/wp-content\/uploads\/usu780\/2025\/06\/WhatsApp-Image-2025-06-06-at-19.36.07-768x576.jpeg 768w, https:\/\/agora.xtec.cat\/ceipespriu-granollers\/wp-content\/uploads\/usu780\/2025\/06\/WhatsApp-Image-2025-06-06-at-19.36.07-1536x1152.jpeg 1536w, https:\/\/agora.xtec.cat\/ceipespriu-granollers\/wp-content\/uploads\/usu780\/2025\/06\/WhatsApp-Image-2025-06-06-at-19.36.07-200x150.jpeg 200w, https:\/\/agora.xtec.cat\/ceipespriu-granollers\/wp-content\/uploads\/usu780\/2025\/06\/WhatsApp-Image-2025-06-06-at-19.36.07.jpeg 2048w\" sizes=\"auto, (max-width: 1024px) 100vw, 1024px\" \/> <img loading=\"lazy\" decoding=\"async\" class=\"aligncenter size-large wp-image-9391\" src=\"https:\/\/agora.xtec.cat\/ceipespriu-granollers\/wp-content\/uploads\/usu780\/2025\/06\/WhatsApp-Image-2025-06-06-at-17.22.48-1024x768.jpeg\" alt=\"\" width=\"1024\" height=\"768\" srcset=\"https:\/\/agora.xtec.cat\/ceipespriu-granollers\/wp-content\/uploads\/usu780\/2025\/06\/WhatsApp-Image-2025-06-06-at-17.22.48-1024x768.jpeg 1024w, https:\/\/agora.xtec.cat\/ceipespriu-granollers\/wp-content\/uploads\/usu780\/2025\/06\/WhatsApp-Image-2025-06-06-at-17.22.48-300x225.jpeg 300w, https:\/\/agora.xtec.cat\/ceipespriu-granollers\/wp-content\/uploads\/usu780\/2025\/06\/WhatsApp-Image-2025-06-06-at-17.22.48-768x576.jpeg 768w, https:\/\/agora.xtec.cat\/ceipespriu-granollers\/wp-content\/uploads\/usu780\/2025\/06\/WhatsApp-Image-2025-06-06-at-17.22.48-1536x1152.jpeg 1536w, https:\/\/agora.xtec.cat\/ceipespriu-granollers\/wp-content\/uploads\/usu780\/2025\/06\/WhatsApp-Image-2025-06-06-at-17.22.48-200x150.jpeg 200w, https:\/\/agora.xtec.cat\/ceipespriu-granollers\/wp-content\/uploads\/usu780\/2025\/06\/WhatsApp-Image-2025-06-06-at-17.22.48.jpeg 1600w\" sizes=\"auto, (max-width: 1024px) 100vw, 1024px\" \/> <img loading=\"lazy\" decoding=\"async\" class=\"aligncenter size-large wp-image-9392\" src=\"https:\/\/agora.xtec.cat\/ceipespriu-granollers\/wp-content\/uploads\/usu780\/2025\/06\/WhatsApp-Image-2025-06-06-at-17.22.45-1024x768.jpeg\" alt=\"\" width=\"1024\" height=\"768\" srcset=\"https:\/\/agora.xtec.cat\/ceipespriu-granollers\/wp-content\/uploads\/usu780\/2025\/06\/WhatsApp-Image-2025-06-06-at-17.22.45-1024x768.jpeg 1024w, https:\/\/agora.xtec.cat\/ceipespriu-granollers\/wp-content\/uploads\/usu780\/2025\/06\/WhatsApp-Image-2025-06-06-at-17.22.45-300x225.jpeg 300w, https:\/\/agora.xtec.cat\/ceipespriu-granollers\/wp-content\/uploads\/usu780\/2025\/06\/WhatsApp-Image-2025-06-06-at-17.22.45-768x576.jpeg 768w, https:\/\/agora.xtec.cat\/ceipespriu-granollers\/wp-content\/uploads\/usu780\/2025\/06\/WhatsApp-Image-2025-06-06-at-17.22.45-1536x1152.jpeg 1536w, https:\/\/agora.xtec.cat\/ceipespriu-granollers\/wp-content\/uploads\/usu780\/2025\/06\/WhatsApp-Image-2025-06-06-at-17.22.45-200x150.jpeg 200w, https:\/\/agora.xtec.cat\/ceipespriu-granollers\/wp-content\/uploads\/usu780\/2025\/06\/WhatsApp-Image-2025-06-06-at-17.22.45.jpeg 1600w\" sizes=\"auto, (max-width: 1024px) 100vw, 1024px\" \/> <img loading=\"lazy\" decoding=\"async\" class=\"aligncenter size-large wp-image-9393\" src=\"https:\/\/agora.xtec.cat\/ceipespriu-granollers\/wp-content\/uploads\/usu780\/2025\/06\/WhatsApp-Image-2025-06-06-at-17.22.44-1024x768.jpeg\" alt=\"\" width=\"1024\" height=\"768\" srcset=\"https:\/\/agora.xtec.cat\/ceipespriu-granollers\/wp-content\/uploads\/usu780\/2025\/06\/WhatsApp-Image-2025-06-06-at-17.22.44-1024x768.jpeg 1024w, https:\/\/agora.xtec.cat\/ceipespriu-granollers\/wp-content\/uploads\/usu780\/2025\/06\/WhatsApp-Image-2025-06-06-at-17.22.44-300x225.jpeg 300w, https:\/\/agora.xtec.cat\/ceipespriu-granollers\/wp-content\/uploads\/usu780\/2025\/06\/WhatsApp-Image-2025-06-06-at-17.22.44-768x576.jpeg 768w, https:\/\/agora.xtec.cat\/ceipespriu-granollers\/wp-content\/uploads\/usu780\/2025\/06\/WhatsApp-Image-2025-06-06-at-17.22.44-1536x1152.jpeg 1536w, https:\/\/agora.xtec.cat\/ceipespriu-granollers\/wp-content\/uploads\/usu780\/2025\/06\/WhatsApp-Image-2025-06-06-at-17.22.44-200x150.jpeg 200w, https:\/\/agora.xtec.cat\/ceipespriu-granollers\/wp-content\/uploads\/usu780\/2025\/06\/WhatsApp-Image-2025-06-06-at-17.22.44.jpeg 1600w\" sizes=\"auto, (max-width: 1024px) 100vw, 1024px\" \/><\/p>\n<p><img loading=\"lazy\" decoding=\"async\" class=\"aligncenter size-large wp-image-9394\" src=\"https:\/\/agora.xtec.cat\/ceipespriu-granollers\/wp-content\/uploads\/usu780\/2025\/06\/foto-dels-40jpg-2-1-1-1024x576.jpg\" alt=\"\" width=\"1024\" height=\"576\" srcset=\"https:\/\/agora.xtec.cat\/ceipespriu-granollers\/wp-content\/uploads\/usu780\/2025\/06\/foto-dels-40jpg-2-1-1-1024x576.jpg 1024w, https:\/\/agora.xtec.cat\/ceipespriu-granollers\/wp-content\/uploads\/usu780\/2025\/06\/foto-dels-40jpg-2-1-1-300x169.jpg 300w, https:\/\/agora.xtec.cat\/ceipespriu-granollers\/wp-content\/uploads\/usu780\/2025\/06\/foto-dels-40jpg-2-1-1-768x432.jpg 768w, https:\/\/agora.xtec.cat\/ceipespriu-granollers\/wp-content\/uploads\/usu780\/2025\/06\/foto-dels-40jpg-2-1-1.jpg 1154w\" sizes=\"auto, (max-width: 1024px) 100vw, 1024px\" \/><\/p>\n","protected":false},"excerpt":{"rendered":"<p>Aquest curs, a l\u2019Escola Salvador Espriu, hem bufat les espelmes dels 40 anys! I ho hem fet com ens agrada: celebrant-ho plegats, amb m\u00fasica, rialles, emoci\u00f3 i molta complicitat. La festa va comen\u00e7ar amb molta energia gr\u00e0cies a en Jaume Barri, que ens va fer ballar, saltar i cantar com mai! Petits i grans vam [&hellip;]<\/p>\n","protected":false},"author":1,"featured_media":9394,"comment_status":"closed","ping_status":"open","sticky":false,"template":"","format":"standard","meta":{"_bbp_topic_count":0,"_bbp_reply_count":0,"_bbp_total_topic_count":0,"_bbp_total_reply_count":0,"_bbp_voice_count":0,"_bbp_anonymous_reply_count":0,"_bbp_topic_count_hidden":0,"_bbp_reply_count_hidden":0,"_bbp_forum_subforum_count":0,"site-sidebar-layout":"default","site-content-layout":"","ast-site-content-layout":"default","site-content-style":"default","site-sidebar-style":"default","ast-global-header-display":"","ast-banner-title-visibility":"","ast-main-header-display":"","ast-hfb-above-header-display":"","ast-hfb-below-header-display":"","ast-hfb-mobile-header-display":"","site-post-title":"","ast-breadcrumbs-content":"","ast-featured-img":"","footer-sml-layout":"","theme-transparent-header-meta":"default","adv-header-id-meta":"","stick-header-meta":"","header-above-stick-meta":"","header-main-stick-meta":"","header-below-stick-meta":"","astra-migrate-meta-layouts":"set","ast-page-background-enabled":"default","ast-page-background-meta":{"desktop":{"background-color":"var(--ast-global-color-4)","background-image":"","background-repeat":"repeat","background-position":"center center","background-size":"auto","background-attachment":"scroll","background-type":"","background-media":"","overlay-type":"","overlay-color":"","overlay-opacity":"","overlay-gradient":""},"tablet":{"background-color":"","background-image":"","background-repeat":"repeat","background-position":"center center","background-size":"auto","background-attachment":"scroll","background-type":"","background-media":"","overlay-type":"","overlay-color":"","overlay-opacity":"","overlay-gradient":""},"mobile":{"background-color":"","background-image":"","background-repeat":"repeat","background-position":"center center","background-size":"auto","background-attachment":"scroll","background-type":"","background-media":"","overlay-type":"","overlay-color":"","overlay-opacity":"","overlay-gradient":""}},"ast-content-background-meta":{"desktop":{"background-color":"var(--ast-global-color-5)","background-image":"","background-repeat":"repeat","background-position":"center center","background-size":"auto","background-attachment":"scroll","background-type":"","background-media":"","overlay-type":"","overlay-color":"","overlay-opacity":"","overlay-gradient":""},"tablet":{"background-color":"var(--ast-global-color-5)","background-image":"","background-repeat":"repeat","background-position":"center center","background-size":"auto","background-attachment":"scroll","background-type":"","background-media":"","overlay-type":"","overlay-color":"","overlay-opacity":"","overlay-gradient":""},"mobile":{"background-color":"var(--ast-global-color-5)","background-image":"","background-repeat":"repeat","background-position":"center center","background-size":"auto","background-attachment":"scroll","background-type":"","background-media":"","overlay-type":"","overlay-color":"","overlay-opacity":"","overlay-gradient":""}},"footnotes":""},"categories":[223,224,225,1,2,4,5],"tags":[138],"class_list":["post-9388","post","type-post","status-publish","format-standard","has-post-thumbnail","hentry","category-1r-cicle","category-2n-cicle","category-3r-cicle","category-general","category-infantil","category-portada","category-primaria","tag-curs-2024-2025"],"post_mailing_queue_ids":[],"_links":{"self":[{"href":"https:\/\/agora.xtec.cat\/ceipespriu-granollers\/wp-json\/wp\/v2\/posts\/9388","targetHints":{"allow":["GET"]}}],"collection":[{"href":"https:\/\/agora.xtec.cat\/ceipespriu-granollers\/wp-json\/wp\/v2\/posts"}],"about":[{"href":"https:\/\/agora.xtec.cat\/ceipespriu-granollers\/wp-json\/wp\/v2\/types\/post"}],"author":[{"embeddable":true,"href":"https:\/\/agora.xtec.cat\/ceipespriu-granollers\/wp-json\/wp\/v2\/users\/1"}],"replies":[{"embeddable":true,"href":"https:\/\/agora.xtec.cat\/ceipespriu-granollers\/wp-json\/wp\/v2\/comments?post=9388"}],"version-history":[{"count":1,"href":"https:\/\/agora.xtec.cat\/ceipespriu-granollers\/wp-json\/wp\/v2\/posts\/9388\/revisions"}],"predecessor-version":[{"id":9395,"href":"https:\/\/agora.xtec.cat\/ceipespriu-granollers\/wp-json\/wp\/v2\/posts\/9388\/revisions\/9395"}],"wp:featuredmedia":[{"embeddable":true,"href":"https:\/\/agora.xtec.cat\/ceipespriu-granollers\/wp-json\/wp\/v2\/media\/9394"}],"wp:attachment":[{"href":"https:\/\/agora.xtec.cat\/ceipespriu-granollers\/wp-json\/wp\/v2\/media?parent=9388"}],"wp:term":[{"taxonomy":"category","embeddable":true,"href":"https:\/\/agora.xtec.cat\/ceipespriu-granollers\/wp-json\/wp\/v2\/categories?post=9388"},{"taxonomy":"post_tag","embeddable":true,"href":"https:\/\/agora.xtec.cat\/ceipespriu-granollers\/wp-json\/wp\/v2\/tags?post=9388"}],"curies":[{"name":"wp","href":"https:\/\/api.w.org\/{rel}","templated":true}]}}