{"id":9350,"date":"2025-05-31T07:56:29","date_gmt":"2025-05-31T05:56:29","guid":{"rendered":"https:\/\/agora.xtec.cat\/ceipespriu-granollers\/?p=9350"},"modified":"2025-06-16T11:58:46","modified_gmt":"2025-06-16T09:58:46","slug":"que-suposa-fer-erasmus-en-polonia","status":"publish","type":"post","link":"https:\/\/agora.xtec.cat\/ceipespriu-granollers\/general\/que-suposa-fer-erasmus-en-polonia\/","title":{"rendered":"Qu\u00e8 suposa fer Erasmus+ a Polonia?"},"content":{"rendered":"<p style=\"text-align: left;\"><span style=\"font-weight: 400;\">Els beneficis que suposa fer Erasmus+ a l&#8217;escola Pozytywna<\/span> <span style=\"font-weight: 400;\">de prim\u00e0ria n\u00fam. 24 Bialystok han sigut enormes. Ha passat gaireb\u00e9 una setmana des que la meva companya Anna de l\u2019escola Pilar Mestres de la Roca i jo que vam venir per a la ciutat de Bialystok per participar en les mobilitats Erasmus + ALASVO. Des de dins, hem descobert altres maneres d\u2019aprendre basats en projectes que podem assegurar que s\u00f3n molt motivadors per l\u2019alumnat. Les eines digitals han format part del seu dia en dia al llarg de les assignatures \u201cmajorit\u00e0riament els jocs\u201d per presentar nou temes de manera atractiva o fins i tot revisar i consolidar les lli\u00e7ons ja treballades anteriorment. La pr\u00e0ctica de mindfulness que la psic\u00f2loga de l\u2019escola la M\u00f2nica que realitza un cop a la setmana \u00e9s una de les sessions que ens agradaria molt destacar aqu\u00ed, ja que ajuda l\u2019alumnat a relaxar-se i calmar-se la ment per aix\u00ed poder concentrar-se amb les tasques a l\u2019aula. <\/span><span style=\"font-weight: 400;\">Per tant, agra\u00efm molt\u00edssim l\u2019oportunitat de poder participar en el programa Erasmus+ ALASVO!<\/span><\/p>\n<p><b>Now in English:<\/b><\/p>\n<p><span style=\"font-weight: 400;\">The benefits of doing Erasmus+ at Pozytywna Primary School No. 24 <\/span><span style=\"font-weight: 400;\">has been enormous.\u00a0<\/span><span style=\"font-weight: 400;\">It has been almost a week since my colleague Anna From Pilar Mestres de la Roca School and I came to the city of Bialystok to participate in the Erasmus+ ALASVO mobilities. From the inside, we have discovered other ways of learning based on projects that we can assure you are very motivating for the students. The digital tools have been part of their daily lives throughout the subjects and mostly they were games used to present new topics in an attractive way or even review and consolidate previously worked lessons. The mindfulness practice that the school psychologist M\u00f2nica carries out once a week is one of the sessions that we would like to highlight here, as it helps the students to relax and calm their minds so that they can concentrate on their tasks in the classroom. It has been a great pressure to learn in a very welcoming educational community that also enjoys sharing its knowledge and experience with other teachers from around the world. <\/span><span style=\"font-weight: 400;\">Hence, we are very grateful for the opportunity to participate in the\u00a0 Erasmus+ ALASVO program!<\/span><\/p>\n<div style=\"width: 848px;\" class=\"wp-video\"><!--[if lt IE 9]><script>document.createElement('video');<\/script><![endif]-->\n<video class=\"wp-video-shortcode\" id=\"video-9350-1\" width=\"848\" height=\"478\" preload=\"metadata\" controls=\"controls\"><source type=\"video\/mp4\" src=\"https:\/\/agora.xtec.cat\/ceipespriu-granollers\/wp-content\/uploads\/usu780\/2025\/05\/Video-de-WhatsApp-2025-05-30-a-les-16.25.14_05b51717.mp4?_=1\" \/><a href=\"https:\/\/agora.xtec.cat\/ceipespriu-granollers\/wp-content\/uploads\/usu780\/2025\/05\/Video-de-WhatsApp-2025-05-30-a-les-16.25.14_05b51717.mp4\">https:\/\/agora.xtec.cat\/ceipespriu-granollers\/wp-content\/uploads\/usu780\/2025\/05\/Video-de-WhatsApp-2025-05-30-a-les-16.25.14_05b51717.mp4<\/a><\/video><\/div>\n","protected":false},"excerpt":{"rendered":"<p>Els beneficis que suposa fer Erasmus+ a l&#8217;escola Pozytywna de prim\u00e0ria n\u00fam. 24 Bialystok han sigut enormes. Ha passat gaireb\u00e9 una setmana des que la meva companya Anna de l\u2019escola Pilar Mestres de la Roca i jo que vam venir per a la ciutat de Bialystok per participar en les mobilitats Erasmus + ALASVO. Des [&hellip;]<\/p>\n","protected":false},"author":1,"featured_media":9387,"comment_status":"closed","ping_status":"closed","sticky":false,"template":"","format":"standard","meta":{"_bbp_topic_count":0,"_bbp_reply_count":0,"_bbp_total_topic_count":0,"_bbp_total_reply_count":0,"_bbp_voice_count":0,"_bbp_anonymous_reply_count":0,"_bbp_topic_count_hidden":0,"_bbp_reply_count_hidden":0,"_bbp_forum_subforum_count":0,"site-sidebar-layout":"default","site-content-layout":"","ast-site-content-layout":"","site-content-style":"default","site-sidebar-style":"default","ast-global-header-display":"","ast-banner-title-visibility":"","ast-main-header-display":"","ast-hfb-above-header-display":"","ast-hfb-below-header-display":"","ast-hfb-mobile-header-display":"","site-post-title":"","ast-breadcrumbs-content":"","ast-featured-img":"","footer-sml-layout":"","theme-transparent-header-meta":"","adv-header-id-meta":"","stick-header-meta":"","header-above-stick-meta":"","header-main-stick-meta":"","header-below-stick-meta":"","astra-migrate-meta-layouts":"default","ast-page-background-enabled":"default","ast-page-background-meta":{"desktop":{"background-color":"var(--ast-global-color-4)","background-image":"","background-repeat":"repeat","background-position":"center center","background-size":"auto","background-attachment":"scroll","background-type":"","background-media":"","overlay-type":"","overlay-color":"","overlay-opacity":"","overlay-gradient":""},"tablet":{"background-color":"","background-image":"","background-repeat":"repeat","background-position":"center center","background-size":"auto","background-attachment":"scroll","background-type":"","background-media":"","overlay-type":"","overlay-color":"","overlay-opacity":"","overlay-gradient":""},"mobile":{"background-color":"","background-image":"","background-repeat":"repeat","background-position":"center center","background-size":"auto","background-attachment":"scroll","background-type":"","background-media":"","overlay-type":"","overlay-color":"","overlay-opacity":"","overlay-gradient":""}},"ast-content-background-meta":{"desktop":{"background-color":"var(--ast-global-color-5)","background-image":"","background-repeat":"repeat","background-position":"center center","background-size":"auto","background-attachment":"scroll","background-type":"","background-media":"","overlay-type":"","overlay-color":"","overlay-opacity":"","overlay-gradient":""},"tablet":{"background-color":"var(--ast-global-color-5)","background-image":"","background-repeat":"repeat","background-position":"center center","background-size":"auto","background-attachment":"scroll","background-type":"","background-media":"","overlay-type":"","overlay-color":"","overlay-opacity":"","overlay-gradient":""},"mobile":{"background-color":"var(--ast-global-color-5)","background-image":"","background-repeat":"repeat","background-position":"center center","background-size":"auto","background-attachment":"scroll","background-type":"","background-media":"","overlay-type":"","overlay-color":"","overlay-opacity":"","overlay-gradient":""}},"footnotes":""},"categories":[141,1,4],"tags":[138],"class_list":["post-9350","post","type-post","status-publish","format-standard","has-post-thumbnail","hentry","category-erasmus","category-general","category-portada","tag-curs-2024-2025"],"post_mailing_queue_ids":[],"_links":{"self":[{"href":"https:\/\/agora.xtec.cat\/ceipespriu-granollers\/wp-json\/wp\/v2\/posts\/9350","targetHints":{"allow":["GET"]}}],"collection":[{"href":"https:\/\/agora.xtec.cat\/ceipespriu-granollers\/wp-json\/wp\/v2\/posts"}],"about":[{"href":"https:\/\/agora.xtec.cat\/ceipespriu-granollers\/wp-json\/wp\/v2\/types\/post"}],"author":[{"embeddable":true,"href":"https:\/\/agora.xtec.cat\/ceipespriu-granollers\/wp-json\/wp\/v2\/users\/1"}],"replies":[{"embeddable":true,"href":"https:\/\/agora.xtec.cat\/ceipespriu-granollers\/wp-json\/wp\/v2\/comments?post=9350"}],"version-history":[{"count":3,"href":"https:\/\/agora.xtec.cat\/ceipespriu-granollers\/wp-json\/wp\/v2\/posts\/9350\/revisions"}],"predecessor-version":[{"id":9426,"href":"https:\/\/agora.xtec.cat\/ceipespriu-granollers\/wp-json\/wp\/v2\/posts\/9350\/revisions\/9426"}],"wp:featuredmedia":[{"embeddable":true,"href":"https:\/\/agora.xtec.cat\/ceipespriu-granollers\/wp-json\/wp\/v2\/media\/9387"}],"wp:attachment":[{"href":"https:\/\/agora.xtec.cat\/ceipespriu-granollers\/wp-json\/wp\/v2\/media?parent=9350"}],"wp:term":[{"taxonomy":"category","embeddable":true,"href":"https:\/\/agora.xtec.cat\/ceipespriu-granollers\/wp-json\/wp\/v2\/categories?post=9350"},{"taxonomy":"post_tag","embeddable":true,"href":"https:\/\/agora.xtec.cat\/ceipespriu-granollers\/wp-json\/wp\/v2\/tags?post=9350"}],"curies":[{"name":"wp","href":"https:\/\/api.w.org\/{rel}","templated":true}]}}