{"id":9342,"date":"2025-05-29T22:14:02","date_gmt":"2025-05-29T20:14:02","guid":{"rendered":"https:\/\/agora.xtec.cat\/ceipespriu-granollers\/?p=9342"},"modified":"2025-06-16T12:00:45","modified_gmt":"2025-06-16T10:00:45","slug":"erasmu-a-polonia","status":"publish","type":"post","link":"https:\/\/agora.xtec.cat\/ceipespriu-granollers\/general\/erasmu-a-polonia\/","title":{"rendered":"ERASMUS+ a Pol\u00f2nia"},"content":{"rendered":"<p><span style=\"font-weight: 400;\">La Maria Nzaumi mestra de l\u2019escola i l\u2019Anna de l\u2019escola Pilar Mestres de la Roca, hem comen\u00e7at la nostra aventura per Pol\u00f2nia. Concretament estem a la ciutat de Bielystok on passarem la setmana visitant l\u2019<\/span><b>Szko\u0142a Podstawowa nr 24 z<\/b><span style=\"font-weight: 400;\">, gr\u00e0cies al programa Erasmus+ ALASVO del qual formem part.<\/span><\/p>\n<p><span style=\"font-weight: 400;\">L\u2019Szko\u0142a Podstawowa nr 24 de Bia\u0142ystok, fundada l\u20191 de setembre de 1960, va ser la primera &#8220;Escola del Mil\u00b7lenari&#8221; de la ciutat. La seva construcci\u00f3 va ser finan\u00e7ada \u00edntegrament per la comunitat local, amb el suport de diverses entitats i ciutadans.<\/span><span style=\"font-weight: 400;\"><br \/>\n<\/span><span style=\"font-weight: 400;\"> El 2017, amb la reforma educativa que va restablir les escoles prim\u00e0ries de 8 anys, l&#8217;escola va recuperar la seva numeraci\u00f3 original. Actualment, la Szko\u0142a Podstawowa nr 24 ofereix classes biling\u00fces i programes esportius, i continua sent un referent educatiu a Bia\u0142ystok.<\/span><\/p>\n<p><span style=\"font-weight: 400;\">L\u2019objectiu de la mobilitat \u00e9s con\u00e8ixer aspectes pedag\u00f2gics referents a la metodologia, digitalitzaci\u00f3, sostenibilitat, atenci\u00f3 a la diversitat i adquisici\u00f3 de les lleng\u00fces, per tal de millorar la pr\u00e0ctica docent als nostres respectius centres educatius. D\u2019altra banda, es pret\u00e9n establir vincle amb diferents professionals del centre per a dur a terme futurs projectes eTwinnings que ajudin a millorar la compet\u00e8ncia ling\u00fc\u00edstica del nostre alumnat.\u00a0<\/span><\/p>\n<p>Now in English:<\/p>\n<p><span style=\"font-weight: 400;\">Maria Nzaumi a teacher at the school, and Anna, a teacher from the school Pilar Mestres in a village called \u201cLa Roca\u201d have begun our adventure in Poland. We are currently in the city of Bia\u0142ystok, where we will spend the week visiting Szko\u0142a Podstawowa nr 24, thanks to the Erasmus+ ALASVO program, of which we are a part.<\/span><\/p>\n<p><span style=\"font-weight: 400;\">Szko\u0142a Podstawowa nr 24 in Bia\u0142ystok, founded on September 1, 1960, was the city&#8217;s first &#8220;Millennium School.&#8221; It\u2019s construction was entirely financed by the local community, with support from various organizations and citizens.<\/span><\/p>\n<p><span style=\"font-weight: 400;\">In 2017, following the educational reform that reinstated the 8-year primary school system, the school regained its original numbering. Today, Szko\u0142a Podstawowa nr 24 offers bilingual classes and sports programs, and it remains an educational benchmark in Bia\u0142ystok.<\/span><\/p>\n<p><span style=\"font-weight: 400;\">The aim of this mobility is to learn about pedagogical aspects related to methodology, digitalization, sustainability, attention to diversity, and language acquisition, in order to improve teaching practices in our respective educational centers. Additionally, we aim to build connections with professionals at the school to carry out future eTwinning projects that will help enhance our students\u2019 language skills.<\/span><\/p>\n<p><a href=\"https:\/\/agora.xtec.cat\/ceipespriu-granollers\/wp-content\/uploads\/usu780\/2025\/05\/Benviguda-Iwona-Anna-i-Maria.jpg\"><img loading=\"lazy\" decoding=\"async\" class=\"alignnone wp-image-9343\" src=\"https:\/\/agora.xtec.cat\/ceipespriu-granollers\/wp-content\/uploads\/usu780\/2025\/05\/Benviguda-Iwona-Anna-i-Maria-768x1024.jpg\" alt=\"\" width=\"243\" height=\"324\" srcset=\"https:\/\/agora.xtec.cat\/ceipespriu-granollers\/wp-content\/uploads\/usu780\/2025\/05\/Benviguda-Iwona-Anna-i-Maria-768x1024.jpg 768w, https:\/\/agora.xtec.cat\/ceipespriu-granollers\/wp-content\/uploads\/usu780\/2025\/05\/Benviguda-Iwona-Anna-i-Maria-225x300.jpg 225w, https:\/\/agora.xtec.cat\/ceipespriu-granollers\/wp-content\/uploads\/usu780\/2025\/05\/Benviguda-Iwona-Anna-i-Maria-1152x1536.jpg 1152w, https:\/\/agora.xtec.cat\/ceipespriu-granollers\/wp-content\/uploads\/usu780\/2025\/05\/Benviguda-Iwona-Anna-i-Maria.jpg 1200w\" sizes=\"auto, (max-width: 243px) 100vw, 243px\" \/><\/a> <a href=\"https:\/\/agora.xtec.cat\/ceipespriu-granollers\/wp-content\/uploads\/usu780\/2025\/05\/Imatge-de-WhatsApp-2025-05-26-a-les-13.23.33_111433b2.jpg\"><img loading=\"lazy\" decoding=\"async\" class=\"alignnone wp-image-9344\" src=\"https:\/\/agora.xtec.cat\/ceipespriu-granollers\/wp-content\/uploads\/usu780\/2025\/05\/Imatge-de-WhatsApp-2025-05-26-a-les-13.23.33_111433b2-1024x768.jpg\" alt=\"\" width=\"430\" height=\"322\" srcset=\"https:\/\/agora.xtec.cat\/ceipespriu-granollers\/wp-content\/uploads\/usu780\/2025\/05\/Imatge-de-WhatsApp-2025-05-26-a-les-13.23.33_111433b2-1024x768.jpg 1024w, https:\/\/agora.xtec.cat\/ceipespriu-granollers\/wp-content\/uploads\/usu780\/2025\/05\/Imatge-de-WhatsApp-2025-05-26-a-les-13.23.33_111433b2-300x225.jpg 300w, https:\/\/agora.xtec.cat\/ceipespriu-granollers\/wp-content\/uploads\/usu780\/2025\/05\/Imatge-de-WhatsApp-2025-05-26-a-les-13.23.33_111433b2-768x576.jpg 768w, https:\/\/agora.xtec.cat\/ceipespriu-granollers\/wp-content\/uploads\/usu780\/2025\/05\/Imatge-de-WhatsApp-2025-05-26-a-les-13.23.33_111433b2-1536x1152.jpg 1536w, https:\/\/agora.xtec.cat\/ceipespriu-granollers\/wp-content\/uploads\/usu780\/2025\/05\/Imatge-de-WhatsApp-2025-05-26-a-les-13.23.33_111433b2-200x150.jpg 200w, https:\/\/agora.xtec.cat\/ceipespriu-granollers\/wp-content\/uploads\/usu780\/2025\/05\/Imatge-de-WhatsApp-2025-05-26-a-les-13.23.33_111433b2.jpg 2000w\" sizes=\"auto, (max-width: 430px) 100vw, 430px\" \/><\/a><\/p>\n","protected":false},"excerpt":{"rendered":"<p>La Maria Nzaumi mestra de l\u2019escola i l\u2019Anna de l\u2019escola Pilar Mestres de la Roca, hem comen\u00e7at la nostra aventura per Pol\u00f2nia. Concretament estem a la ciutat de Bielystok on passarem la setmana visitant l\u2019Szko\u0142a Podstawowa nr 24 z, gr\u00e0cies al programa Erasmus+ ALASVO del qual formem part. L\u2019Szko\u0142a Podstawowa nr 24 de Bia\u0142ystok, fundada [&hellip;]<\/p>\n","protected":false},"author":1,"featured_media":9385,"comment_status":"closed","ping_status":"closed","sticky":false,"template":"","format":"standard","meta":{"_bbp_topic_count":0,"_bbp_reply_count":0,"_bbp_total_topic_count":0,"_bbp_total_reply_count":0,"_bbp_voice_count":0,"_bbp_anonymous_reply_count":0,"_bbp_topic_count_hidden":0,"_bbp_reply_count_hidden":0,"_bbp_forum_subforum_count":0,"site-sidebar-layout":"default","site-content-layout":"","ast-site-content-layout":"","site-content-style":"default","site-sidebar-style":"default","ast-global-header-display":"","ast-banner-title-visibility":"","ast-main-header-display":"","ast-hfb-above-header-display":"","ast-hfb-below-header-display":"","ast-hfb-mobile-header-display":"","site-post-title":"","ast-breadcrumbs-content":"","ast-featured-img":"","footer-sml-layout":"","theme-transparent-header-meta":"","adv-header-id-meta":"","stick-header-meta":"","header-above-stick-meta":"","header-main-stick-meta":"","header-below-stick-meta":"","astra-migrate-meta-layouts":"default","ast-page-background-enabled":"default","ast-page-background-meta":{"desktop":{"background-color":"var(--ast-global-color-4)","background-image":"","background-repeat":"repeat","background-position":"center center","background-size":"auto","background-attachment":"scroll","background-type":"","background-media":"","overlay-type":"","overlay-color":"","overlay-opacity":"","overlay-gradient":""},"tablet":{"background-color":"","background-image":"","background-repeat":"repeat","background-position":"center center","background-size":"auto","background-attachment":"scroll","background-type":"","background-media":"","overlay-type":"","overlay-color":"","overlay-opacity":"","overlay-gradient":""},"mobile":{"background-color":"","background-image":"","background-repeat":"repeat","background-position":"center center","background-size":"auto","background-attachment":"scroll","background-type":"","background-media":"","overlay-type":"","overlay-color":"","overlay-opacity":"","overlay-gradient":""}},"ast-content-background-meta":{"desktop":{"background-color":"var(--ast-global-color-5)","background-image":"","background-repeat":"repeat","background-position":"center center","background-size":"auto","background-attachment":"scroll","background-type":"","background-media":"","overlay-type":"","overlay-color":"","overlay-opacity":"","overlay-gradient":""},"tablet":{"background-color":"var(--ast-global-color-5)","background-image":"","background-repeat":"repeat","background-position":"center center","background-size":"auto","background-attachment":"scroll","background-type":"","background-media":"","overlay-type":"","overlay-color":"","overlay-opacity":"","overlay-gradient":""},"mobile":{"background-color":"var(--ast-global-color-5)","background-image":"","background-repeat":"repeat","background-position":"center center","background-size":"auto","background-attachment":"scroll","background-type":"","background-media":"","overlay-type":"","overlay-color":"","overlay-opacity":"","overlay-gradient":""}},"footnotes":""},"categories":[141,1,4],"tags":[138],"class_list":["post-9342","post","type-post","status-publish","format-standard","has-post-thumbnail","hentry","category-erasmus","category-general","category-portada","tag-curs-2024-2025"],"post_mailing_queue_ids":[],"_links":{"self":[{"href":"https:\/\/agora.xtec.cat\/ceipespriu-granollers\/wp-json\/wp\/v2\/posts\/9342","targetHints":{"allow":["GET"]}}],"collection":[{"href":"https:\/\/agora.xtec.cat\/ceipespriu-granollers\/wp-json\/wp\/v2\/posts"}],"about":[{"href":"https:\/\/agora.xtec.cat\/ceipespriu-granollers\/wp-json\/wp\/v2\/types\/post"}],"author":[{"embeddable":true,"href":"https:\/\/agora.xtec.cat\/ceipespriu-granollers\/wp-json\/wp\/v2\/users\/1"}],"replies":[{"embeddable":true,"href":"https:\/\/agora.xtec.cat\/ceipespriu-granollers\/wp-json\/wp\/v2\/comments?post=9342"}],"version-history":[{"count":4,"href":"https:\/\/agora.xtec.cat\/ceipespriu-granollers\/wp-json\/wp\/v2\/posts\/9342\/revisions"}],"predecessor-version":[{"id":9429,"href":"https:\/\/agora.xtec.cat\/ceipespriu-granollers\/wp-json\/wp\/v2\/posts\/9342\/revisions\/9429"}],"wp:featuredmedia":[{"embeddable":true,"href":"https:\/\/agora.xtec.cat\/ceipespriu-granollers\/wp-json\/wp\/v2\/media\/9385"}],"wp:attachment":[{"href":"https:\/\/agora.xtec.cat\/ceipespriu-granollers\/wp-json\/wp\/v2\/media?parent=9342"}],"wp:term":[{"taxonomy":"category","embeddable":true,"href":"https:\/\/agora.xtec.cat\/ceipespriu-granollers\/wp-json\/wp\/v2\/categories?post=9342"},{"taxonomy":"post_tag","embeddable":true,"href":"https:\/\/agora.xtec.cat\/ceipespriu-granollers\/wp-json\/wp\/v2\/tags?post=9342"}],"curies":[{"name":"wp","href":"https:\/\/api.w.org\/{rel}","templated":true}]}}