{"id":9077,"date":"2025-04-03T18:46:32","date_gmt":"2025-04-03T16:46:32","guid":{"rendered":"https:\/\/agora.xtec.cat\/ceipespriu-granollers\/?p=9077"},"modified":"2025-04-03T18:46:32","modified_gmt":"2025-04-03T16:46:32","slug":"bordeaux-et-lecole-maternelle","status":"publish","type":"post","link":"https:\/\/agora.xtec.cat\/ceipespriu-granollers\/general\/bordeaux-et-lecole-maternelle\/","title":{"rendered":"BORDEAUX ET L&#8217;\u00c9COLE MATERNELLE"},"content":{"rendered":"<p><span style=\"font-weight: 400\">Avui hem visitat l\u2019\u00e9cole maternelle que est\u00e0 al costat de l\u2019\u00e9cole \u00e9l\u00e9mentaire.<\/span><\/p>\n<p><span style=\"font-weight: 400\">\u00c9s un edifici antic reformat de fa 15 anys.\u00a0<\/span><\/p>\n<p><span style=\"font-weight: 400\">Hi ha l\u2019entrada, amb un espai amb taules i un espai petit com de lectura, amb sof\u00e0s petits.<\/span><\/p>\n<p><a href=\"https:\/\/agora.xtec.cat\/ceipespriu-granollers\/wp-content\/uploads\/usu780\/2025\/04\/PXL_20250401_081354009.jpg\"><img loading=\"lazy\" decoding=\"async\" class=\"alignleft wp-image-9078 \" src=\"https:\/\/agora.xtec.cat\/ceipespriu-granollers\/wp-content\/uploads\/usu780\/2025\/04\/PXL_20250401_081354009.jpg\" alt=\"\" width=\"613\" height=\"460\" srcset=\"https:\/\/agora.xtec.cat\/ceipespriu-granollers\/wp-content\/uploads\/usu780\/2025\/04\/PXL_20250401_081354009.jpg 2560w, https:\/\/agora.xtec.cat\/ceipespriu-granollers\/wp-content\/uploads\/usu780\/2025\/04\/PXL_20250401_081354009-300x225.jpg 300w, https:\/\/agora.xtec.cat\/ceipespriu-granollers\/wp-content\/uploads\/usu780\/2025\/04\/PXL_20250401_081354009-1024x768.jpg 1024w, https:\/\/agora.xtec.cat\/ceipespriu-granollers\/wp-content\/uploads\/usu780\/2025\/04\/PXL_20250401_081354009-768x576.jpg 768w, https:\/\/agora.xtec.cat\/ceipespriu-granollers\/wp-content\/uploads\/usu780\/2025\/04\/PXL_20250401_081354009-1536x1152.jpg 1536w, https:\/\/agora.xtec.cat\/ceipespriu-granollers\/wp-content\/uploads\/usu780\/2025\/04\/PXL_20250401_081354009-2048x1536.jpg 2048w, https:\/\/agora.xtec.cat\/ceipespriu-granollers\/wp-content\/uploads\/usu780\/2025\/04\/PXL_20250401_081354009-200x150.jpg 200w\" sizes=\"auto, (max-width: 613px) 100vw, 613px\" \/><\/a><\/p>\n<p>&nbsp;<\/p>\n<p>&nbsp;<\/p>\n<p>&nbsp;<\/p>\n<p>&nbsp;<\/p>\n<p>&nbsp;<\/p>\n<p>&nbsp;<\/p>\n<p>&nbsp;<\/p>\n<p>&nbsp;<\/p>\n<p>&nbsp;<\/p>\n<p>&nbsp;<\/p>\n<p>&nbsp;<\/p>\n<p><span style=\"font-weight: 400\">Tenen un menjador gran amb taules i cadires petites on van els alumnes a menjar per torns. Fan 3 torns (els m\u00e9s petits, els mitjans i els m\u00e9s grans).<\/span><\/p>\n<p><span style=\"font-weight: 400\">A cada taula hi ha el nom dels alumnes, aix\u00ed seuen sempre al mateix lloc.<\/span><\/p>\n<p><span style=\"font-weight: 400\">No tenen cuina pr\u00f2pia i els porten el menjar de fora.\u00a0<\/span><\/p>\n<p><a href=\"https:\/\/agora.xtec.cat\/ceipespriu-granollers\/wp-content\/uploads\/usu780\/2025\/04\/PXL_20250401_081142260.jpg\"><img loading=\"lazy\" decoding=\"async\" class=\"wp-image-9079  alignright\" src=\"https:\/\/agora.xtec.cat\/ceipespriu-granollers\/wp-content\/uploads\/usu780\/2025\/04\/PXL_20250401_081142260-300x225.jpg\" alt=\"\" width=\"312\" height=\"234\" srcset=\"https:\/\/agora.xtec.cat\/ceipespriu-granollers\/wp-content\/uploads\/usu780\/2025\/04\/PXL_20250401_081142260-300x225.jpg 300w, https:\/\/agora.xtec.cat\/ceipespriu-granollers\/wp-content\/uploads\/usu780\/2025\/04\/PXL_20250401_081142260-1024x768.jpg 1024w, https:\/\/agora.xtec.cat\/ceipespriu-granollers\/wp-content\/uploads\/usu780\/2025\/04\/PXL_20250401_081142260-768x576.jpg 768w, https:\/\/agora.xtec.cat\/ceipespriu-granollers\/wp-content\/uploads\/usu780\/2025\/04\/PXL_20250401_081142260-1536x1152.jpg 1536w, https:\/\/agora.xtec.cat\/ceipespriu-granollers\/wp-content\/uploads\/usu780\/2025\/04\/PXL_20250401_081142260-2048x1536.jpg 2048w, https:\/\/agora.xtec.cat\/ceipespriu-granollers\/wp-content\/uploads\/usu780\/2025\/04\/PXL_20250401_081142260-200x150.jpg 200w\" sizes=\"auto, (max-width: 312px) 100vw, 312px\" \/><\/a><span style=\"font-weight: 400\">Tenen 7 aules distribu\u00efdes al llarg d\u2019un passad\u00eds llarg on els alumnes pengen les motxilles i jaquetes.<\/span><\/p>\n<p><span style=\"font-weight: 400\">Algunes de les aules donen directament al pati.\u00a0<\/span><\/p>\n<p><span style=\"font-weight: 400\">A Fran\u00e7a l\u2019educaci\u00f3 infantil est\u00e0 distribu\u00efda de la seg\u00fcent manera:<\/span><\/p>\n<ul>\n<li style=\"font-weight: 400\"><span style=\"font-weight: 400\">\u00a0PS (petite section) pels alumnes de 3 a 4 anys.<\/span><\/li>\n<li style=\"font-weight: 400\"><span style=\"font-weight: 400\">\u00a0MS (moyenne section) pels alumnes de 4 a 5 anys.<\/span><\/li>\n<li style=\"font-weight: 400\"><span style=\"font-weight: 400\">\u00a0GS (grande section) pels alumnes de 5 a 6 anys.<\/span><\/li>\n<\/ul>\n<p><span style=\"font-weight: 400\">Concretament en aquesta escola tenen 3 aules PS, dues d\u2019elles amb alumnes de 3 i 4 anys barrejats, 2 aules MS amb alumnes de 5 anys i 2 aules de GS amb alumnes de 6 anys.<\/span><\/p>\n<p><span style=\"font-weight: 400\">A cada aula hi ha una TEI que ajuda al mestre i endre\u00e7a l\u2019aula. Tamb\u00e9 s\u00f3n les encarregades d\u2019estar amb els alumnes a l\u2019hora del menjador i en el cas dels m\u00e9s petits s\u00f3n les qui els posen a dormir i despr\u00e9s s\u00f3n substitu\u00efdes pel mestre per tal de poder anar a dinar i netejar el menjador.<\/span><\/p>\n<p><span style=\"font-weight: 400\">Els lavabos s\u00f3n comuns per tots els alumnes i estan situats en un espai al centre del passad\u00eds.<\/span><\/p>\n<p><span style=\"font-weight: 400\">Les aules estan connectades entre si, i algunes tamb\u00e9 estan connectades amb l\u2019aula d\u2019arts pl\u00e0stiques.<\/span><\/p>\n<p><span style=\"font-weight: 400\">Tenen 2 aules d\u2019arts pl\u00e0stiques amb tot el material necessari com pintures, pinzells\u2026<\/span><\/p>\n<p><a href=\"https:\/\/agora.xtec.cat\/ceipespriu-granollers\/wp-content\/uploads\/usu780\/2025\/04\/PXL_20250401_080206626.jpg\"><img loading=\"lazy\" decoding=\"async\" class=\"alignnone  wp-image-9080\" src=\"https:\/\/agora.xtec.cat\/ceipespriu-granollers\/wp-content\/uploads\/usu780\/2025\/04\/PXL_20250401_080206626-1024x768.jpg\" alt=\"\" width=\"642\" height=\"482\" srcset=\"https:\/\/agora.xtec.cat\/ceipespriu-granollers\/wp-content\/uploads\/usu780\/2025\/04\/PXL_20250401_080206626-1024x768.jpg 1024w, https:\/\/agora.xtec.cat\/ceipespriu-granollers\/wp-content\/uploads\/usu780\/2025\/04\/PXL_20250401_080206626-300x225.jpg 300w, https:\/\/agora.xtec.cat\/ceipespriu-granollers\/wp-content\/uploads\/usu780\/2025\/04\/PXL_20250401_080206626-768x576.jpg 768w, https:\/\/agora.xtec.cat\/ceipespriu-granollers\/wp-content\/uploads\/usu780\/2025\/04\/PXL_20250401_080206626-1536x1152.jpg 1536w, https:\/\/agora.xtec.cat\/ceipespriu-granollers\/wp-content\/uploads\/usu780\/2025\/04\/PXL_20250401_080206626-2048x1536.jpg 2048w, https:\/\/agora.xtec.cat\/ceipespriu-granollers\/wp-content\/uploads\/usu780\/2025\/04\/PXL_20250401_080206626-200x150.jpg 200w\" sizes=\"auto, (max-width: 642px) 100vw, 642px\" \/><\/a><\/p>\n<p><span style=\"font-weight: 400\">Tamb\u00e9 tenen una aula polivalent on fan la psicomotricitat i la m\u00fasica amb tot de material. Aquesta aula connecta tamb\u00e9 amb el pati i amb uns lavabos. Tenen tamb\u00e9 2 aules amb lliteres petites on els alumnes de 3 anys van a dormir despr\u00e9s de menjar.\u00a0<\/span><\/p>\n<p><a href=\"https:\/\/agora.xtec.cat\/ceipespriu-granollers\/wp-content\/uploads\/usu780\/2025\/04\/PXL_20250401_080908423.MP_.jpg\"><img loading=\"lazy\" decoding=\"async\" class=\"wp-image-9081  alignleft\" src=\"https:\/\/agora.xtec.cat\/ceipespriu-granollers\/wp-content\/uploads\/usu780\/2025\/04\/PXL_20250401_080908423.MP_.jpg\" alt=\"\" width=\"638\" height=\"479\" srcset=\"https:\/\/agora.xtec.cat\/ceipespriu-granollers\/wp-content\/uploads\/usu780\/2025\/04\/PXL_20250401_080908423.MP_.jpg 2560w, https:\/\/agora.xtec.cat\/ceipespriu-granollers\/wp-content\/uploads\/usu780\/2025\/04\/PXL_20250401_080908423.MP_-300x225.jpg 300w, https:\/\/agora.xtec.cat\/ceipespriu-granollers\/wp-content\/uploads\/usu780\/2025\/04\/PXL_20250401_080908423.MP_-1024x768.jpg 1024w, https:\/\/agora.xtec.cat\/ceipespriu-granollers\/wp-content\/uploads\/usu780\/2025\/04\/PXL_20250401_080908423.MP_-768x576.jpg 768w, https:\/\/agora.xtec.cat\/ceipespriu-granollers\/wp-content\/uploads\/usu780\/2025\/04\/PXL_20250401_080908423.MP_-1536x1152.jpg 1536w, https:\/\/agora.xtec.cat\/ceipespriu-granollers\/wp-content\/uploads\/usu780\/2025\/04\/PXL_20250401_080908423.MP_-2048x1536.jpg 2048w, https:\/\/agora.xtec.cat\/ceipespriu-granollers\/wp-content\/uploads\/usu780\/2025\/04\/PXL_20250401_080908423.MP_-200x150.jpg 200w\" sizes=\"auto, (max-width: 638px) 100vw, 638px\" \/><\/a><\/p>\n<p>&nbsp;<\/p>\n<p>&nbsp;<\/p>\n<p>&nbsp;<\/p>\n<p>&nbsp;<\/p>\n<p>&nbsp;<\/p>\n<p>&nbsp;<\/p>\n<p>&nbsp;<\/p>\n<p>&nbsp;<\/p>\n<p>&nbsp;<\/p>\n<p>&nbsp;<\/p>\n<p>&nbsp;<\/p>\n<p>Tenen tamb\u00e9 un pati molt gran amb bicicletes, dues estructures i un hort petit.<\/p>\n<p><span style=\"font-weight: 400\">Hi ha el despatx de la directora, la sala de mestres i un petit despatx per la noia que organitza els extraescolars i un altre per la qui porta tot el tema del menjador.<\/span><\/p>\n<p><span style=\"font-weight: 400\">L\u2019escola est\u00e0 ubicada al costat d\u2019una ludoteca i aix\u00f2 els permet anar-hi 1 o 2 cops durant el curs a jugar amb algun grup classe. Els costa uns 30 euros cada cop que hi van, per aix\u00f2 nom\u00e9s hi van com a molt un parell de cops durant el curs.<\/span><\/p>\n<p><span style=\"font-weight: 400\">L\u2019horari \u00e9s igual que a l\u2019\u00e9cole \u00e9l\u00e9mentaire i si no tenen cap reuni\u00f3, els mestres poden anar lliurement a casa i tornar a les 13:30h.<\/span><\/p>\n<p><span style=\"font-weight: 400\">A difer\u00e8ncia de l\u2019\u00e9cole \u00e9l\u00e9mentaire, la directora si que \u00e9s mestra d\u2019una classe i t\u00e9 nom\u00e9s el dimarts per fer treball de despatx mentre una altra mestra es queda amb els seus alumnes tot el dia. Aquesta mestra va a diferents escoles de la zona cobrint el dia que els directors i directores de les escoles maternelles tenen despatx.<\/span><\/p>\n<p><span style=\"font-weight: 400\">Al igual que a l\u2019\u00e9cole \u00e9l\u00e9mentaire canvien d\u2019activitat cada 30 minuts i fan 2 patis, un al mat\u00ed i un altre a la tarda. Fan torns de pati per no coincidir tots els grups alhora. Al pati tenen bicicletes, dues estructures i material per jugar. No tenen sorral.<\/span><\/p>\n<p><span style=\"font-weight: 400\">No tenen especialistes i \u00e9s el mateix mestre qui fa totes les mat\u00e8ries als alumnes.<\/span><\/p>\n<p><span style=\"font-weight: 400\">No fan angl\u00e8s.\u00a0<\/span><\/p>\n<p><span style=\"font-weight: 400\">Tenen molt material a les aules per treballar en petits racons. <\/span><\/p>\n<p><span style=\"font-weight: 400\">Hi ha for\u00e7a autonomia per part dels alumnes per anar a jugar o treballar all\u00e0 on volen. <\/span><\/p>\n<p><span style=\"font-weight: 400\">Pel qu\u00e8 hem pogut observar avui, fan l\u2019entrada amb els rituals (bon dia, mirar quants alumnes han vingut, els que s\u2019han quedat a casa, el temps\u2026) i despr\u00e9s el mestre els proposa diferents jocs ja sigui a les taules com enfilar, encaixos, pintar\u2026o al terra amb el Kappla\u2026\u00a0<\/span><\/p>\n<p><a href=\"https:\/\/agora.xtec.cat\/ceipespriu-granollers\/wp-content\/uploads\/usu780\/2025\/04\/PXL_20250401_071147651.jpg\"><img loading=\"lazy\" decoding=\"async\" class=\"alignnone size-large wp-image-9082\" src=\"https:\/\/agora.xtec.cat\/ceipespriu-granollers\/wp-content\/uploads\/usu780\/2025\/04\/PXL_20250401_071147651-1024x768.jpg\" alt=\"\" width=\"1024\" height=\"768\" srcset=\"https:\/\/agora.xtec.cat\/ceipespriu-granollers\/wp-content\/uploads\/usu780\/2025\/04\/PXL_20250401_071147651-1024x768.jpg 1024w, https:\/\/agora.xtec.cat\/ceipespriu-granollers\/wp-content\/uploads\/usu780\/2025\/04\/PXL_20250401_071147651-300x225.jpg 300w, https:\/\/agora.xtec.cat\/ceipespriu-granollers\/wp-content\/uploads\/usu780\/2025\/04\/PXL_20250401_071147651-768x576.jpg 768w, https:\/\/agora.xtec.cat\/ceipespriu-granollers\/wp-content\/uploads\/usu780\/2025\/04\/PXL_20250401_071147651-1536x1152.jpg 1536w, https:\/\/agora.xtec.cat\/ceipespriu-granollers\/wp-content\/uploads\/usu780\/2025\/04\/PXL_20250401_071147651-2048x1536.jpg 2048w, https:\/\/agora.xtec.cat\/ceipespriu-granollers\/wp-content\/uploads\/usu780\/2025\/04\/PXL_20250401_071147651-200x150.jpg 200w\" sizes=\"auto, (max-width: 1024px) 100vw, 1024px\" \/><\/a><\/p>\n<p><span style=\"font-weight: 400\">Mentre uns alumnes van lliurement pels racons, hi ha uns quants alumnes que van al taller d\u2019arts pl\u00e0stiques amb la TEI i un grup redu\u00eft d\u2019alumnes treballa amb el mestre, en el cas que hem vist era amb 4 alumnes de 3 anys. Feien el joc d\u2019anar a comprar. El mestre els donava una targeta amb un n\u00famero o una imatge i a partir d\u2019aqu\u00ed comen\u00e7ava la compra. Per exemple, si el mestre els donava una targeta amb el n\u00famero 3, l\u2019alumne comprava 3 coses. Un cop ho han fet els 4 alumnes, han anat amb el mestre a una taula per fer conversa sobre qu\u00e8 havien comprat i el perqu\u00e8.<\/span><\/p>\n<p><span style=\"font-weight: 400\">A la tarda hem pogut veure com un grup dels alumnes grans treballaven individualment amb les tauletes. Fan servir un programa de matem\u00e0tiques semblant a l\u2019innovamat que permet treballar cadasc\u00fa al seu ritme. Alhora tamb\u00e9 tenen un altre programa per treballar el llenguatge.\u00a0<\/span><\/p>\n<p><span style=\"font-weight: 400\">Ens ha cridat l\u2019atenci\u00f3 que a l\u2019hora de fer psicomotricitat els alumnes no porten roba d\u2019esport, algunes nenes anaven amb faldilla o vestit i amb botes i d\u2019altres amb texans.<\/span><\/p>\n<p><span style=\"font-weight: 400\">Ens han comentat que a totes les escoles de Fran\u00e7a fan una revisi\u00f3 de l\u2019o\u00efda, la vista i la parla als 3 anys, abans d\u2019entrar a l\u2019\u00e9cole maternelle i un altre cop abans d\u2019entrar a l\u2019\u00e9cole \u00e9l\u00e9mentaire. Aix\u00f2 \u00e9s un programa que ho paga l\u2019estat, d\u2019aquesta manera poden preveure les dificultats dels alumnes.<\/span><\/p>\n<p>&#8230;&#8230;&#8230;&#8230;&#8230;&#8230;&#8230;&#8230;&#8230;&#8230;&#8230;&#8230;&#8230;&#8230;&#8230;&#8230;&#8230;&#8230;&#8230;&#8230;&#8230;&#8230;&#8230;&#8230;&#8230;&#8230;&#8230;&#8230;&#8230;&#8230;&#8230;&#8230;&#8230;&#8230;&#8230;&#8230;&#8230;&#8230;&#8230;&#8230;&#8230;&#8230;&#8230;&#8230;&#8230;&#8230;&#8230;&#8230;&#8230;&#8230;&#8230;&#8230;&#8230;&#8230;&#8230;.<\/p>\n<p><span style=\"font-weight: 400\">Aujourd\u2019hui on a visit\u00e9 l\u2019\u00e9cole maternelle de Nuyens.<\/span><\/p>\n<p><span style=\"font-weight: 400\">C\u2019est un grand b\u00e2timent \u00e0 c\u00f4t\u00e9 de l\u2019\u00e9cole \u00e9l\u00e9mentaire avec de grandes fen\u00eatres qui laissent entrer la lumi\u00e8re du soleil.<\/span><\/p>\n<p><span style=\"font-weight: 400\">Ils ont une salle \u00e0 manger avec des tables et des petites chaises pour les \u00e9l\u00e8ves. Ils on pas de cuisine, alors ils leur apportent la nourriture de l&#8217;ext\u00e9rieur.<\/span><\/p>\n<p><span style=\"font-weight: 400\">En France l\u2019\u00e9cole maternelle c\u2019est organis\u00e9 par:<\/span><\/p>\n<ul>\n<li><span style=\"font-weight: 400\">PS (petite section) pour les \u00e9l\u00e8ves de 3 \u00e0 4 ans.<\/span><\/li>\n<li style=\"font-weight: 400\"><span style=\"font-weight: 400\">MS (moyenne section) pour les \u00e9l\u00e8ves de 4 \u00e0 5 ans.<\/span><\/li>\n<li style=\"font-weight: 400\"><span style=\"font-weight: 400\">GS (grande section) pour les \u00e9l\u00e8ves de 5 \u00e0 6 ans.<\/span><\/li>\n<\/ul>\n<p><span style=\"font-weight: 400\">Ils ont sept classes et deux classes pour faire des arts plastiques avec tout le mat\u00e9riel comme de la peinture, des pinceaux, des couleurs\u2026<\/span><\/p>\n<p><span style=\"font-weight: 400\">Les toilettes sont communes et ils ne sont pas dans les classes, ils sont dans le couloir.<\/span><\/p>\n<p><span style=\"font-weight: 400\">Ils ont une grande cour avec des v\u00e9los, deux structures de jeux et un jardin potager.<\/span><\/p>\n<p><span style=\"font-weight: 400\">A chaque classe il y \u00e0 une assistant qui aide le professeur.<\/span><\/p>\n<p><span style=\"font-weight: 400\">Il y \u00e0 aussi une salle de classe polyvalente o\u00f9 ils font de la psychomotricit\u00e9 et de la musique.<\/span><\/p>\n<p><span style=\"font-weight: 400\">L\u2019horaire c\u2019est le m\u00eame qu&#8217;\u00e0 l\u2019\u00e9cole \u00e9l\u00e9mentaire, de 8:30h \u00e0 11:30h et de 13:30h \u00e0 16:30h. Ils font aussi deux r\u00e9cr\u00e9ations.<\/span><\/p>\n<p><span style=\"font-weight: 400\">Ils changent d\u2019activit\u00e9 chaque demi heure et ils ont pas des sp\u00e9cialistes comme nous, c\u2019est chaque professeur qui fait toutes les mati\u00e8res.<\/span><\/p>\n<p><span style=\"font-weight: 400\">Ils ont beaucoup de mat\u00e9riel pour travailler les maths, la langue, la motricit\u00e9 fine et aussi pour jouer, comme des cuisines, des voitures, des animaux\u2026<\/span><\/p>\n<p><span style=\"font-weight: 400\">Ils travaillent aussi avec des tablettes. Ils utilisent un programme comme le n\u00f4tre (innovamat) et un autre pour travailler la langue (le <\/span><i><span style=\"font-weight: 400\">lilalo<\/span><\/i><span style=\"font-weight: 400\">).<\/span><\/p>\n<p><span style=\"font-weight: 400\">Toutes les \u00e9coles de France font un examen m\u00e9dical \u00e0 leurs \u00e9l\u00e8ves avant de rentrer \u00e0 l&#8217;\u00e9cole maternelle et aussi avant de rentrer \u00e0 l&#8217;\u00e9cole \u00e9l\u00e9mentaire. C\u2019est un examen de la parle, de la vue et de l\u2019oreille pour d\u00e9tecter des possibles probl\u00e8mes.<\/span><\/p>\n<p>\u00c0 bient\u00f4t!<\/p>\n<p>&nbsp;<\/p>\n","protected":false},"excerpt":{"rendered":"<p>Avui hem visitat l\u2019\u00e9cole maternelle que est\u00e0 al costat de l\u2019\u00e9cole \u00e9l\u00e9mentaire. \u00c9s un edifici antic reformat de fa 15 anys.\u00a0 Hi ha l\u2019entrada, amb un espai amb taules i un espai petit com de lectura, amb sof\u00e0s petits. &nbsp; &nbsp; &nbsp; &nbsp; &nbsp; &nbsp; &nbsp; &nbsp; &nbsp; &nbsp; &nbsp; Tenen un menjador gran amb [&hellip;]<\/p>\n","protected":false},"author":47,"featured_media":9089,"comment_status":"closed","ping_status":"closed","sticky":false,"template":"","format":"standard","meta":{"_bbp_topic_count":0,"_bbp_reply_count":0,"_bbp_total_topic_count":0,"_bbp_total_reply_count":0,"_bbp_voice_count":0,"_bbp_anonymous_reply_count":0,"_bbp_topic_count_hidden":0,"_bbp_reply_count_hidden":0,"_bbp_forum_subforum_count":0,"site-sidebar-layout":"default","site-content-layout":"","ast-site-content-layout":"","site-content-style":"default","site-sidebar-style":"default","ast-global-header-display":"","ast-banner-title-visibility":"","ast-main-header-display":"","ast-hfb-above-header-display":"","ast-hfb-below-header-display":"","ast-hfb-mobile-header-display":"","site-post-title":"","ast-breadcrumbs-content":"","ast-featured-img":"","footer-sml-layout":"","theme-transparent-header-meta":"","adv-header-id-meta":"","stick-header-meta":"","header-above-stick-meta":"","header-main-stick-meta":"","header-below-stick-meta":"","astra-migrate-meta-layouts":"default","ast-page-background-enabled":"default","ast-page-background-meta":{"desktop":{"background-color":"var(--ast-global-color-4)","background-image":"","background-repeat":"repeat","background-position":"center center","background-size":"auto","background-attachment":"scroll","background-type":"","background-media":"","overlay-type":"","overlay-color":"","overlay-opacity":"","overlay-gradient":""},"tablet":{"background-color":"","background-image":"","background-repeat":"repeat","background-position":"center center","background-size":"auto","background-attachment":"scroll","background-type":"","background-media":"","overlay-type":"","overlay-color":"","overlay-opacity":"","overlay-gradient":""},"mobile":{"background-color":"","background-image":"","background-repeat":"repeat","background-position":"center center","background-size":"auto","background-attachment":"scroll","background-type":"","background-media":"","overlay-type":"","overlay-color":"","overlay-opacity":"","overlay-gradient":""}},"ast-content-background-meta":{"desktop":{"background-color":"var(--ast-global-color-5)","background-image":"","background-repeat":"repeat","background-position":"center center","background-size":"auto","background-attachment":"scroll","background-type":"","background-media":"","overlay-type":"","overlay-color":"","overlay-opacity":"","overlay-gradient":""},"tablet":{"background-color":"var(--ast-global-color-5)","background-image":"","background-repeat":"repeat","background-position":"center center","background-size":"auto","background-attachment":"scroll","background-type":"","background-media":"","overlay-type":"","overlay-color":"","overlay-opacity":"","overlay-gradient":""},"mobile":{"background-color":"var(--ast-global-color-5)","background-image":"","background-repeat":"repeat","background-position":"center center","background-size":"auto","background-attachment":"scroll","background-type":"","background-media":"","overlay-type":"","overlay-color":"","overlay-opacity":"","overlay-gradient":""}},"footnotes":""},"categories":[1],"tags":[142],"class_list":["post-9077","post","type-post","status-publish","format-standard","has-post-thumbnail","hentry","category-general","tag-erasmus"],"post_mailing_queue_ids":[],"_links":{"self":[{"href":"https:\/\/agora.xtec.cat\/ceipespriu-granollers\/wp-json\/wp\/v2\/posts\/9077","targetHints":{"allow":["GET"]}}],"collection":[{"href":"https:\/\/agora.xtec.cat\/ceipespriu-granollers\/wp-json\/wp\/v2\/posts"}],"about":[{"href":"https:\/\/agora.xtec.cat\/ceipespriu-granollers\/wp-json\/wp\/v2\/types\/post"}],"author":[{"embeddable":true,"href":"https:\/\/agora.xtec.cat\/ceipespriu-granollers\/wp-json\/wp\/v2\/users\/47"}],"replies":[{"embeddable":true,"href":"https:\/\/agora.xtec.cat\/ceipespriu-granollers\/wp-json\/wp\/v2\/comments?post=9077"}],"version-history":[{"count":6,"href":"https:\/\/agora.xtec.cat\/ceipespriu-granollers\/wp-json\/wp\/v2\/posts\/9077\/revisions"}],"predecessor-version":[{"id":9091,"href":"https:\/\/agora.xtec.cat\/ceipespriu-granollers\/wp-json\/wp\/v2\/posts\/9077\/revisions\/9091"}],"wp:featuredmedia":[{"embeddable":true,"href":"https:\/\/agora.xtec.cat\/ceipespriu-granollers\/wp-json\/wp\/v2\/media\/9089"}],"wp:attachment":[{"href":"https:\/\/agora.xtec.cat\/ceipespriu-granollers\/wp-json\/wp\/v2\/media?parent=9077"}],"wp:term":[{"taxonomy":"category","embeddable":true,"href":"https:\/\/agora.xtec.cat\/ceipespriu-granollers\/wp-json\/wp\/v2\/categories?post=9077"},{"taxonomy":"post_tag","embeddable":true,"href":"https:\/\/agora.xtec.cat\/ceipespriu-granollers\/wp-json\/wp\/v2\/tags?post=9077"}],"curies":[{"name":"wp","href":"https:\/\/api.w.org\/{rel}","templated":true}]}}