{"id":9065,"date":"2025-04-02T20:39:34","date_gmt":"2025-04-02T18:39:34","guid":{"rendered":"https:\/\/agora.xtec.cat\/ceipespriu-granollers\/?p=9065"},"modified":"2026-02-05T11:29:51","modified_gmt":"2026-02-05T10:29:51","slug":"un-mati-ben-granolleri","status":"publish","type":"post","link":"https:\/\/agora.xtec.cat\/ceipespriu-granollers\/primaria\/un-mati-ben-granolleri\/","title":{"rendered":"Un mat\u00ed ben granoller\u00ed!"},"content":{"rendered":"<p data-start=\"117\" data-end=\"581\"><a href=\"https:\/\/agora.xtec.cat\/ceipespriu-granollers\/wp-content\/uploads\/usu780\/2025\/04\/recorregut.jpg\"><img loading=\"lazy\" decoding=\"async\" class=\"alignnone size-large wp-image-9070\" src=\"https:\/\/agora.xtec.cat\/ceipespriu-granollers\/wp-content\/uploads\/usu780\/2025\/04\/recorregut-1024x372.jpg\" alt=\"\" width=\"1024\" height=\"372\" srcset=\"https:\/\/agora.xtec.cat\/ceipespriu-granollers\/wp-content\/uploads\/usu780\/2025\/04\/recorregut-1024x372.jpg 1024w, https:\/\/agora.xtec.cat\/ceipespriu-granollers\/wp-content\/uploads\/usu780\/2025\/04\/recorregut-300x109.jpg 300w, https:\/\/agora.xtec.cat\/ceipespriu-granollers\/wp-content\/uploads\/usu780\/2025\/04\/recorregut-768x279.jpg 768w, https:\/\/agora.xtec.cat\/ceipespriu-granollers\/wp-content\/uploads\/usu780\/2025\/04\/recorregut-1536x558.jpg 1536w, https:\/\/agora.xtec.cat\/ceipespriu-granollers\/wp-content\/uploads\/usu780\/2025\/04\/recorregut.jpg 1914w\" sizes=\"auto, (max-width: 1024px) 100vw, 1024px\" \/><\/a> El dimecres 2 d\u2019abril al mat\u00ed, les <strong>classes de la Xerinola<\/strong> hem fet una sortida pel <strong>centre de Granollers<\/strong> per con\u00e8ixer millor la nostra ciutat. A classe hem apr\u00e8s moltes coses sobre la ciutat i hem llegit dues llegendes molt especials: <strong><em data-start=\"359\" data-end=\"381\">La llegenda de la Pedra de l\u2019Encant<\/em><\/strong> i <strong><em data-start=\"384\" data-end=\"412\">La finestra d\u2019en Ginebreda<\/em><\/strong>. Per aix\u00f2, ens hem proposat seguir un recorregut des de la <strong>vora del riu<\/strong>, al costat de l\u2019escola, fins al lloc on va anar a parar la famosa pedra: el peu de la <strong>Porxada<\/strong>!<\/p>\n<p data-start=\"117\" data-end=\"581\"><a href=\"https:\/\/agora.xtec.cat\/ceipespriu-granollers\/wp-content\/uploads\/usu780\/2025\/04\/encant1.jpg\"><img loading=\"lazy\" decoding=\"async\" class=\"alignnone size-large wp-image-9067\" src=\"https:\/\/agora.xtec.cat\/ceipespriu-granollers\/wp-content\/uploads\/usu780\/2025\/04\/encant1-1024x346.jpg\" alt=\"\" width=\"1024\" height=\"346\" srcset=\"https:\/\/agora.xtec.cat\/ceipespriu-granollers\/wp-content\/uploads\/usu780\/2025\/04\/encant1-1024x346.jpg 1024w, https:\/\/agora.xtec.cat\/ceipespriu-granollers\/wp-content\/uploads\/usu780\/2025\/04\/encant1-300x101.jpg 300w, https:\/\/agora.xtec.cat\/ceipespriu-granollers\/wp-content\/uploads\/usu780\/2025\/04\/encant1-768x260.jpg 768w, https:\/\/agora.xtec.cat\/ceipespriu-granollers\/wp-content\/uploads\/usu780\/2025\/04\/encant1-1536x519.jpg 1536w, https:\/\/agora.xtec.cat\/ceipespriu-granollers\/wp-content\/uploads\/usu780\/2025\/04\/encant1.jpg 2000w\" sizes=\"auto, (max-width: 1024px) 100vw, 1024px\" \/><\/a><\/p>\n<p class=\"\" data-start=\"583\" data-end=\"654\">Durant la sortida, les dues classes hem participat per torns a dues activitats ben vivencials:<\/p>\n<ul>\n<li data-start=\"656\" data-end=\"926\">A <strong data-start=\"661\" data-end=\"675\">l\u2019Adoberia<\/strong>, hem gaudit de la narraci\u00f3 del conte del petit adober i, aprofitant la museografia, hem apr\u00e8s a tra\u00e7ar la l\u00ednia del temps per entendre les difer\u00e8ncies entre la vida medieval i la moderna (els carrers, les cases, el mercat i els costums de l\u2019\u00e8poca). Al final de la visita hem fet un sarronet semblant als que antigament es feien servir per guardar-hi monedes.<\/li>\n<\/ul>\n<p data-start=\"656\" data-end=\"926\"><a href=\"https:\/\/agora.xtec.cat\/ceipespriu-granollers\/wp-content\/uploads\/usu780\/2025\/04\/adoberia.jpg\"><img loading=\"lazy\" decoding=\"async\" class=\"alignnone size-large wp-image-9066\" src=\"https:\/\/agora.xtec.cat\/ceipespriu-granollers\/wp-content\/uploads\/usu780\/2025\/04\/adoberia-1024x342.jpg\" alt=\"\" width=\"1024\" height=\"342\" srcset=\"https:\/\/agora.xtec.cat\/ceipespriu-granollers\/wp-content\/uploads\/usu780\/2025\/04\/adoberia-1024x342.jpg 1024w, https:\/\/agora.xtec.cat\/ceipespriu-granollers\/wp-content\/uploads\/usu780\/2025\/04\/adoberia-300x100.jpg 300w, https:\/\/agora.xtec.cat\/ceipespriu-granollers\/wp-content\/uploads\/usu780\/2025\/04\/adoberia-768x256.jpg 768w, https:\/\/agora.xtec.cat\/ceipespriu-granollers\/wp-content\/uploads\/usu780\/2025\/04\/adoberia-1536x512.jpg 1536w, https:\/\/agora.xtec.cat\/ceipespriu-granollers\/wp-content\/uploads\/usu780\/2025\/04\/adoberia.jpg 1967w\" sizes=\"auto, (max-width: 1024px) 100vw, 1024px\" \/><\/a><\/p>\n<ul>\n<li data-start=\"928\" data-end=\"1238\">Hem recorregut <strong data-start=\"946\" data-end=\"966\">l\u2019antiga muralla<\/strong> buscant-ne restes encara visibles i hem trobat la Pedra de l&#8217;Encant al peu de la Porxada. Hem observat la fa\u00e7ana d&#8217;edificis emblem\u00e0tics de Granollers, com <strong>Can Pedrals<\/strong>, <strong>Can Puntes<\/strong>, l&#8217;<strong>Escola Pereanton<\/strong>, la <strong>Sala Sant Francesc<\/strong>, la <strong>Casa Clap\u00e9s<\/strong>, l&#8217;<strong>Esgl\u00e9sia<\/strong> i l&#8217;<strong>Ajuntament<\/strong>. De fet, mentre mir\u00e0vem l\u2019Ajuntament, un dels grups ha tingut una sorpresa molt especial: han pogut saludar l\u2019Alcaldessa, que just en aquell moment era a la porta!<\/li>\n<\/ul>\n<p data-start=\"928\" data-end=\"1238\"><a href=\"https:\/\/agora.xtec.cat\/ceipespriu-granollers\/wp-content\/uploads\/usu780\/2025\/04\/porxada.jpg\"><img loading=\"lazy\" decoding=\"async\" class=\"alignnone size-large wp-image-9069\" src=\"https:\/\/agora.xtec.cat\/ceipespriu-granollers\/wp-content\/uploads\/usu780\/2025\/04\/porxada-1024x365.jpg\" alt=\"\" width=\"1024\" height=\"365\" srcset=\"https:\/\/agora.xtec.cat\/ceipespriu-granollers\/wp-content\/uploads\/usu780\/2025\/04\/porxada-1024x365.jpg 1024w, https:\/\/agora.xtec.cat\/ceipespriu-granollers\/wp-content\/uploads\/usu780\/2025\/04\/porxada-300x107.jpg 300w, https:\/\/agora.xtec.cat\/ceipespriu-granollers\/wp-content\/uploads\/usu780\/2025\/04\/porxada-768x273.jpg 768w, https:\/\/agora.xtec.cat\/ceipespriu-granollers\/wp-content\/uploads\/usu780\/2025\/04\/porxada-1536x547.jpg 1536w, https:\/\/agora.xtec.cat\/ceipespriu-granollers\/wp-content\/uploads\/usu780\/2025\/04\/porxada.jpg 1958w\" sizes=\"auto, (max-width: 1024px) 100vw, 1024px\" \/><\/a><\/p>\n<p class=\"\" data-start=\"928\" data-end=\"1238\">Un altre indret important on hem fet parada \u00e9s el lloc on antigament hi havia l&#8217;<strong>Escola Sant Esteve <\/strong>abans que es convert\u00eds en la nostra <strong>Escola Salvador Espriu<\/strong>. Sab\u00edeu que estava just al costat de la muralla?<\/p>\n<p class=\"\" data-start=\"1240\" data-end=\"1505\">Ha estat un mat\u00ed molt enriquidor, i hem pogut parlar de quina part de les llegendes \u00e9s <strong>ficci\u00f3<\/strong> i quina \u00e9s <strong>realitat<\/strong>, ens hem divertit, hem apr\u00e8s i hem sentit la <strong>hist\u00f2ria de la nostra ciutat<\/strong> amb tots els sentits!<\/p>\n<p data-start=\"1240\" data-end=\"1505\"><a href=\"https:\/\/agora.xtec.cat\/ceipespriu-granollers\/wp-content\/uploads\/usu780\/2025\/04\/encant2.jpg\"><img loading=\"lazy\" decoding=\"async\" class=\"alignnone size-large wp-image-9068\" src=\"https:\/\/agora.xtec.cat\/ceipespriu-granollers\/wp-content\/uploads\/usu780\/2025\/04\/encant2-1024x339.jpg\" alt=\"\" width=\"1024\" height=\"339\" srcset=\"https:\/\/agora.xtec.cat\/ceipespriu-granollers\/wp-content\/uploads\/usu780\/2025\/04\/encant2-1024x339.jpg 1024w, https:\/\/agora.xtec.cat\/ceipespriu-granollers\/wp-content\/uploads\/usu780\/2025\/04\/encant2-300x99.jpg 300w, https:\/\/agora.xtec.cat\/ceipespriu-granollers\/wp-content\/uploads\/usu780\/2025\/04\/encant2-768x255.jpg 768w, https:\/\/agora.xtec.cat\/ceipespriu-granollers\/wp-content\/uploads\/usu780\/2025\/04\/encant2-1536x509.jpg 1536w, https:\/\/agora.xtec.cat\/ceipespriu-granollers\/wp-content\/uploads\/usu780\/2025\/04\/encant2.jpg 2000w\" sizes=\"auto, (max-width: 1024px) 100vw, 1024px\" \/><\/a><\/p>\n","protected":false},"excerpt":{"rendered":"<p>El dimecres 2 d\u2019abril al mat\u00ed, les classes de la Xerinola hem fet una sortida pel centre de Granollers per con\u00e8ixer millor la nostra ciutat. A classe hem apr\u00e8s moltes coses sobre la ciutat i hem llegit dues llegendes molt especials: La llegenda de la Pedra de l\u2019Encant i La finestra d\u2019en Ginebreda. Per aix\u00f2, [&hellip;]<\/p>\n","protected":false},"author":25,"featured_media":9073,"comment_status":"closed","ping_status":"closed","sticky":false,"template":"","format":"standard","meta":{"_bbp_topic_count":0,"_bbp_reply_count":0,"_bbp_total_topic_count":0,"_bbp_total_reply_count":0,"_bbp_voice_count":0,"_bbp_anonymous_reply_count":0,"_bbp_topic_count_hidden":0,"_bbp_reply_count_hidden":0,"_bbp_forum_subforum_count":0,"site-sidebar-layout":"default","site-content-layout":"","ast-site-content-layout":"default","site-content-style":"default","site-sidebar-style":"default","ast-global-header-display":"","ast-banner-title-visibility":"","ast-main-header-display":"","ast-hfb-above-header-display":"","ast-hfb-below-header-display":"","ast-hfb-mobile-header-display":"","site-post-title":"","ast-breadcrumbs-content":"","ast-featured-img":"","footer-sml-layout":"","theme-transparent-header-meta":"default","adv-header-id-meta":"","stick-header-meta":"","header-above-stick-meta":"","header-main-stick-meta":"","header-below-stick-meta":"","astra-migrate-meta-layouts":"set","ast-page-background-enabled":"default","ast-page-background-meta":{"desktop":{"background-color":"var(--ast-global-color-4)","background-image":"","background-repeat":"repeat","background-position":"center center","background-size":"auto","background-attachment":"scroll","background-type":"","background-media":"","overlay-type":"","overlay-color":"","overlay-opacity":"","overlay-gradient":""},"tablet":{"background-color":"","background-image":"","background-repeat":"repeat","background-position":"center center","background-size":"auto","background-attachment":"scroll","background-type":"","background-media":"","overlay-type":"","overlay-color":"","overlay-opacity":"","overlay-gradient":""},"mobile":{"background-color":"","background-image":"","background-repeat":"repeat","background-position":"center center","background-size":"auto","background-attachment":"scroll","background-type":"","background-media":"","overlay-type":"","overlay-color":"","overlay-opacity":"","overlay-gradient":""}},"ast-content-background-meta":{"desktop":{"background-color":"var(--ast-global-color-5)","background-image":"","background-repeat":"repeat","background-position":"center center","background-size":"auto","background-attachment":"scroll","background-type":"","background-media":"","overlay-type":"","overlay-color":"","overlay-opacity":"","overlay-gradient":""},"tablet":{"background-color":"var(--ast-global-color-5)","background-image":"","background-repeat":"repeat","background-position":"center center","background-size":"auto","background-attachment":"scroll","background-type":"","background-media":"","overlay-type":"","overlay-color":"","overlay-opacity":"","overlay-gradient":""},"mobile":{"background-color":"var(--ast-global-color-5)","background-image":"","background-repeat":"repeat","background-position":"center center","background-size":"auto","background-attachment":"scroll","background-type":"","background-media":"","overlay-type":"","overlay-color":"","overlay-opacity":"","overlay-gradient":""}},"footnotes":""},"categories":[223,11,5],"tags":[191,187,190,192],"class_list":["post-9065","post","type-post","status-publish","format-standard","has-post-thumbnail","hentry","category-1r-cicle","category-2n","category-primaria","tag-adoberia","tag-granollers","tag-muralla","tag-porxada"],"post_mailing_queue_ids":[],"_links":{"self":[{"href":"https:\/\/agora.xtec.cat\/ceipespriu-granollers\/wp-json\/wp\/v2\/posts\/9065","targetHints":{"allow":["GET"]}}],"collection":[{"href":"https:\/\/agora.xtec.cat\/ceipespriu-granollers\/wp-json\/wp\/v2\/posts"}],"about":[{"href":"https:\/\/agora.xtec.cat\/ceipespriu-granollers\/wp-json\/wp\/v2\/types\/post"}],"author":[{"embeddable":true,"href":"https:\/\/agora.xtec.cat\/ceipespriu-granollers\/wp-json\/wp\/v2\/users\/25"}],"replies":[{"embeddable":true,"href":"https:\/\/agora.xtec.cat\/ceipespriu-granollers\/wp-json\/wp\/v2\/comments?post=9065"}],"version-history":[{"count":2,"href":"https:\/\/agora.xtec.cat\/ceipespriu-granollers\/wp-json\/wp\/v2\/posts\/9065\/revisions"}],"predecessor-version":[{"id":9072,"href":"https:\/\/agora.xtec.cat\/ceipespriu-granollers\/wp-json\/wp\/v2\/posts\/9065\/revisions\/9072"}],"wp:featuredmedia":[{"embeddable":true,"href":"https:\/\/agora.xtec.cat\/ceipespriu-granollers\/wp-json\/wp\/v2\/media\/9073"}],"wp:attachment":[{"href":"https:\/\/agora.xtec.cat\/ceipespriu-granollers\/wp-json\/wp\/v2\/media?parent=9065"}],"wp:term":[{"taxonomy":"category","embeddable":true,"href":"https:\/\/agora.xtec.cat\/ceipespriu-granollers\/wp-json\/wp\/v2\/categories?post=9065"},{"taxonomy":"post_tag","embeddable":true,"href":"https:\/\/agora.xtec.cat\/ceipespriu-granollers\/wp-json\/wp\/v2\/tags?post=9065"}],"curies":[{"name":"wp","href":"https:\/\/api.w.org\/{rel}","templated":true}]}}