{"id":9054,"date":"2025-04-01T19:01:18","date_gmt":"2025-04-01T17:01:18","guid":{"rendered":"https:\/\/agora.xtec.cat\/ceipespriu-granollers\/?p=9054"},"modified":"2025-04-01T19:01:18","modified_gmt":"2025-04-01T17:01:18","slug":"visite-a-lecole-elementaire-de-nuyens-bordeaux","status":"publish","type":"post","link":"https:\/\/agora.xtec.cat\/ceipespriu-granollers\/general\/visite-a-lecole-elementaire-de-nuyens-bordeaux\/","title":{"rendered":"VISITE A L&#8217;\u00c9COLE \u00c9L\u00c9MENTAIRE DE NUYENS (BORDEAUX)"},"content":{"rendered":"<p><span style=\"font-weight: 400\">Dilluns 31 de mar\u00e7, hem visitat l\u2019\u00e9cole \u00e9l\u00e9mentaire de Nuyens que t\u00e9 alumnes dels 6 als 11 anys.<\/span><\/p>\n<p><span style=\"font-weight: 400\">\u00c9s un edifici situat al costat de l\u2019\u00e9cole maternelle, tot i que s\u00f3n dos escoles diferents entren per la mateixa porta.<\/span><\/p>\n<p><span style=\"font-weight: 400\">\u00c9s una escola que fa 15 anys la van reformar i on es pot veure l\u2019estructura de pedra antiga i la part m\u00e9s moderna d\u2019acer i vidres, doncs tots els espais de l\u2019escola tenen uns grans finestrals per aprofitar al m\u00e0xim la llum i l&#8217;escalfor del Sol.\u00a0<\/span><\/p>\n<p><a href=\"https:\/\/agora.xtec.cat\/ceipespriu-granollers\/wp-content\/uploads\/usu780\/2025\/04\/IMG-20250401-WA0016.jpg\"><img loading=\"lazy\" decoding=\"async\" class=\"wp-image-9055 size-medium alignright\" src=\"https:\/\/agora.xtec.cat\/ceipespriu-granollers\/wp-content\/uploads\/usu780\/2025\/04\/IMG-20250401-WA0016-300x225.jpg\" alt=\"\" width=\"300\" height=\"225\" srcset=\"https:\/\/agora.xtec.cat\/ceipespriu-granollers\/wp-content\/uploads\/usu780\/2025\/04\/IMG-20250401-WA0016-300x225.jpg 300w, https:\/\/agora.xtec.cat\/ceipespriu-granollers\/wp-content\/uploads\/usu780\/2025\/04\/IMG-20250401-WA0016-1024x768.jpg 1024w, https:\/\/agora.xtec.cat\/ceipespriu-granollers\/wp-content\/uploads\/usu780\/2025\/04\/IMG-20250401-WA0016-768x576.jpg 768w, https:\/\/agora.xtec.cat\/ceipespriu-granollers\/wp-content\/uploads\/usu780\/2025\/04\/IMG-20250401-WA0016-1536x1152.jpg 1536w, https:\/\/agora.xtec.cat\/ceipespriu-granollers\/wp-content\/uploads\/usu780\/2025\/04\/IMG-20250401-WA0016-200x150.jpg 200w, https:\/\/agora.xtec.cat\/ceipespriu-granollers\/wp-content\/uploads\/usu780\/2025\/04\/IMG-20250401-WA0016.jpg 1600w\" sizes=\"auto, (max-width: 300px) 100vw, 300px\" \/><\/a><\/p>\n<p><span style=\"font-weight: 400\">L\u2019escola est\u00e0 agrupada en cinc cursos segons les seves edats:<\/span><\/p>\n<table style=\"width: 30.4656%;height: 240px\">\n<tbody>\n<tr style=\"height: 48px\">\n<td style=\"height: 48px\"><span style=\"font-weight: 400\">CP: 6-7 anys<\/span><\/td>\n<td style=\"height: 48px\"><span style=\"font-weight: 400\">Hi ha 3 grups<\/span><\/td>\n<\/tr>\n<tr style=\"height: 48px\">\n<td style=\"height: 48px\"><span style=\"font-weight: 400\">CE1: 7-8 anys<\/span><\/td>\n<td style=\"height: 48px\"><span style=\"font-weight: 400\">Hi ha 3 grups<\/span><\/td>\n<\/tr>\n<tr style=\"height: 48px\">\n<td style=\"height: 48px\"><span style=\"font-weight: 400\">CE2: 8-9 anys<\/span><\/td>\n<td style=\"height: 48px\"><span style=\"font-weight: 400\">Hi ha 2 grups<\/span><\/td>\n<\/tr>\n<tr style=\"height: 48px\">\n<td style=\"height: 48px\"><span style=\"font-weight: 400\">CM1: 9-10 anys<\/span><\/td>\n<td style=\"height: 48px\"><span style=\"font-weight: 400\">Hi ha 2 grups<\/span><\/td>\n<\/tr>\n<tr style=\"height: 48px\">\n<td style=\"height: 48px\"><span style=\"font-weight: 400\">CM2: 10-11 anys<\/span><\/td>\n<td style=\"height: 48px\"><span style=\"font-weight: 400\">Hi ha 2 grups<\/span><\/td>\n<\/tr>\n<\/tbody>\n<\/table>\n<p><span style=\"font-weight: 400\">A mesura que es va avan\u00e7ant en les edats, les r\u00e0tios de cada grup va augmentant a la vegada que disminueix el nombre de grups.<\/span><\/p>\n<p><span style=\"font-weight: 400\">Al ser una escola del que nosaltres coneixem com a \u201calta complexitat\u201d, els grups per aula eren molt inferiors a la mitjana de la resta d\u2019escoles ordin\u00e0ries. Tot i aix\u00f2, l\u2019ambient que es respira en cap cas \u00e9s el mateix que ens puguem trobar a casa nostra. En aquest cas les r\u00e0tios s\u00f3n pr\u00e0cticament la meitat de les escoles ordin\u00e0ries on poden arribar a grups de 30 alumnes.<\/span><\/p>\n<p><span style=\"font-weight: 400\">En aquest sentit el primer que et sorpr\u00e8n a l\u2019entrar \u00e9s el silenci i la tranquilitat que es viu en tota l\u2019escola i el respecte que hi ha per tot el professorat. De fet, els alumnes es dirigeixen als professorat com a \u201cma\u00eetre\u201d i no pel seu nom.<\/span><\/p>\n<p><a href=\"https:\/\/agora.xtec.cat\/ceipespriu-granollers\/wp-content\/uploads\/usu780\/2025\/04\/IMG-20250401-WA0015.jpg\"><img loading=\"lazy\" decoding=\"async\" class=\"wp-image-9058 size-medium aligncenter\" src=\"https:\/\/agora.xtec.cat\/ceipespriu-granollers\/wp-content\/uploads\/usu780\/2025\/04\/IMG-20250401-WA0015-300x226.jpg\" alt=\"\" width=\"300\" height=\"226\" srcset=\"https:\/\/agora.xtec.cat\/ceipespriu-granollers\/wp-content\/uploads\/usu780\/2025\/04\/IMG-20250401-WA0015-300x226.jpg 300w, https:\/\/agora.xtec.cat\/ceipespriu-granollers\/wp-content\/uploads\/usu780\/2025\/04\/IMG-20250401-WA0015-1024x771.jpg 1024w, https:\/\/agora.xtec.cat\/ceipespriu-granollers\/wp-content\/uploads\/usu780\/2025\/04\/IMG-20250401-WA0015-768x578.jpg 768w, https:\/\/agora.xtec.cat\/ceipespriu-granollers\/wp-content\/uploads\/usu780\/2025\/04\/IMG-20250401-WA0015-1536x1156.jpg 1536w, https:\/\/agora.xtec.cat\/ceipespriu-granollers\/wp-content\/uploads\/usu780\/2025\/04\/IMG-20250401-WA0015-200x150.jpg 200w, https:\/\/agora.xtec.cat\/ceipespriu-granollers\/wp-content\/uploads\/usu780\/2025\/04\/IMG-20250401-WA0015.jpg 1600w\" sizes=\"auto, (max-width: 300px) 100vw, 300px\" \/><\/a><\/p>\n<p><span style=\"font-weight: 400\">Pel que fa a l\u2019horari, fan 3 hores de classe al mat\u00ed (8h30\u2019-11h30\u2019) i tres hores a la tarda (13h30\u2019-16h30\u2019), el que vol dir que l\u2019hora de dinar \u00e9s de 11h30\u2019 a 13h. En total fan 24 hores lectives, una menys que nosaltres. Dins de la setmana, cal dir que els dimecres no hi ha classe, per\u00f2 els alumnes es poden apuntar a una mena de casal amb activitats esportives. Per\u00f2 ens han comentat que no hi ha pla\u00e7a per a tothom.\u00a0<\/span><\/p>\n<p><span style=\"font-weight: 400\">Fan pati tant al mat\u00ed com a la tarda, d\u2019una durada de 15 minuts. Durant el pati de la tarda els ofereixen una fruita a qui en vulgui.<\/span><\/p>\n<p><span style=\"font-weight: 400\">Les classes s\u00f3n de 30 minuts i van alternant diferents mat\u00e8ries.\u00a0<\/span><\/p>\n<p><a href=\"https:\/\/agora.xtec.cat\/ceipespriu-granollers\/wp-content\/uploads\/usu780\/2025\/04\/IMG-20250401-WA0014.jpg\"><img loading=\"lazy\" decoding=\"async\" class=\"wp-image-9057 size-medium aligncenter\" src=\"https:\/\/agora.xtec.cat\/ceipespriu-granollers\/wp-content\/uploads\/usu780\/2025\/04\/IMG-20250401-WA0014-300x225.jpg\" alt=\"\" width=\"300\" height=\"225\" srcset=\"https:\/\/agora.xtec.cat\/ceipespriu-granollers\/wp-content\/uploads\/usu780\/2025\/04\/IMG-20250401-WA0014-300x225.jpg 300w, https:\/\/agora.xtec.cat\/ceipespriu-granollers\/wp-content\/uploads\/usu780\/2025\/04\/IMG-20250401-WA0014-1024x768.jpg 1024w, https:\/\/agora.xtec.cat\/ceipespriu-granollers\/wp-content\/uploads\/usu780\/2025\/04\/IMG-20250401-WA0014-768x576.jpg 768w, https:\/\/agora.xtec.cat\/ceipespriu-granollers\/wp-content\/uploads\/usu780\/2025\/04\/IMG-20250401-WA0014-1536x1152.jpg 1536w, https:\/\/agora.xtec.cat\/ceipespriu-granollers\/wp-content\/uploads\/usu780\/2025\/04\/IMG-20250401-WA0014-200x150.jpg 200w, https:\/\/agora.xtec.cat\/ceipespriu-granollers\/wp-content\/uploads\/usu780\/2025\/04\/IMG-20250401-WA0014.jpg 1600w\" sizes=\"auto, (max-width: 300px) 100vw, 300px\" \/><\/a><\/p>\n<p><span style=\"font-weight: 400\">Durant el dia d\u2019avui, a una de les aules en les que hem pogut estar, han fet el seg\u00fcent horari:<\/span><\/p>\n<ul>\n<li style=\"font-weight: 400\"><span style=\"font-weight: 400\">Rituels<\/span><\/li>\n<li style=\"font-weight: 400\"><span style=\"font-weight: 400\">Lecture compr\u00e9hension<\/span><\/li>\n<li style=\"font-weight: 400\"><span style=\"font-weight: 400\">Phonologie &#8211; sons<\/span><\/li>\n<li style=\"font-weight: 400\"><span style=\"font-weight: 400\">Recr\u00e9ation<\/span><\/li>\n<li style=\"font-weight: 400\"><span style=\"font-weight: 400\">Math\u00e9matiques<\/span><\/li>\n<li style=\"font-weight: 400\"><span style=\"font-weight: 400\">Pause m\u00e9ridienne (dinar)<\/span><\/li>\n<li style=\"font-weight: 400\"><span style=\"font-weight: 400\">Lecture<\/span><\/li>\n<li style=\"font-weight: 400\"><span style=\"font-weight: 400\">Poesie<\/span><\/li>\n<li style=\"font-weight: 400\"><span style=\"font-weight: 400\">Orthographe<\/span><\/li>\n<li style=\"font-weight: 400\"><span style=\"font-weight: 400\">R\u00e9cr\u00e9ation<\/span><\/li>\n<li style=\"font-weight: 400\"><span style=\"font-weight: 400\">Math\u00e9matiques<\/span><\/li>\n<li style=\"font-weight: 400\"><span style=\"font-weight: 400\">Arts visuels<\/span><\/li>\n<li style=\"font-weight: 400\"><span style=\"font-weight: 400\">EPS (educaci\u00f3 f\u00edsica)<\/span><\/li>\n<\/ul>\n<p><span style=\"font-weight: 400\">El que ens ha cridat l\u2019atenci\u00f3 \u00e9s el fet que no hi ha especialistes, sin\u00f3 que cada mestre \u00e9s responsable del seu grup i de totes les mat\u00e8ries a treballar (m\u00fasica, educaci\u00f3 f\u00edsica, angl\u00e8s, pl\u00e0stica,&#8230;). El que vol dir que quan manca un\/a mestre\/a, no s\u2019envia a cap suplent a no ser que sigui de llarga durada, i com que no hi ha cap <\/span><span style=\"font-weight: 400\">mestre\/a de m\u00e9s, \u00e9s a dir, cada mestre s\u2019ocupa d\u2019un sol grup durant totes les hores, els alumnes d\u2019aquella aula se\u2019ls reparteixen entre els companys\/es.<\/span><\/p>\n<p><span style=\"font-weight: 400\">A nivell organitzatiu, hem pogut veure que el director no \u00e9s mestre, sin\u00f3 un encarregat de tota la gesti\u00f3 administrativa, per\u00f2 en cap cas fa classe amb els i les alumnes. Tampoc t\u00e9 cap autoritat sobre el claustre de mestres, sin\u00f3 que \u00e9s la inspecci\u00f3 la que t\u00e9 aquest enc\u00e0rrec. Per\u00f2 aquesta est\u00e0 al capdavant de 60 escoles aproximadament.<\/span><\/p>\n<p><span style=\"font-weight: 400\">Dem\u00e0 visitarem l\u2019\u00e9cole maternelle i veurem com s\u2019organitzen, la disponibilitat de recursos personals, l\u2019organitzaci\u00f3 dels espais,&#8230;<\/span><\/p>\n<p><a href=\"https:\/\/agora.xtec.cat\/ceipespriu-granollers\/wp-content\/uploads\/usu780\/2025\/04\/IMG-20250401-WA0017.jpg\"><img loading=\"lazy\" decoding=\"async\" class=\"alignnone size-large wp-image-9056\" src=\"https:\/\/agora.xtec.cat\/ceipespriu-granollers\/wp-content\/uploads\/usu780\/2025\/04\/IMG-20250401-WA0017-1024x771.jpg\" alt=\"\" width=\"1024\" height=\"771\" srcset=\"https:\/\/agora.xtec.cat\/ceipespriu-granollers\/wp-content\/uploads\/usu780\/2025\/04\/IMG-20250401-WA0017-1024x771.jpg 1024w, https:\/\/agora.xtec.cat\/ceipespriu-granollers\/wp-content\/uploads\/usu780\/2025\/04\/IMG-20250401-WA0017-300x226.jpg 300w, https:\/\/agora.xtec.cat\/ceipespriu-granollers\/wp-content\/uploads\/usu780\/2025\/04\/IMG-20250401-WA0017-768x578.jpg 768w, https:\/\/agora.xtec.cat\/ceipespriu-granollers\/wp-content\/uploads\/usu780\/2025\/04\/IMG-20250401-WA0017-1536x1156.jpg 1536w, https:\/\/agora.xtec.cat\/ceipespriu-granollers\/wp-content\/uploads\/usu780\/2025\/04\/IMG-20250401-WA0017-200x150.jpg 200w, https:\/\/agora.xtec.cat\/ceipespriu-granollers\/wp-content\/uploads\/usu780\/2025\/04\/IMG-20250401-WA0017.jpg 1600w\" sizes=\"auto, (max-width: 1024px) 100vw, 1024px\" \/><\/a><\/p>\n<p>&#8230;&#8230;&#8230;&#8230;&#8230;&#8230;&#8230;&#8230;&#8230;&#8230;&#8230;&#8230;&#8230;&#8230;&#8230;&#8230;&#8230;&#8230;&#8230;&#8230;&#8230;&#8230;&#8230;&#8230;&#8230;&#8230;&#8230;&#8230;&#8230;&#8230;&#8230;&#8230;&#8230;&#8230;&#8230;&#8230;&#8230;&#8230;&#8230;&#8230;&#8230;&#8230;&#8230;&#8230;&#8230;&#8230;&#8230;&#8230;&#8230;&#8230;&#8230;&#8230;&#8230;&#8230;&#8230;.<\/p>\n<p>Le 31 mars, nous avons visit\u00e9 l&#8217;\u00e9cole \u00e9l\u00e9mentaire de Nuyens (Bordeaux) pour les \u00e9l\u00e9ves de 6 a 11 ans.<\/p>\n<p>C&#8217;est un grand b\u00e2timent situ\u00e9 a c\u00f4t\u00e9 de l&#8217;\u00e9cole maternelle.<\/p>\n<p>L&#8217;\u00e9cole est regroup\u00e9e en cinq cours:<\/p>\n<table>\n<tbody>\n<tr>\n<td><span style=\"font-weight: 400\">CP: 6-7 anys<\/span><\/td>\n<td><span style=\"font-weight: 400\">Hi ha 3 grups<\/span><\/td>\n<\/tr>\n<tr>\n<td><span style=\"font-weight: 400\">CE1: 7-8 anys<\/span><\/td>\n<td><span style=\"font-weight: 400\">Hi ha 3 grups<\/span><\/td>\n<\/tr>\n<tr>\n<td><span style=\"font-weight: 400\">CE2: 8-9 anys<\/span><\/td>\n<td><span style=\"font-weight: 400\">Hi ha 2 grups<\/span><\/td>\n<\/tr>\n<tr>\n<td><span style=\"font-weight: 400\">CM1: 9-10 anys<\/span><\/td>\n<td><span style=\"font-weight: 400\">Hi ha 2 grups<\/span><\/td>\n<\/tr>\n<tr>\n<td><span style=\"font-weight: 400\">CM2: 10-11 anys<\/span><\/td>\n<td><span style=\"font-weight: 400\">Hi ha 2 grups<\/span><\/td>\n<\/tr>\n<\/tbody>\n<\/table>\n<p>C&#8217;est une \u00e9cole d&#8217;haute complexit\u00e9 et il y a donc moins d&#8217;\u00e9l\u00e9ves par classe.<\/p>\n<p>Les professeurs enseignent toutes les mati\u00e8res, comme l&#8217;anglais, l&#8217;\u00e9ducation physique, la musique et toutes les autres mati\u00e8res.<\/p>\n<p>L&#8217;horaire de la journ\u00e9e est de 8.30h a 11.30h et de 13.30h a 16.30h, allors ils font trois heures le matin et trois heures l&#8217;apr\u00e8s-midi. Ils mangent \u00e0 11:30h.<\/p>\n<p>Demain on va a l&#8217;\u00e9cole maternelle! \u00c0 bient\u00f4t!<\/p>\n<p>&nbsp;<\/p>\n<p><a href=\"https:\/\/agora.xtec.cat\/ceipespriu-granollers\/wp-content\/uploads\/usu780\/2025\/04\/hq720.jpg\"><img loading=\"lazy\" decoding=\"async\" class=\"alignnone size-full wp-image-9059\" src=\"https:\/\/agora.xtec.cat\/ceipespriu-granollers\/wp-content\/uploads\/usu780\/2025\/04\/hq720.jpg\" alt=\"\" width=\"686\" height=\"386\" srcset=\"https:\/\/agora.xtec.cat\/ceipespriu-granollers\/wp-content\/uploads\/usu780\/2025\/04\/hq720.jpg 686w, https:\/\/agora.xtec.cat\/ceipespriu-granollers\/wp-content\/uploads\/usu780\/2025\/04\/hq720-300x169.jpg 300w\" sizes=\"auto, (max-width: 686px) 100vw, 686px\" \/><\/a><\/p>\n<p>&nbsp;<\/p>\n<pre id=\"tw-target-text\" class=\"tw-data-text tw-text-large tw-ta\" dir=\"ltr\" data-placeholder=\"Traducci\u00f3n\" data-ved=\"2ahUKEwjj7cvDpLeMAxX_SKQEHSZCLmgQ3ewLegQIDRAV\" aria-label=\"Texto traducido: \u00c9tant une \u00e9cole de ce que nous appelons \u00ab\u00a0haute complexit\u00e9\u00a0\u00bb, les groupes par classe \u00e9taient bien inf\u00e9rieurs \u00e0 la moyenne du reste des \u00e9coles ordinaires. Cependant, l\u2019atmosph\u00e8re que vous respirez n\u2019est en aucun cas la m\u00eame que celle que l\u2019on peut retrouver chez nous. Dans ce cas, les ratios sont pratiquement la moiti\u00e9 de ceux des \u00e9coles ordinaires o\u00f9 ils peuvent atteindre des groupes de 30 \u00e9l\u00e8ves.\"><\/pre>\n","protected":false},"excerpt":{"rendered":"<p>Dilluns 31 de mar\u00e7, hem visitat l\u2019\u00e9cole \u00e9l\u00e9mentaire de Nuyens que t\u00e9 alumnes dels 6 als 11 anys. \u00c9s un edifici situat al costat de l\u2019\u00e9cole maternelle, tot i que s\u00f3n dos escoles diferents entren per la mateixa porta. \u00c9s una escola que fa 15 anys la van reformar i on es pot veure l\u2019estructura [&hellip;]<\/p>\n","protected":false},"author":47,"featured_media":9055,"comment_status":"closed","ping_status":"closed","sticky":false,"template":"","format":"standard","meta":{"_bbp_topic_count":0,"_bbp_reply_count":0,"_bbp_total_topic_count":0,"_bbp_total_reply_count":0,"_bbp_voice_count":0,"_bbp_anonymous_reply_count":0,"_bbp_topic_count_hidden":0,"_bbp_reply_count_hidden":0,"_bbp_forum_subforum_count":0,"site-sidebar-layout":"default","site-content-layout":"","ast-site-content-layout":"","site-content-style":"default","site-sidebar-style":"default","ast-global-header-display":"","ast-banner-title-visibility":"","ast-main-header-display":"","ast-hfb-above-header-display":"","ast-hfb-below-header-display":"","ast-hfb-mobile-header-display":"","site-post-title":"","ast-breadcrumbs-content":"","ast-featured-img":"","footer-sml-layout":"","theme-transparent-header-meta":"","adv-header-id-meta":"","stick-header-meta":"","header-above-stick-meta":"","header-main-stick-meta":"","header-below-stick-meta":"","astra-migrate-meta-layouts":"default","ast-page-background-enabled":"default","ast-page-background-meta":{"desktop":{"background-color":"var(--ast-global-color-4)","background-image":"","background-repeat":"repeat","background-position":"center center","background-size":"auto","background-attachment":"scroll","background-type":"","background-media":"","overlay-type":"","overlay-color":"","overlay-opacity":"","overlay-gradient":""},"tablet":{"background-color":"","background-image":"","background-repeat":"repeat","background-position":"center center","background-size":"auto","background-attachment":"scroll","background-type":"","background-media":"","overlay-type":"","overlay-color":"","overlay-opacity":"","overlay-gradient":""},"mobile":{"background-color":"","background-image":"","background-repeat":"repeat","background-position":"center center","background-size":"auto","background-attachment":"scroll","background-type":"","background-media":"","overlay-type":"","overlay-color":"","overlay-opacity":"","overlay-gradient":""}},"ast-content-background-meta":{"desktop":{"background-color":"var(--ast-global-color-5)","background-image":"","background-repeat":"repeat","background-position":"center center","background-size":"auto","background-attachment":"scroll","background-type":"","background-media":"","overlay-type":"","overlay-color":"","overlay-opacity":"","overlay-gradient":""},"tablet":{"background-color":"var(--ast-global-color-5)","background-image":"","background-repeat":"repeat","background-position":"center center","background-size":"auto","background-attachment":"scroll","background-type":"","background-media":"","overlay-type":"","overlay-color":"","overlay-opacity":"","overlay-gradient":""},"mobile":{"background-color":"var(--ast-global-color-5)","background-image":"","background-repeat":"repeat","background-position":"center center","background-size":"auto","background-attachment":"scroll","background-type":"","background-media":"","overlay-type":"","overlay-color":"","overlay-opacity":"","overlay-gradient":""}},"footnotes":""},"categories":[1],"tags":[142],"class_list":["post-9054","post","type-post","status-publish","format-standard","has-post-thumbnail","hentry","category-general","tag-erasmus"],"post_mailing_queue_ids":[],"_links":{"self":[{"href":"https:\/\/agora.xtec.cat\/ceipespriu-granollers\/wp-json\/wp\/v2\/posts\/9054","targetHints":{"allow":["GET"]}}],"collection":[{"href":"https:\/\/agora.xtec.cat\/ceipespriu-granollers\/wp-json\/wp\/v2\/posts"}],"about":[{"href":"https:\/\/agora.xtec.cat\/ceipespriu-granollers\/wp-json\/wp\/v2\/types\/post"}],"author":[{"embeddable":true,"href":"https:\/\/agora.xtec.cat\/ceipespriu-granollers\/wp-json\/wp\/v2\/users\/47"}],"replies":[{"embeddable":true,"href":"https:\/\/agora.xtec.cat\/ceipespriu-granollers\/wp-json\/wp\/v2\/comments?post=9054"}],"version-history":[{"count":1,"href":"https:\/\/agora.xtec.cat\/ceipespriu-granollers\/wp-json\/wp\/v2\/posts\/9054\/revisions"}],"predecessor-version":[{"id":9060,"href":"https:\/\/agora.xtec.cat\/ceipespriu-granollers\/wp-json\/wp\/v2\/posts\/9054\/revisions\/9060"}],"wp:featuredmedia":[{"embeddable":true,"href":"https:\/\/agora.xtec.cat\/ceipespriu-granollers\/wp-json\/wp\/v2\/media\/9055"}],"wp:attachment":[{"href":"https:\/\/agora.xtec.cat\/ceipespriu-granollers\/wp-json\/wp\/v2\/media?parent=9054"}],"wp:term":[{"taxonomy":"category","embeddable":true,"href":"https:\/\/agora.xtec.cat\/ceipespriu-granollers\/wp-json\/wp\/v2\/categories?post=9054"},{"taxonomy":"post_tag","embeddable":true,"href":"https:\/\/agora.xtec.cat\/ceipespriu-granollers\/wp-json\/wp\/v2\/tags?post=9054"}],"curies":[{"name":"wp","href":"https:\/\/api.w.org\/{rel}","templated":true}]}}