{"id":9039,"date":"2025-04-01T15:29:20","date_gmt":"2025-04-01T13:29:20","guid":{"rendered":"https:\/\/agora.xtec.cat\/ceipespriu-granollers\/?p=9039"},"modified":"2026-02-05T11:31:03","modified_gmt":"2026-02-05T10:31:03","slug":"ii-concurs-sant-jordi-2024-2025","status":"publish","type":"post","link":"https:\/\/agora.xtec.cat\/ceipespriu-granollers\/general\/ii-concurs-sant-jordi-2024-2025\/","title":{"rendered":"II Concurs Sant Jordi 2024-2025"},"content":{"rendered":"<p>&nbsp;<\/p>\n<p class=\"\" data-start=\"92\" data-end=\"440\">Amb motiu de la celebraci\u00f3 de la diada de Sant Jordi, la Comissi\u00f3 de Biblioteca de l&#8217;escola es complau a anunciar el <strong data-start=\"209\" data-end=\"248\">2n Concurs de Dibuix per Sant Jordi<\/strong>. Un any m\u00e9s, aquest esdeveniment t\u00e9 com a objectiu fomentar la creativitat del nostre alumnat i, alhora, celebrar la cultura, els llibres i la rosa, elements tan simb\u00f2lics de la festivitat.<\/p>\n<p class=\"\" data-start=\"442\" data-end=\"469\"><strong data-start=\"442\" data-end=\"469\">Categories del Concurs:<\/strong><\/p>\n<p class=\"\" data-start=\"471\" data-end=\"581\">El concurs est\u00e0 estructurat en <strong data-start=\"502\" data-end=\"523\">quatre categories<\/strong>, adaptades a les diferents etapes educatives de l&#8217;escola:<\/p>\n<ol data-start=\"583\" data-end=\"1252\">\n<li class=\"\" data-start=\"583\" data-end=\"708\">\n<p class=\"\" data-start=\"586\" data-end=\"708\"><strong data-start=\"586\" data-end=\"619\">Cicle Infantil (I3, I4 i I5)<\/strong><\/p>\n<\/li>\n<li class=\"\" data-start=\"709\" data-end=\"891\">\n<p class=\"\" data-start=\"712\" data-end=\"891\"><strong data-start=\"712\" data-end=\"740\">Cicle Inicial (1r i 2n)<\/strong><\/p>\n<\/li>\n<li class=\"\" data-start=\"892\" data-end=\"1060\">\n<p class=\"\" data-start=\"895\" data-end=\"1060\"><strong data-start=\"895\" data-end=\"921\">Cicle Mitj\u00e0 (3r i 4t)<\/strong><\/p>\n<\/li>\n<li class=\"\" data-start=\"1061\" data-end=\"1252\">\n<p class=\"\" data-start=\"1064\" data-end=\"1252\"><strong data-start=\"1064\" data-end=\"1093\">Cicle Superior (5\u00e8 i 6\u00e8)<\/strong><\/p>\n<\/li>\n<\/ol>\n<p class=\"\" data-start=\"1254\" data-end=\"1289\"><strong data-start=\"1254\" data-end=\"1289\">Terminis i Lloc de Presentaci\u00f3:<\/strong><\/p>\n<p class=\"\" data-start=\"1291\" data-end=\"1502\">Els dibuixos es poden entregar fins al<strong> 22 d&#8217;abril<\/strong> a secretaria. Els treballs han de ser lliurats en format paper i poden utilitzar qualsevol t\u00e8cnica art\u00edstica: llapis, retoladors, pintures, etc.<\/p>\n<p>Us adjuntem les bases del concurs:<\/p>\n<p><img loading=\"lazy\" decoding=\"async\" class=\"aligncenter size-large wp-image-9041\" src=\"https:\/\/agora.xtec.cat\/ceipespriu-granollers\/wp-content\/uploads\/usu780\/2025\/04\/bases1-724x1024.jpg\" alt=\"\" width=\"724\" height=\"1024\" srcset=\"https:\/\/agora.xtec.cat\/ceipespriu-granollers\/wp-content\/uploads\/usu780\/2025\/04\/bases1-724x1024.jpg 724w, https:\/\/agora.xtec.cat\/ceipespriu-granollers\/wp-content\/uploads\/usu780\/2025\/04\/bases1-212x300.jpg 212w, https:\/\/agora.xtec.cat\/ceipespriu-granollers\/wp-content\/uploads\/usu780\/2025\/04\/bases1-768x1087.jpg 768w, https:\/\/agora.xtec.cat\/ceipespriu-granollers\/wp-content\/uploads\/usu780\/2025\/04\/bases1-1085x1536.jpg 1085w, https:\/\/agora.xtec.cat\/ceipespriu-granollers\/wp-content\/uploads\/usu780\/2025\/04\/bases1.jpg 1240w\" sizes=\"auto, (max-width: 724px) 100vw, 724px\" \/><\/p>\n<p><img loading=\"lazy\" decoding=\"async\" class=\"aligncenter size-large wp-image-9042\" src=\"https:\/\/agora.xtec.cat\/ceipespriu-granollers\/wp-content\/uploads\/usu780\/2025\/04\/bases2-724x1024.jpg\" alt=\"\" width=\"724\" height=\"1024\" srcset=\"https:\/\/agora.xtec.cat\/ceipespriu-granollers\/wp-content\/uploads\/usu780\/2025\/04\/bases2-724x1024.jpg 724w, https:\/\/agora.xtec.cat\/ceipespriu-granollers\/wp-content\/uploads\/usu780\/2025\/04\/bases2-212x300.jpg 212w, https:\/\/agora.xtec.cat\/ceipespriu-granollers\/wp-content\/uploads\/usu780\/2025\/04\/bases2-768x1087.jpg 768w, https:\/\/agora.xtec.cat\/ceipespriu-granollers\/wp-content\/uploads\/usu780\/2025\/04\/bases2-1085x1536.jpg 1085w, https:\/\/agora.xtec.cat\/ceipespriu-granollers\/wp-content\/uploads\/usu780\/2025\/04\/bases2.jpg 1240w\" sizes=\"auto, (max-width: 724px) 100vw, 724px\" \/><\/p>\n","protected":false},"excerpt":{"rendered":"<p>&nbsp; Amb motiu de la celebraci\u00f3 de la diada de Sant Jordi, la Comissi\u00f3 de Biblioteca de l&#8217;escola es complau a anunciar el 2n Concurs de Dibuix per Sant Jordi. Un any m\u00e9s, aquest esdeveniment t\u00e9 com a objectiu fomentar la creativitat del nostre alumnat i, alhora, celebrar la cultura, els llibres i la rosa, [&hellip;]<\/p>\n","protected":false},"author":1,"featured_media":9043,"comment_status":"closed","ping_status":"closed","sticky":false,"template":"","format":"standard","meta":{"_bbp_topic_count":0,"_bbp_reply_count":0,"_bbp_total_topic_count":0,"_bbp_total_reply_count":0,"_bbp_voice_count":0,"_bbp_anonymous_reply_count":0,"_bbp_topic_count_hidden":0,"_bbp_reply_count_hidden":0,"_bbp_forum_subforum_count":0,"site-sidebar-layout":"default","site-content-layout":"","ast-site-content-layout":"default","site-content-style":"default","site-sidebar-style":"default","ast-global-header-display":"","ast-banner-title-visibility":"","ast-main-header-display":"","ast-hfb-above-header-display":"","ast-hfb-below-header-display":"","ast-hfb-mobile-header-display":"","site-post-title":"","ast-breadcrumbs-content":"","ast-featured-img":"","footer-sml-layout":"","theme-transparent-header-meta":"default","adv-header-id-meta":"","stick-header-meta":"","header-above-stick-meta":"","header-main-stick-meta":"","header-below-stick-meta":"","astra-migrate-meta-layouts":"set","ast-page-background-enabled":"default","ast-page-background-meta":{"desktop":{"background-color":"var(--ast-global-color-4)","background-image":"","background-repeat":"repeat","background-position":"center center","background-size":"auto","background-attachment":"scroll","background-type":"","background-media":"","overlay-type":"","overlay-color":"","overlay-opacity":"","overlay-gradient":""},"tablet":{"background-color":"","background-image":"","background-repeat":"repeat","background-position":"center center","background-size":"auto","background-attachment":"scroll","background-type":"","background-media":"","overlay-type":"","overlay-color":"","overlay-opacity":"","overlay-gradient":""},"mobile":{"background-color":"","background-image":"","background-repeat":"repeat","background-position":"center center","background-size":"auto","background-attachment":"scroll","background-type":"","background-media":"","overlay-type":"","overlay-color":"","overlay-opacity":"","overlay-gradient":""}},"ast-content-background-meta":{"desktop":{"background-color":"var(--ast-global-color-5)","background-image":"","background-repeat":"repeat","background-position":"center center","background-size":"auto","background-attachment":"scroll","background-type":"","background-media":"","overlay-type":"","overlay-color":"","overlay-opacity":"","overlay-gradient":""},"tablet":{"background-color":"var(--ast-global-color-5)","background-image":"","background-repeat":"repeat","background-position":"center center","background-size":"auto","background-attachment":"scroll","background-type":"","background-media":"","overlay-type":"","overlay-color":"","overlay-opacity":"","overlay-gradient":""},"mobile":{"background-color":"var(--ast-global-color-5)","background-image":"","background-repeat":"repeat","background-position":"center center","background-size":"auto","background-attachment":"scroll","background-type":"","background-media":"","overlay-type":"","overlay-color":"","overlay-opacity":"","overlay-gradient":""}},"footnotes":""},"categories":[223,224,225,125,1,2,4,5],"tags":[138],"class_list":["post-9039","post","type-post","status-publish","format-standard","has-post-thumbnail","hentry","category-1r-cicle","category-2n-cicle","category-3r-cicle","category-afa","category-general","category-infantil","category-portada","category-primaria","tag-curs-2024-2025"],"post_mailing_queue_ids":[],"_links":{"self":[{"href":"https:\/\/agora.xtec.cat\/ceipespriu-granollers\/wp-json\/wp\/v2\/posts\/9039","targetHints":{"allow":["GET"]}}],"collection":[{"href":"https:\/\/agora.xtec.cat\/ceipespriu-granollers\/wp-json\/wp\/v2\/posts"}],"about":[{"href":"https:\/\/agora.xtec.cat\/ceipespriu-granollers\/wp-json\/wp\/v2\/types\/post"}],"author":[{"embeddable":true,"href":"https:\/\/agora.xtec.cat\/ceipespriu-granollers\/wp-json\/wp\/v2\/users\/1"}],"replies":[{"embeddable":true,"href":"https:\/\/agora.xtec.cat\/ceipespriu-granollers\/wp-json\/wp\/v2\/comments?post=9039"}],"version-history":[{"count":6,"href":"https:\/\/agora.xtec.cat\/ceipespriu-granollers\/wp-json\/wp\/v2\/posts\/9039\/revisions"}],"predecessor-version":[{"id":10128,"href":"https:\/\/agora.xtec.cat\/ceipespriu-granollers\/wp-json\/wp\/v2\/posts\/9039\/revisions\/10128"}],"wp:featuredmedia":[{"embeddable":true,"href":"https:\/\/agora.xtec.cat\/ceipespriu-granollers\/wp-json\/wp\/v2\/media\/9043"}],"wp:attachment":[{"href":"https:\/\/agora.xtec.cat\/ceipespriu-granollers\/wp-json\/wp\/v2\/media?parent=9039"}],"wp:term":[{"taxonomy":"category","embeddable":true,"href":"https:\/\/agora.xtec.cat\/ceipespriu-granollers\/wp-json\/wp\/v2\/categories?post=9039"},{"taxonomy":"post_tag","embeddable":true,"href":"https:\/\/agora.xtec.cat\/ceipespriu-granollers\/wp-json\/wp\/v2\/tags?post=9039"}],"curies":[{"name":"wp","href":"https:\/\/api.w.org\/{rel}","templated":true}]}}