{"id":8899,"date":"2025-03-16T10:05:10","date_gmt":"2025-03-16T09:05:10","guid":{"rendered":"https:\/\/agora.xtec.cat\/ceipespriu-granollers\/?p=8899"},"modified":"2026-02-05T11:32:40","modified_gmt":"2026-02-05T10:32:40","slug":"celebrem-el-8m-a-segon-cicle","status":"publish","type":"post","link":"https:\/\/agora.xtec.cat\/ceipespriu-granollers\/primaria\/celebrem-el-8m-a-segon-cicle\/","title":{"rendered":"Celebrem el 8M a Segon Cicle"},"content":{"rendered":"<p>Dilluns passat vam celebrar el Dia de la Dona a la nostra escola. Les nenes i els nens de 3r i 4t vam dedicar la tarda a fer tert\u00falia amb un grup de mares que ens van visitar. Vam poder con\u00e8ixer les seves traject\u00f2ries vitals amb relaci\u00f3 als estudis, la feina, la conciliaci\u00f3 de la feina amb la vida familiar, etc. Vam poder escoltar-les i tamb\u00e9 fer les preguntes que ens hav\u00edem preparat.<\/p>\n<p>Tots i totes vam gaudir molt d&#8217;aquesta estona. Volem donar les gr\u00e0cies a les mares que ens van dedicar el seu temps per la dedicaci\u00f3 i l&#8217;afecte qu\u00e8 ens van demostrar.<\/p>\n<p>Us deixem unes quantes imatges d&#8217;aquell dia.<\/p>\n<p><a href=\"https:\/\/drive.google.com\/drive\/folders\/1rU2-eAfkddp02sDIkgvQUNB_hhRci8gr?usp=sharing\"><img loading=\"lazy\" decoding=\"async\" class=\"alignnone size-large wp-image-8903\" src=\"https:\/\/agora.xtec.cat\/ceipespriu-granollers\/wp-content\/uploads\/usu780\/2025\/03\/IMG-20250315-WA0013-1024x766.jpg\" alt=\"\" width=\"1024\" height=\"766\" srcset=\"https:\/\/agora.xtec.cat\/ceipespriu-granollers\/wp-content\/uploads\/usu780\/2025\/03\/IMG-20250315-WA0013-1024x766.jpg 1024w, https:\/\/agora.xtec.cat\/ceipespriu-granollers\/wp-content\/uploads\/usu780\/2025\/03\/IMG-20250315-WA0013-300x224.jpg 300w, https:\/\/agora.xtec.cat\/ceipespriu-granollers\/wp-content\/uploads\/usu780\/2025\/03\/IMG-20250315-WA0013-768x575.jpg 768w, https:\/\/agora.xtec.cat\/ceipespriu-granollers\/wp-content\/uploads\/usu780\/2025\/03\/IMG-20250315-WA0013-1536x1149.jpg 1536w, https:\/\/agora.xtec.cat\/ceipespriu-granollers\/wp-content\/uploads\/usu780\/2025\/03\/IMG-20250315-WA0013-2048x1532.jpg 2048w, https:\/\/agora.xtec.cat\/ceipespriu-granollers\/wp-content\/uploads\/usu780\/2025\/03\/IMG-20250315-WA0013-200x150.jpg 200w\" sizes=\"auto, (max-width: 1024px) 100vw, 1024px\" \/><\/a><\/p>\n","protected":false},"excerpt":{"rendered":"<p>Dilluns passat vam celebrar el Dia de la Dona a la nostra escola. Les nenes i els nens de 3r i 4t vam dedicar la tarda a fer tert\u00falia amb un grup de mares que ens van visitar. Vam poder con\u00e8ixer les seves traject\u00f2ries vitals amb relaci\u00f3 als estudis, la feina, la conciliaci\u00f3 de la [&hellip;]<\/p>\n","protected":false},"author":18,"featured_media":8903,"comment_status":"closed","ping_status":"closed","sticky":false,"template":"","format":"standard","meta":{"_bbp_topic_count":0,"_bbp_reply_count":0,"_bbp_total_topic_count":0,"_bbp_total_reply_count":0,"_bbp_voice_count":0,"_bbp_anonymous_reply_count":0,"_bbp_topic_count_hidden":0,"_bbp_reply_count_hidden":0,"_bbp_forum_subforum_count":0,"site-sidebar-layout":"default","site-content-layout":"","ast-site-content-layout":"default","site-content-style":"default","site-sidebar-style":"default","ast-global-header-display":"","ast-banner-title-visibility":"","ast-main-header-display":"","ast-hfb-above-header-display":"","ast-hfb-below-header-display":"","ast-hfb-mobile-header-display":"","site-post-title":"","ast-breadcrumbs-content":"","ast-featured-img":"","footer-sml-layout":"","theme-transparent-header-meta":"default","adv-header-id-meta":"","stick-header-meta":"","header-above-stick-meta":"","header-main-stick-meta":"","header-below-stick-meta":"","astra-migrate-meta-layouts":"set","ast-page-background-enabled":"default","ast-page-background-meta":{"desktop":{"background-color":"var(--ast-global-color-4)","background-image":"","background-repeat":"repeat","background-position":"center center","background-size":"auto","background-attachment":"scroll","background-type":"","background-media":"","overlay-type":"","overlay-color":"","overlay-opacity":"","overlay-gradient":""},"tablet":{"background-color":"","background-image":"","background-repeat":"repeat","background-position":"center center","background-size":"auto","background-attachment":"scroll","background-type":"","background-media":"","overlay-type":"","overlay-color":"","overlay-opacity":"","overlay-gradient":""},"mobile":{"background-color":"","background-image":"","background-repeat":"repeat","background-position":"center center","background-size":"auto","background-attachment":"scroll","background-type":"","background-media":"","overlay-type":"","overlay-color":"","overlay-opacity":"","overlay-gradient":""}},"ast-content-background-meta":{"desktop":{"background-color":"var(--ast-global-color-5)","background-image":"","background-repeat":"repeat","background-position":"center center","background-size":"auto","background-attachment":"scroll","background-type":"","background-media":"","overlay-type":"","overlay-color":"","overlay-opacity":"","overlay-gradient":""},"tablet":{"background-color":"var(--ast-global-color-5)","background-image":"","background-repeat":"repeat","background-position":"center center","background-size":"auto","background-attachment":"scroll","background-type":"","background-media":"","overlay-type":"","overlay-color":"","overlay-opacity":"","overlay-gradient":""},"mobile":{"background-color":"var(--ast-global-color-5)","background-image":"","background-repeat":"repeat","background-position":"center center","background-size":"auto","background-attachment":"scroll","background-type":"","background-media":"","overlay-type":"","overlay-color":"","overlay-opacity":"","overlay-gradient":""}},"footnotes":""},"categories":[224,12,13,5],"tags":[105,139,183,104,68,67],"class_list":["post-8899","post","type-post","status-publish","format-standard","has-post-thumbnail","hentry","category-2n-cicle","category-3r","category-4t","category-primaria","tag-3r","tag-4t","tag-activitat","tag-primaria","tag-promocio2015","tag-promocio2016"],"post_mailing_queue_ids":[],"_links":{"self":[{"href":"https:\/\/agora.xtec.cat\/ceipespriu-granollers\/wp-json\/wp\/v2\/posts\/8899","targetHints":{"allow":["GET"]}}],"collection":[{"href":"https:\/\/agora.xtec.cat\/ceipespriu-granollers\/wp-json\/wp\/v2\/posts"}],"about":[{"href":"https:\/\/agora.xtec.cat\/ceipespriu-granollers\/wp-json\/wp\/v2\/types\/post"}],"author":[{"embeddable":true,"href":"https:\/\/agora.xtec.cat\/ceipespriu-granollers\/wp-json\/wp\/v2\/users\/18"}],"replies":[{"embeddable":true,"href":"https:\/\/agora.xtec.cat\/ceipespriu-granollers\/wp-json\/wp\/v2\/comments?post=8899"}],"version-history":[{"count":4,"href":"https:\/\/agora.xtec.cat\/ceipespriu-granollers\/wp-json\/wp\/v2\/posts\/8899\/revisions"}],"predecessor-version":[{"id":8906,"href":"https:\/\/agora.xtec.cat\/ceipespriu-granollers\/wp-json\/wp\/v2\/posts\/8899\/revisions\/8906"}],"wp:featuredmedia":[{"embeddable":true,"href":"https:\/\/agora.xtec.cat\/ceipespriu-granollers\/wp-json\/wp\/v2\/media\/8903"}],"wp:attachment":[{"href":"https:\/\/agora.xtec.cat\/ceipespriu-granollers\/wp-json\/wp\/v2\/media?parent=8899"}],"wp:term":[{"taxonomy":"category","embeddable":true,"href":"https:\/\/agora.xtec.cat\/ceipespriu-granollers\/wp-json\/wp\/v2\/categories?post=8899"},{"taxonomy":"post_tag","embeddable":true,"href":"https:\/\/agora.xtec.cat\/ceipespriu-granollers\/wp-json\/wp\/v2\/tags?post=8899"}],"curies":[{"name":"wp","href":"https:\/\/api.w.org\/{rel}","templated":true}]}}