{"id":8784,"date":"2025-03-06T10:14:19","date_gmt":"2025-03-06T09:14:19","guid":{"rendered":"https:\/\/agora.xtec.cat\/ceipespriu-granollers\/?p=8784"},"modified":"2026-02-05T11:33:54","modified_gmt":"2026-02-05T10:33:54","slug":"carnaval-2025-40-anys-de-festa-i-tradicio","status":"publish","type":"post","link":"https:\/\/agora.xtec.cat\/ceipespriu-granollers\/general\/carnaval-2025-40-anys-de-festa-i-tradicio\/","title":{"rendered":"Carnaval 2025: 40 anys de festa i tradici\u00f3!"},"content":{"rendered":"<p data-start=\"49\" data-end=\"429\">El passat divendres 28 de febrer vam celebrar una edici\u00f3 molt especial del nostre Carnaval, ja que enguany commemorem els 40 anys de l\u2019escola. Va ser una jornada plena de diversi\u00f3 i color, on l&#8217;alumnat va tenir l&#8217;oportunitat de viatjar a trav\u00e9s del temps, vestint-se amb disfresses que representaven les diferents d\u00e8cades i fets que han marcat la hist\u00f2ria de la nostra escola.<\/p>\n<p data-start=\"431\" data-end=\"807\">Cada classe va escollir una d\u00e8cada per inspirar les seves disfresses, des de l\u2019euf\u00f2ria dels anys 80 fins als m\u00e9s recents anys 2000, passant per l&#8217;energia dels 90. Va ser una aut\u00e8ntica festa de mem\u00f2ria col\u00b7lectiva, on vam poder veure com cada d\u00e8cada ha influ\u00eft en la nostra forma de viure i de compartir els nostres moments m\u00e9s especials.<\/p>\n<p data-start=\"809\" data-end=\"1160\">Per\u00f2 el Carnaval no es va acabar aqu\u00ed! Ahir dimecres, tal com marca la tradici\u00f3, vam celebrar el judici del Rei Carnestoltes. Despr\u00e9s d\u2019un judici ple de testimonis i arguments, el veredicte va ser clar: culpable! Per aquest motiu, vam cremar el Rei Carnestoltes, acomiadant aix\u00ed les festes de carnaval amb un toc d\u2019humor i festa, com mana la tradici\u00f3.<\/p>\n<p data-start=\"1162\" data-end=\"1407\" data-is-last-node=\"\" data-is-only-node=\"\"><a href=\"https:\/\/drive.google.com\/drive\/folders\/1RJs7zTCdAMOJp-qJgo-ezBv0eiYj266c?usp=sharing\"><img loading=\"lazy\" decoding=\"async\" class=\"aligncenter wp-image-8786 size-medium\" src=\"https:\/\/agora.xtec.cat\/ceipespriu-granollers\/wp-content\/uploads\/usu780\/2025\/03\/carn-300x300.png\" alt=\"\" width=\"300\" height=\"300\" srcset=\"https:\/\/agora.xtec.cat\/ceipespriu-granollers\/wp-content\/uploads\/usu780\/2025\/03\/carn-300x300.png 300w, https:\/\/agora.xtec.cat\/ceipespriu-granollers\/wp-content\/uploads\/usu780\/2025\/03\/carn-150x150.png 150w, https:\/\/agora.xtec.cat\/ceipespriu-granollers\/wp-content\/uploads\/usu780\/2025\/03\/carn-768x768.png 768w, https:\/\/agora.xtec.cat\/ceipespriu-granollers\/wp-content\/uploads\/usu780\/2025\/03\/carn.png 1024w\" sizes=\"auto, (max-width: 300px) 100vw, 300px\" \/><\/a><\/p>\n","protected":false},"excerpt":{"rendered":"<p>El passat divendres 28 de febrer vam celebrar una edici\u00f3 molt especial del nostre Carnaval, ja que enguany commemorem els 40 anys de l\u2019escola. Va ser una jornada plena de diversi\u00f3 i color, on l&#8217;alumnat va tenir l&#8217;oportunitat de viatjar a trav\u00e9s del temps, vestint-se amb disfresses que representaven les diferents d\u00e8cades i fets que [&hellip;]<\/p>\n","protected":false},"author":1,"featured_media":8785,"comment_status":"closed","ping_status":"closed","sticky":false,"template":"","format":"standard","meta":{"_bbp_topic_count":0,"_bbp_reply_count":0,"_bbp_total_topic_count":0,"_bbp_total_reply_count":0,"_bbp_voice_count":0,"_bbp_anonymous_reply_count":0,"_bbp_topic_count_hidden":0,"_bbp_reply_count_hidden":0,"_bbp_forum_subforum_count":0,"site-sidebar-layout":"default","site-content-layout":"","ast-site-content-layout":"default","site-content-style":"default","site-sidebar-style":"default","ast-global-header-display":"","ast-banner-title-visibility":"","ast-main-header-display":"","ast-hfb-above-header-display":"","ast-hfb-below-header-display":"","ast-hfb-mobile-header-display":"","site-post-title":"","ast-breadcrumbs-content":"","ast-featured-img":"","footer-sml-layout":"","theme-transparent-header-meta":"default","adv-header-id-meta":"","stick-header-meta":"","header-above-stick-meta":"","header-main-stick-meta":"","header-below-stick-meta":"","astra-migrate-meta-layouts":"set","ast-page-background-enabled":"default","ast-page-background-meta":{"desktop":{"background-color":"var(--ast-global-color-4)","background-image":"","background-repeat":"repeat","background-position":"center center","background-size":"auto","background-attachment":"scroll","background-type":"","background-media":"","overlay-type":"","overlay-color":"","overlay-opacity":"","overlay-gradient":""},"tablet":{"background-color":"","background-image":"","background-repeat":"repeat","background-position":"center center","background-size":"auto","background-attachment":"scroll","background-type":"","background-media":"","overlay-type":"","overlay-color":"","overlay-opacity":"","overlay-gradient":""},"mobile":{"background-color":"","background-image":"","background-repeat":"repeat","background-position":"center center","background-size":"auto","background-attachment":"scroll","background-type":"","background-media":"","overlay-type":"","overlay-color":"","overlay-opacity":"","overlay-gradient":""}},"ast-content-background-meta":{"desktop":{"background-color":"var(--ast-global-color-5)","background-image":"","background-repeat":"repeat","background-position":"center center","background-size":"auto","background-attachment":"scroll","background-type":"","background-media":"","overlay-type":"","overlay-color":"","overlay-opacity":"","overlay-gradient":""},"tablet":{"background-color":"var(--ast-global-color-5)","background-image":"","background-repeat":"repeat","background-position":"center center","background-size":"auto","background-attachment":"scroll","background-type":"","background-media":"","overlay-type":"","overlay-color":"","overlay-opacity":"","overlay-gradient":""},"mobile":{"background-color":"var(--ast-global-color-5)","background-image":"","background-repeat":"repeat","background-position":"center center","background-size":"auto","background-attachment":"scroll","background-type":"","background-media":"","overlay-type":"","overlay-color":"","overlay-opacity":"","overlay-gradient":""}},"footnotes":""},"categories":[223,224,225,1,2,4,5],"tags":[99,138],"class_list":["post-8784","post","type-post","status-publish","format-standard","has-post-thumbnail","hentry","category-1r-cicle","category-2n-cicle","category-3r-cicle","category-general","category-infantil","category-portada","category-primaria","tag-carnaval","tag-curs-2024-2025"],"post_mailing_queue_ids":[],"_links":{"self":[{"href":"https:\/\/agora.xtec.cat\/ceipespriu-granollers\/wp-json\/wp\/v2\/posts\/8784","targetHints":{"allow":["GET"]}}],"collection":[{"href":"https:\/\/agora.xtec.cat\/ceipespriu-granollers\/wp-json\/wp\/v2\/posts"}],"about":[{"href":"https:\/\/agora.xtec.cat\/ceipespriu-granollers\/wp-json\/wp\/v2\/types\/post"}],"author":[{"embeddable":true,"href":"https:\/\/agora.xtec.cat\/ceipespriu-granollers\/wp-json\/wp\/v2\/users\/1"}],"replies":[{"embeddable":true,"href":"https:\/\/agora.xtec.cat\/ceipespriu-granollers\/wp-json\/wp\/v2\/comments?post=8784"}],"version-history":[{"count":1,"href":"https:\/\/agora.xtec.cat\/ceipespriu-granollers\/wp-json\/wp\/v2\/posts\/8784\/revisions"}],"predecessor-version":[{"id":8787,"href":"https:\/\/agora.xtec.cat\/ceipespriu-granollers\/wp-json\/wp\/v2\/posts\/8784\/revisions\/8787"}],"wp:featuredmedia":[{"embeddable":true,"href":"https:\/\/agora.xtec.cat\/ceipespriu-granollers\/wp-json\/wp\/v2\/media\/8785"}],"wp:attachment":[{"href":"https:\/\/agora.xtec.cat\/ceipespriu-granollers\/wp-json\/wp\/v2\/media?parent=8784"}],"wp:term":[{"taxonomy":"category","embeddable":true,"href":"https:\/\/agora.xtec.cat\/ceipespriu-granollers\/wp-json\/wp\/v2\/categories?post=8784"},{"taxonomy":"post_tag","embeddable":true,"href":"https:\/\/agora.xtec.cat\/ceipespriu-granollers\/wp-json\/wp\/v2\/tags?post=8784"}],"curies":[{"name":"wp","href":"https:\/\/api.w.org\/{rel}","templated":true}]}}