{"id":8756,"date":"2025-03-02T20:26:16","date_gmt":"2025-03-02T19:26:16","guid":{"rendered":"https:\/\/agora.xtec.cat\/ceipespriu-granollers\/?p=8756"},"modified":"2026-02-05T11:51:14","modified_gmt":"2026-02-05T10:51:14","slug":"setmana-de-gresca-a-2n-aprenem-divertint-nos","status":"publish","type":"post","link":"https:\/\/agora.xtec.cat\/ceipespriu-granollers\/general\/setmana-de-gresca-a-2n-aprenem-divertint-nos\/","title":{"rendered":"Setmana de gresca a 2n: aprenem divertint-nos!"},"content":{"rendered":"<p data-pm-slice=\"1 1 []\">Els nens i nenes de la classe de la Xerinola, fent honor al nostre nom, hem viscut una setmana de gresca sense ni un minut de descans. La festa va comen\u00e7ar <strong>dilluns 24 de febrer<\/strong> amb les nostres col\u00f2nies a <strong>Can Ribas<\/strong>, a Bigues i Riells.<\/p>\n<p><a href=\"https:\/\/agora.xtec.cat\/ceipespriu-granollers\/wp-content\/uploads\/usu780\/2025\/03\/IMG_1782-min-scaled.jpg\"><img loading=\"lazy\" decoding=\"async\" class=\"alignnone wp-image-8763\" src=\"https:\/\/agora.xtec.cat\/ceipespriu-granollers\/wp-content\/uploads\/usu780\/2025\/03\/IMG_1782-min-1024x768.jpg\" alt=\"\" width=\"458\" height=\"343\" srcset=\"https:\/\/agora.xtec.cat\/ceipespriu-granollers\/wp-content\/uploads\/usu780\/2025\/03\/IMG_1782-min-1024x768.jpg 1024w, https:\/\/agora.xtec.cat\/ceipespriu-granollers\/wp-content\/uploads\/usu780\/2025\/03\/IMG_1782-min-300x225.jpg 300w, https:\/\/agora.xtec.cat\/ceipespriu-granollers\/wp-content\/uploads\/usu780\/2025\/03\/IMG_1782-min-768x576.jpg 768w, https:\/\/agora.xtec.cat\/ceipespriu-granollers\/wp-content\/uploads\/usu780\/2025\/03\/IMG_1782-min-1536x1152.jpg 1536w, https:\/\/agora.xtec.cat\/ceipespriu-granollers\/wp-content\/uploads\/usu780\/2025\/03\/IMG_1782-min-2048x1536.jpg 2048w, https:\/\/agora.xtec.cat\/ceipespriu-granollers\/wp-content\/uploads\/usu780\/2025\/03\/IMG_1782-min-200x150.jpg 200w\" sizes=\"auto, (max-width: 458px) 100vw, 458px\" \/><\/a><a href=\"https:\/\/agora.xtec.cat\/ceipespriu-granollers\/wp-content\/uploads\/usu780\/2025\/03\/PHOTO-2025-03-02-20-06-26-scaled.jpg\"><img loading=\"lazy\" decoding=\"async\" class=\"alignnone wp-image-8782\" src=\"https:\/\/agora.xtec.cat\/ceipespriu-granollers\/wp-content\/uploads\/usu780\/2025\/03\/PHOTO-2025-03-02-20-06-26-1024x768.jpg\" alt=\"\" width=\"456\" height=\"342\" srcset=\"https:\/\/agora.xtec.cat\/ceipespriu-granollers\/wp-content\/uploads\/usu780\/2025\/03\/PHOTO-2025-03-02-20-06-26-1024x768.jpg 1024w, https:\/\/agora.xtec.cat\/ceipespriu-granollers\/wp-content\/uploads\/usu780\/2025\/03\/PHOTO-2025-03-02-20-06-26-300x225.jpg 300w, https:\/\/agora.xtec.cat\/ceipespriu-granollers\/wp-content\/uploads\/usu780\/2025\/03\/PHOTO-2025-03-02-20-06-26-768x576.jpg 768w, https:\/\/agora.xtec.cat\/ceipespriu-granollers\/wp-content\/uploads\/usu780\/2025\/03\/PHOTO-2025-03-02-20-06-26-1536x1152.jpg 1536w, https:\/\/agora.xtec.cat\/ceipespriu-granollers\/wp-content\/uploads\/usu780\/2025\/03\/PHOTO-2025-03-02-20-06-26-2048x1536.jpg 2048w, https:\/\/agora.xtec.cat\/ceipespriu-granollers\/wp-content\/uploads\/usu780\/2025\/03\/PHOTO-2025-03-02-20-06-26-200x150.jpg 200w\" sizes=\"auto, (max-width: 456px) 100vw, 456px\" \/><\/a><\/p>\n<p>L&#8217;experi\u00e8ncia ens ha servit per <strong>continuar treballant aspectes que hem vist a Medi,<\/strong> per\u00f2 aquesta vegada fora de l&#8217;aula, en viu i en directe: el relleu, el paisatge, la vegetaci\u00f3, la ci\u00e8ncia i el pas del temps.<\/p>\n<p><a href=\"https:\/\/agora.xtec.cat\/ceipespriu-granollers\/wp-content\/uploads\/usu780\/2025\/03\/IMG_1765-min-scaled-e1740857462371.jpg\"><img loading=\"lazy\" decoding=\"async\" class=\"alignnone wp-image-8762\" src=\"https:\/\/agora.xtec.cat\/ceipespriu-granollers\/wp-content\/uploads\/usu780\/2025\/03\/IMG_1765-min-scaled-e1740857462371-1024x922.jpg\" alt=\"\" width=\"482\" height=\"434\" srcset=\"https:\/\/agora.xtec.cat\/ceipespriu-granollers\/wp-content\/uploads\/usu780\/2025\/03\/IMG_1765-min-scaled-e1740857462371-1024x922.jpg 1024w, https:\/\/agora.xtec.cat\/ceipespriu-granollers\/wp-content\/uploads\/usu780\/2025\/03\/IMG_1765-min-scaled-e1740857462371-300x270.jpg 300w, https:\/\/agora.xtec.cat\/ceipespriu-granollers\/wp-content\/uploads\/usu780\/2025\/03\/IMG_1765-min-scaled-e1740857462371-768x691.jpg 768w, https:\/\/agora.xtec.cat\/ceipespriu-granollers\/wp-content\/uploads\/usu780\/2025\/03\/IMG_1765-min-scaled-e1740857462371-1536x1382.jpg 1536w, https:\/\/agora.xtec.cat\/ceipespriu-granollers\/wp-content\/uploads\/usu780\/2025\/03\/IMG_1765-min-scaled-e1740857462371.jpg 1920w\" sizes=\"auto, (max-width: 482px) 100vw, 482px\" \/><\/a><a href=\"https:\/\/agora.xtec.cat\/ceipespriu-granollers\/wp-content\/uploads\/usu780\/2025\/03\/e21b9226-03c2-4c2a-9e99-ee4df38e09fd-min-scaled-e1740857599512.jpg\"><img loading=\"lazy\" decoding=\"async\" class=\"alignnone wp-image-8759\" src=\"https:\/\/agora.xtec.cat\/ceipespriu-granollers\/wp-content\/uploads\/usu780\/2025\/03\/e21b9226-03c2-4c2a-9e99-ee4df38e09fd-min-scaled-e1740857599512-1004x1024.jpg\" alt=\"\" width=\"426\" height=\"435\" srcset=\"https:\/\/agora.xtec.cat\/ceipespriu-granollers\/wp-content\/uploads\/usu780\/2025\/03\/e21b9226-03c2-4c2a-9e99-ee4df38e09fd-min-scaled-e1740857599512-1004x1024.jpg 1004w, https:\/\/agora.xtec.cat\/ceipespriu-granollers\/wp-content\/uploads\/usu780\/2025\/03\/e21b9226-03c2-4c2a-9e99-ee4df38e09fd-min-scaled-e1740857599512-294x300.jpg 294w, https:\/\/agora.xtec.cat\/ceipespriu-granollers\/wp-content\/uploads\/usu780\/2025\/03\/e21b9226-03c2-4c2a-9e99-ee4df38e09fd-min-scaled-e1740857599512-768x783.jpg 768w, https:\/\/agora.xtec.cat\/ceipespriu-granollers\/wp-content\/uploads\/usu780\/2025\/03\/e21b9226-03c2-4c2a-9e99-ee4df38e09fd-min-scaled-e1740857599512-1506x1536.jpg 1506w, https:\/\/agora.xtec.cat\/ceipespriu-granollers\/wp-content\/uploads\/usu780\/2025\/03\/e21b9226-03c2-4c2a-9e99-ee4df38e09fd-min-scaled-e1740857599512.jpg 1920w\" sizes=\"auto, (max-width: 426px) 100vw, 426px\" \/><\/a><\/p>\n<p>Envoltats d&#8217;un entorn natural id\u00edl\u00b7lic no nom\u00e9s <strong>vam aprendre una pila de coses<\/strong> sin\u00f3 que tamb\u00e9 ens ho vam passar d&#8217;all\u00f2 m\u00e9s b\u00e9 i, com \u00e9s habitual, a Can Ribas ens van cuidar de primera, <strong>ens hi vam sentir com a casa<\/strong>.<\/p>\n<p><a href=\"https:\/\/agora.xtec.cat\/ceipespriu-granollers\/wp-content\/uploads\/usu780\/2025\/03\/26670cf9-cc22-4727-8feb-3515c716df1d-min-scaled.jpg\"><img loading=\"lazy\" decoding=\"async\" class=\"alignnone wp-image-8758\" src=\"https:\/\/agora.xtec.cat\/ceipespriu-granollers\/wp-content\/uploads\/usu780\/2025\/03\/26670cf9-cc22-4727-8feb-3515c716df1d-min-1024x768.jpg\" alt=\"\" width=\"454\" height=\"340\" srcset=\"https:\/\/agora.xtec.cat\/ceipespriu-granollers\/wp-content\/uploads\/usu780\/2025\/03\/26670cf9-cc22-4727-8feb-3515c716df1d-min-1024x768.jpg 1024w, https:\/\/agora.xtec.cat\/ceipespriu-granollers\/wp-content\/uploads\/usu780\/2025\/03\/26670cf9-cc22-4727-8feb-3515c716df1d-min-300x225.jpg 300w, https:\/\/agora.xtec.cat\/ceipespriu-granollers\/wp-content\/uploads\/usu780\/2025\/03\/26670cf9-cc22-4727-8feb-3515c716df1d-min-768x576.jpg 768w, https:\/\/agora.xtec.cat\/ceipespriu-granollers\/wp-content\/uploads\/usu780\/2025\/03\/26670cf9-cc22-4727-8feb-3515c716df1d-min-1536x1152.jpg 1536w, https:\/\/agora.xtec.cat\/ceipespriu-granollers\/wp-content\/uploads\/usu780\/2025\/03\/26670cf9-cc22-4727-8feb-3515c716df1d-min-2048x1536.jpg 2048w, https:\/\/agora.xtec.cat\/ceipespriu-granollers\/wp-content\/uploads\/usu780\/2025\/03\/26670cf9-cc22-4727-8feb-3515c716df1d-min-200x150.jpg 200w\" sizes=\"auto, (max-width: 454px) 100vw, 454px\" \/><\/a> <a href=\"https:\/\/agora.xtec.cat\/ceipespriu-granollers\/wp-content\/uploads\/usu780\/2025\/03\/IMG_1759-min-scaled.jpg\"><img loading=\"lazy\" decoding=\"async\" class=\"alignnone wp-image-8760\" src=\"https:\/\/agora.xtec.cat\/ceipespriu-granollers\/wp-content\/uploads\/usu780\/2025\/03\/IMG_1759-min-1024x768.jpg\" alt=\"\" width=\"456\" height=\"342\" srcset=\"https:\/\/agora.xtec.cat\/ceipespriu-granollers\/wp-content\/uploads\/usu780\/2025\/03\/IMG_1759-min-1024x768.jpg 1024w, https:\/\/agora.xtec.cat\/ceipespriu-granollers\/wp-content\/uploads\/usu780\/2025\/03\/IMG_1759-min-300x225.jpg 300w, https:\/\/agora.xtec.cat\/ceipespriu-granollers\/wp-content\/uploads\/usu780\/2025\/03\/IMG_1759-min-768x576.jpg 768w, https:\/\/agora.xtec.cat\/ceipespriu-granollers\/wp-content\/uploads\/usu780\/2025\/03\/IMG_1759-min-1536x1152.jpg 1536w, https:\/\/agora.xtec.cat\/ceipespriu-granollers\/wp-content\/uploads\/usu780\/2025\/03\/IMG_1759-min-2048x1536.jpg 2048w, https:\/\/agora.xtec.cat\/ceipespriu-granollers\/wp-content\/uploads\/usu780\/2025\/03\/IMG_1759-min-200x150.jpg 200w\" sizes=\"auto, (max-width: 456px) 100vw, 456px\" \/><\/a><\/p>\n<p>Nom\u00e9s tornar a l&#8217;escola, el <strong>dimarts 25 de febrer,<\/strong> vam haver de pintar-nos les galtes a correcuita no fos cas que el Rei Carnestoltes, el m\u00e9s gran dels poca-soltes, ens prengu\u00e9s per una colla d&#8217;avorrits. <strong>Dimecres<\/strong> vam haver d&#8217;anar a l&#8217;escola en pijama i sense sentit, tot alhora! <strong>Dijous<\/strong> tocava anar de gala, est\u00e0vem tan elegants que an\u00e0vem deixant a tothom bocabadat per all\u00e0 on pass\u00e0vem.<\/p>\n<p>I finalment, quan fa arribar <strong>divendres 28 de febrer<\/strong> encara ens quedava corda per celebrar el <strong>Carnaval<\/strong>!! Juntament amb els nens i nenes de 1r vam representar la <strong>d\u00e8cada del 2000<\/strong> i l&#8217;<strong>arribada de l&#8217;Euro<\/strong> d&#8217;una manera molt Granollerina.<\/p>\n<p>Nosaltres \u00e9rem bitllets amb <strong>edificis emblem\u00e0tics de la nostra ciutat<\/strong>, que tamb\u00e9 hem estat treballant a medi. Els bitllets de 5\u202f\u20ac representaven la nostra escola Salvador Espriu (que enguany celebra els 40 anys i era la protagonista de la festa), els bitllets de 10\u202f\u20ac representaven la Porxada, els de 20\u202f\u20ac la Casa Clap\u00e9s, els de 50\u202f\u20ac l&#8217;Ajuntament, els de 100\u202f\u20ac l&#8217;Esgl\u00e9sia, els 200\u202f\u20ac el Museu de la Tela i els de 500\u202f\u20ac la Sala Francesc Tarafa. <strong>Ho vam tornar a fer: ens ho vam passar b\u00e9 tot aprenent.\u00a0<\/strong><\/p>\n<p><strong>Volem felicitar la nostra escola pel seu 40\u00e8 aniversari i li desitgem moltes generacions m\u00e9s de nens i nenes que hi aprenem sent feli\u00e7os.<\/strong><\/p>\n<p><a href=\"https:\/\/agora.xtec.cat\/ceipespriu-granollers\/wp-content\/uploads\/usu780\/2025\/03\/6ca39154-65e2-4366-94dd-3e2fa6eb3008-min-scaled.jpg\"><img loading=\"lazy\" decoding=\"async\" class=\"alignnone wp-image-8764\" src=\"https:\/\/agora.xtec.cat\/ceipespriu-granollers\/wp-content\/uploads\/usu780\/2025\/03\/6ca39154-65e2-4366-94dd-3e2fa6eb3008-min-1024x768.jpg\" alt=\"\" width=\"440\" height=\"330\" srcset=\"https:\/\/agora.xtec.cat\/ceipespriu-granollers\/wp-content\/uploads\/usu780\/2025\/03\/6ca39154-65e2-4366-94dd-3e2fa6eb3008-min-1024x768.jpg 1024w, https:\/\/agora.xtec.cat\/ceipespriu-granollers\/wp-content\/uploads\/usu780\/2025\/03\/6ca39154-65e2-4366-94dd-3e2fa6eb3008-min-300x225.jpg 300w, https:\/\/agora.xtec.cat\/ceipespriu-granollers\/wp-content\/uploads\/usu780\/2025\/03\/6ca39154-65e2-4366-94dd-3e2fa6eb3008-min-768x576.jpg 768w, https:\/\/agora.xtec.cat\/ceipespriu-granollers\/wp-content\/uploads\/usu780\/2025\/03\/6ca39154-65e2-4366-94dd-3e2fa6eb3008-min-1536x1152.jpg 1536w, https:\/\/agora.xtec.cat\/ceipespriu-granollers\/wp-content\/uploads\/usu780\/2025\/03\/6ca39154-65e2-4366-94dd-3e2fa6eb3008-min-2048x1536.jpg 2048w, https:\/\/agora.xtec.cat\/ceipespriu-granollers\/wp-content\/uploads\/usu780\/2025\/03\/6ca39154-65e2-4366-94dd-3e2fa6eb3008-min-200x150.jpg 200w\" sizes=\"auto, (max-width: 440px) 100vw, 440px\" \/><\/a><a href=\"https:\/\/agora.xtec.cat\/ceipespriu-granollers\/wp-content\/uploads\/usu780\/2025\/03\/IMG_1795-min-scaled.jpg\"><img loading=\"lazy\" decoding=\"async\" class=\"alignnone wp-image-8765\" src=\"https:\/\/agora.xtec.cat\/ceipespriu-granollers\/wp-content\/uploads\/usu780\/2025\/03\/IMG_1795-min-1024x768.jpg\" alt=\"\" width=\"440\" height=\"330\" srcset=\"https:\/\/agora.xtec.cat\/ceipespriu-granollers\/wp-content\/uploads\/usu780\/2025\/03\/IMG_1795-min-1024x768.jpg 1024w, https:\/\/agora.xtec.cat\/ceipespriu-granollers\/wp-content\/uploads\/usu780\/2025\/03\/IMG_1795-min-300x225.jpg 300w, https:\/\/agora.xtec.cat\/ceipespriu-granollers\/wp-content\/uploads\/usu780\/2025\/03\/IMG_1795-min-768x576.jpg 768w, https:\/\/agora.xtec.cat\/ceipespriu-granollers\/wp-content\/uploads\/usu780\/2025\/03\/IMG_1795-min-1536x1152.jpg 1536w, https:\/\/agora.xtec.cat\/ceipespriu-granollers\/wp-content\/uploads\/usu780\/2025\/03\/IMG_1795-min-2048x1536.jpg 2048w, https:\/\/agora.xtec.cat\/ceipespriu-granollers\/wp-content\/uploads\/usu780\/2025\/03\/IMG_1795-min-200x150.jpg 200w\" sizes=\"auto, (max-width: 440px) 100vw, 440px\" \/><\/a><\/p>\n","protected":false},"excerpt":{"rendered":"<p>Els nens i nenes de la classe de la Xerinola, fent honor al nostre nom, hem viscut una setmana de gresca sense ni un minut de descans. La festa va comen\u00e7ar dilluns 24 de febrer amb les nostres col\u00f2nies a Can Ribas, a Bigues i Riells. L&#8217;experi\u00e8ncia ens ha servit per continuar treballant aspectes que [&hellip;]<\/p>\n","protected":false},"author":25,"featured_media":8758,"comment_status":"closed","ping_status":"closed","sticky":false,"template":"","format":"standard","meta":{"_bbp_topic_count":0,"_bbp_reply_count":0,"_bbp_total_topic_count":0,"_bbp_total_reply_count":0,"_bbp_voice_count":0,"_bbp_anonymous_reply_count":0,"_bbp_topic_count_hidden":0,"_bbp_reply_count_hidden":0,"_bbp_forum_subforum_count":0,"site-sidebar-layout":"default","site-content-layout":"","ast-site-content-layout":"default","site-content-style":"default","site-sidebar-style":"default","ast-global-header-display":"","ast-banner-title-visibility":"","ast-main-header-display":"","ast-hfb-above-header-display":"","ast-hfb-below-header-display":"","ast-hfb-mobile-header-display":"","site-post-title":"","ast-breadcrumbs-content":"","ast-featured-img":"","footer-sml-layout":"","theme-transparent-header-meta":"default","adv-header-id-meta":"","stick-header-meta":"","header-above-stick-meta":"","header-main-stick-meta":"","header-below-stick-meta":"","astra-migrate-meta-layouts":"set","ast-page-background-enabled":"default","ast-page-background-meta":{"desktop":{"background-color":"var(--ast-global-color-4)","background-image":"","background-repeat":"repeat","background-position":"center center","background-size":"auto","background-attachment":"scroll","background-type":"","background-media":"","overlay-type":"","overlay-color":"","overlay-opacity":"","overlay-gradient":""},"tablet":{"background-color":"","background-image":"","background-repeat":"repeat","background-position":"center center","background-size":"auto","background-attachment":"scroll","background-type":"","background-media":"","overlay-type":"","overlay-color":"","overlay-opacity":"","overlay-gradient":""},"mobile":{"background-color":"","background-image":"","background-repeat":"repeat","background-position":"center center","background-size":"auto","background-attachment":"scroll","background-type":"","background-media":"","overlay-type":"","overlay-color":"","overlay-opacity":"","overlay-gradient":""}},"ast-content-background-meta":{"desktop":{"background-color":"var(--ast-global-color-5)","background-image":"","background-repeat":"repeat","background-position":"center center","background-size":"auto","background-attachment":"scroll","background-type":"","background-media":"","overlay-type":"","overlay-color":"","overlay-opacity":"","overlay-gradient":""},"tablet":{"background-color":"var(--ast-global-color-5)","background-image":"","background-repeat":"repeat","background-position":"center center","background-size":"auto","background-attachment":"scroll","background-type":"","background-media":"","overlay-type":"","overlay-color":"","overlay-opacity":"","overlay-gradient":""},"mobile":{"background-color":"var(--ast-global-color-5)","background-image":"","background-repeat":"repeat","background-position":"center center","background-size":"auto","background-attachment":"scroll","background-type":"","background-media":"","overlay-type":"","overlay-color":"","overlay-opacity":"","overlay-gradient":""}},"footnotes":""},"categories":[223,11,1,5],"tags":[182],"class_list":["post-8756","post","type-post","status-publish","format-standard","has-post-thumbnail","hentry","category-1r-cicle","category-2n","category-general","category-primaria","tag-colonies"],"post_mailing_queue_ids":[],"_links":{"self":[{"href":"https:\/\/agora.xtec.cat\/ceipespriu-granollers\/wp-json\/wp\/v2\/posts\/8756","targetHints":{"allow":["GET"]}}],"collection":[{"href":"https:\/\/agora.xtec.cat\/ceipespriu-granollers\/wp-json\/wp\/v2\/posts"}],"about":[{"href":"https:\/\/agora.xtec.cat\/ceipespriu-granollers\/wp-json\/wp\/v2\/types\/post"}],"author":[{"embeddable":true,"href":"https:\/\/agora.xtec.cat\/ceipespriu-granollers\/wp-json\/wp\/v2\/users\/25"}],"replies":[{"embeddable":true,"href":"https:\/\/agora.xtec.cat\/ceipespriu-granollers\/wp-json\/wp\/v2\/comments?post=8756"}],"version-history":[{"count":4,"href":"https:\/\/agora.xtec.cat\/ceipespriu-granollers\/wp-json\/wp\/v2\/posts\/8756\/revisions"}],"predecessor-version":[{"id":8783,"href":"https:\/\/agora.xtec.cat\/ceipespriu-granollers\/wp-json\/wp\/v2\/posts\/8756\/revisions\/8783"}],"wp:featuredmedia":[{"embeddable":true,"href":"https:\/\/agora.xtec.cat\/ceipespriu-granollers\/wp-json\/wp\/v2\/media\/8758"}],"wp:attachment":[{"href":"https:\/\/agora.xtec.cat\/ceipespriu-granollers\/wp-json\/wp\/v2\/media?parent=8756"}],"wp:term":[{"taxonomy":"category","embeddable":true,"href":"https:\/\/agora.xtec.cat\/ceipespriu-granollers\/wp-json\/wp\/v2\/categories?post=8756"},{"taxonomy":"post_tag","embeddable":true,"href":"https:\/\/agora.xtec.cat\/ceipespriu-granollers\/wp-json\/wp\/v2\/tags?post=8756"}],"curies":[{"name":"wp","href":"https:\/\/api.w.org\/{rel}","templated":true}]}}