{"id":8613,"date":"2025-02-12T13:18:24","date_gmt":"2025-02-12T12:18:24","guid":{"rendered":"https:\/\/agora.xtec.cat\/ceipespriu-granollers\/?p=8613"},"modified":"2026-02-05T11:53:02","modified_gmt":"2026-02-05T10:53:02","slug":"preinscripcio-curs-2024-2025","status":"publish","type":"post","link":"https:\/\/agora.xtec.cat\/ceipespriu-granollers\/general\/preinscripcio-curs-2024-2025\/","title":{"rendered":"Preinscripci\u00f3 Curs 2024\/2025"},"content":{"rendered":"<p>&nbsp;<\/p>\n<p style=\"text-align: center;\">N\u00famero de desempat de les preinscripcions 2025-2026:<\/p>\n<p style=\"text-align: center;\"><span style=\"font-size: x-large;\"><strong>76261<\/strong><\/span><\/p>\n<p><img loading=\"lazy\" decoding=\"async\" class=\"aligncenter size-large wp-image-9417\" src=\"https:\/\/agora.xtec.cat\/ceipespriu-granollers\/wp-content\/uploads\/usu780\/2025\/02\/INFORME_ASSIGNADES_INFORME_ASSIGNADES-1_page-0001-791x1024.jpg\" alt=\"\" width=\"791\" height=\"1024\" \/><img loading=\"lazy\" decoding=\"async\" class=\"aligncenter size-large wp-image-9418\" src=\"https:\/\/agora.xtec.cat\/ceipespriu-granollers\/wp-content\/uploads\/usu780\/2025\/02\/INFORME_ASSIGNADES_INFORME_ASSIGNADES-1_page-0002-791x1024.jpg\" alt=\"\" width=\"791\" height=\"1024\" \/><\/p>\n<p><img loading=\"lazy\" decoding=\"async\" class=\"aligncenter size-large wp-image-9419\" src=\"https:\/\/agora.xtec.cat\/ceipespriu-granollers\/wp-content\/uploads\/usu780\/2025\/02\/INFORME_LLISTA_ESPERA_OME_LLISTA_ESPERA_page-0001-791x1024.jpg\" alt=\"\" width=\"791\" height=\"1024\" \/> <img loading=\"lazy\" decoding=\"async\" class=\"aligncenter size-large wp-image-9420\" src=\"https:\/\/agora.xtec.cat\/ceipespriu-granollers\/wp-content\/uploads\/usu780\/2025\/02\/INFORME_LLISTA_ESPERA_OME_LLISTA_ESPERA_page-0002-791x1024.jpg\" alt=\"\" width=\"791\" height=\"1024\" \/> <img loading=\"lazy\" decoding=\"async\" class=\"aligncenter size-large wp-image-9421\" src=\"https:\/\/agora.xtec.cat\/ceipespriu-granollers\/wp-content\/uploads\/usu780\/2025\/02\/INFORME_LLISTA_ESPERA_OME_LLISTA_ESPERA_page-0003-791x1024.jpg\" alt=\"\" width=\"791\" height=\"1024\" \/><\/p>\n<p>&nbsp;<\/p>\n<p>&nbsp;<\/p>\n<div style=\"position: relative; width: 100%; height: 0; padding-top: 75.0000%; padding-bottom: 0; box-shadow: 0 2px 8px 0 rgba(63,69,81,0.16); margin-top: 1.6em; margin-bottom: 0.9em; overflow: hidden; border-radius: 8px; will-change: transform;\"><iframe style=\"position: absolute; width: 100%; height: 100%; top: 0; left: 0; border: none; padding: 0; margin: 0;\" src=\"https:\/\/www.canva.com\/design\/DAF6_hG4rp4\/t9tOym5cmSqOPXJKWWsWNQ\/view?embed\" allowfullscreen=\"allowfullscreen\"><br \/>\n<\/iframe><\/div>\n<p>&nbsp;<\/p>\n<p>Teniu tota la informaci\u00f3 disponible a <a href=\"https:\/\/preinscripcio.gencat.cat\/ca\/inici\" target=\"_blank\" rel=\"noopener\">preinscripcio.gencat.cat<\/a><\/p>\n<p>&nbsp;<\/p>\n<p><strong>Calendari i Terminis<\/strong><\/p>\n<ul>\n<li style=\"font-weight: 400;\" aria-level=\"1\"><span style=\"font-weight: 400;\">Presentaci\u00f3 de sol\u00b7licituds: del 12 al 26 de mar\u00e7 de 2025 (a partir de les 9 hores).<\/span><\/li>\n<li style=\"font-weight: 400;\" aria-level=\"1\"><span style=\"font-weight: 400;\">Presentaci\u00f3 de documentaci\u00f3: fins al 28 de mar\u00e7 de 2025.<\/span><\/li>\n<li style=\"font-weight: 400;\" aria-level=\"1\"><span style=\"font-weight: 400;\">Llista de sol\u00b7licituds amb la puntuaci\u00f3 provisional: 24 d&#8217;abril de 2025.\u00a0<\/span><\/li>\n<li style=\"font-weight: 400;\" aria-level=\"1\"><span style=\"font-weight: 400;\">Presentaci\u00f3 de reclamacions: del 24 al 29 d&#8217;abril de 2025.\u00a0<\/span><\/li>\n<li style=\"font-weight: 400;\" aria-level=\"1\"><span style=\"font-weight: 400;\">Llista de sol\u00b7licituds amb la puntuaci\u00f3 un cop resoltes les reclamacions: 5 de maig de 2025.\u00a0<\/span><\/li>\n<li style=\"font-weight: 400;\" aria-level=\"1\"><span style=\"font-weight: 400;\">Sorteig per resoldre les sol\u00b7licituds de preinscripci\u00f3 empatades en punts: 8 de maig de 2025 a les 11 hores.\u00a0<\/span><\/li>\n<li style=\"font-weight: 400;\" aria-level=\"1\"><span style=\"font-weight: 400;\">Llista ordenada: 9 de maig de 2025.\u00a0<\/span><\/li>\n<li style=\"font-weight: 400;\" aria-level=\"1\"><span style=\"font-weight: 400;\">Ampliaci\u00f3 de peticions de preinscripci\u00f3 per a alumnes sense pla\u00e7a assignada a cap centre: del 4 al 6 de juny de 2025.\u00a0<\/span><\/li>\n<li style=\"font-weight: 400;\" aria-level=\"1\"><span style=\"font-weight: 400;\">Oferta final de places escolars: 16 de juny de 2025.\u00a0<\/span><\/li>\n<li style=\"font-weight: 400;\" aria-level=\"1\"><span style=\"font-weight: 400;\">Llista d&#8217;alumnes admesos i llista d&#8217;espera: 16 de juny de 2025.\u00a0<\/span><\/li>\n<li style=\"font-weight: 400;\" aria-level=\"1\"><span style=\"font-weight: 400;\">Matriculaci\u00f3: del 25 de juny al 3 de juliol de 2025.<\/span><\/li>\n<\/ul>\n<p>&nbsp;<\/p>\n<table style=\"border-collapse: collapse; width: 69.9783%; height: 416px;\">\n<tbody>\n<tr style=\"height: 32px;\">\n<td style=\"width: 89.2262%; height: 32px;\" colspan=\"2\"><strong>Barem<\/strong><\/td>\n<\/tr>\n<tr style=\"height: 32px;\">\n<td style=\"width: 76.9613%; height: 32px;\"><span class=\"OYPEnA font-feature-liga-off font-feature-clig-off font-feature-calt-off text-decoration-none text-strikethrough-none\">Exist\u00e8ncia de germans\/es matriculats\/des al centre<\/span><\/td>\n<td style=\"width: 12.2649%; height: 32px;\">50 punts<\/td>\n<\/tr>\n<tr style=\"height: 32px;\">\n<td style=\"width: 76.9613%; height: 32px;\"><span class=\"OYPEnA font-feature-liga-off font-feature-clig-off font-feature-calt-off text-decoration-none text-strikethrough-none\">Viure a Granollers<\/span><\/td>\n<td style=\"width: 12.2649%; height: 32px;\">30 punts<\/td>\n<\/tr>\n<tr style=\"height: 32px;\">\n<td style=\"width: 76.9613%; height: 32px;\"><span class=\"OYPEnA font-feature-liga-off font-feature-clig-off font-feature-calt-off text-decoration-none text-strikethrough-none\">No viure, per\u00f2 s\u00ed treballar a Granollers<\/span>\u00a0<span class=\"OYPEnA font-feature-liga-off font-feature-clig-off font-feature-calt-off text-decoration-none text-strikethrough-none\">(No s\u00f3n acumulables el viure i treballar a Granollers)<\/span><\/td>\n<td style=\"width: 12.2649%; height: 32px;\"><span class=\"OYPEnA font-feature-liga-off font-feature-clig-off font-feature-calt-off text-decoration-none text-strikethrough-none\">20 punts<\/span><\/td>\n<\/tr>\n<tr style=\"height: 32px;\">\n<td style=\"width: 76.9613%; height: 32px;\"><span class=\"OYPEnA font-feature-liga-off font-feature-clig-off font-feature-calt-off text-decoration-none text-strikethrough-none\">Percepci\u00f3 de la renda garantida de ciutadania<\/span><\/td>\n<td style=\"width: 12.2649%; height: 32px;\">15 punts<\/td>\n<\/tr>\n<tr style=\"height: 32px;\">\n<td style=\"width: 89.2262%; height: 32px;\" colspan=\"2\"><strong>Barem Complementari<\/strong><\/td>\n<\/tr>\n<tr style=\"height: 32px;\">\n<td style=\"width: 76.9613%; height: 32px;\"><span class=\"OYPEnA font-feature-liga-off font-feature-clig-off font-feature-calt-off text-decoration-none text-strikethrough-none\">Criteri de tutors que treballin al centre<\/span><\/td>\n<td style=\"width: 12.2649%; height: 32px;\">10 punts<\/td>\n<\/tr>\n<tr style=\"height: 32px;\">\n<td style=\"width: 76.9613%; height: 32px;\"><span class=\"OYPEnA font-feature-liga-off font-feature-clig-off font-feature-calt-off text-decoration-none text-strikethrough-none\">Condici\u00f3 legal de fam\u00edlia nombrosa<\/span><\/td>\n<td style=\"width: 12.2649%; height: 32px;\">10 punts<\/td>\n<\/tr>\n<tr style=\"height: 32px;\">\n<td style=\"width: 76.9613%; height: 32px;\"><span class=\"OYPEnA font-feature-liga-off font-feature-clig-off font-feature-calt-off text-decoration-none text-strikethrough-none\">Condici\u00f3 legal de fam\u00edlia monoparental<\/span><\/td>\n<td style=\"width: 12.2649%; height: 32px;\">10 punts<\/td>\n<\/tr>\n<tr style=\"height: 32px;\">\n<td style=\"width: 76.9613%; height: 32px;\"><span class=\"OYPEnA font-feature-liga-off font-feature-clig-off font-feature-calt-off text-decoration-none text-strikethrough-none\">Part m\u00faltiple<\/span><\/td>\n<td style=\"width: 12.2649%; height: 32px;\">10 punts<\/td>\n<\/tr>\n<tr style=\"height: 32px;\">\n<td style=\"width: 76.9613%; height: 32px;\"><span class=\"OYPEnA font-feature-liga-off font-feature-clig-off font-feature-calt-off text-decoration-none text-strikethrough-none\">Alumne\/a en situaci\u00f3 d\u2019acolliment familiar<\/span><\/td>\n<td style=\"width: 12.2649%; height: 32px;\">10 punts<\/td>\n<\/tr>\n<tr style=\"height: 32px;\">\n<td style=\"width: 76.9613%; height: 32px;\"><span class=\"OYPEnA font-feature-liga-off font-feature-clig-off font-feature-calt-off text-decoration-none text-strikethrough-none\">Discapacitat (33 %) alumne\/a, pare, mare o germans<\/span><\/td>\n<td style=\"width: 12.2649%; height: 32px;\">15 punts<\/td>\n<\/tr>\n<tr style=\"height: 32px;\">\n<td style=\"width: 76.9613%; height: 32px;\"><span class=\"OYPEnA font-feature-liga-off font-feature-clig-off font-feature-calt-off text-decoration-none text-strikethrough-none\">Condici\u00f3 de v\u00edctima de viol\u00e8ncia de g\u00e8nere o terrorisme<\/span><\/td>\n<td style=\"width: 12.2649%; height: 32px;\">10 punts<\/td>\n<\/tr>\n<\/tbody>\n<\/table>\n","protected":false},"excerpt":{"rendered":"<p>&nbsp; N\u00famero de desempat de les preinscripcions 2025-2026: 76261 &nbsp; &nbsp; &nbsp; Teniu tota la informaci\u00f3 disponible a preinscripcio.gencat.cat &nbsp; Calendari i Terminis Presentaci\u00f3 de sol\u00b7licituds: del 12 al 26 de mar\u00e7 de 2025 (a partir de les 9 hores). Presentaci\u00f3 de documentaci\u00f3: fins al 28 de mar\u00e7 de 2025. Llista de sol\u00b7licituds amb la [&hellip;]<\/p>\n","protected":false},"author":1,"featured_media":0,"comment_status":"closed","ping_status":"closed","sticky":false,"template":"","format":"standard","meta":{"_bbp_topic_count":0,"_bbp_reply_count":0,"_bbp_total_topic_count":0,"_bbp_total_reply_count":0,"_bbp_voice_count":0,"_bbp_anonymous_reply_count":0,"_bbp_topic_count_hidden":0,"_bbp_reply_count_hidden":0,"_bbp_forum_subforum_count":0,"site-sidebar-layout":"default","site-content-layout":"","ast-site-content-layout":"default","site-content-style":"default","site-sidebar-style":"default","ast-global-header-display":"","ast-banner-title-visibility":"","ast-main-header-display":"","ast-hfb-above-header-display":"","ast-hfb-below-header-display":"","ast-hfb-mobile-header-display":"","site-post-title":"","ast-breadcrumbs-content":"","ast-featured-img":"","footer-sml-layout":"","theme-transparent-header-meta":"default","adv-header-id-meta":"","stick-header-meta":"","header-above-stick-meta":"","header-main-stick-meta":"","header-below-stick-meta":"","astra-migrate-meta-layouts":"set","ast-page-background-enabled":"default","ast-page-background-meta":{"desktop":{"background-color":"var(--ast-global-color-4)","background-image":"","background-repeat":"repeat","background-position":"center center","background-size":"auto","background-attachment":"scroll","background-type":"","background-media":"","overlay-type":"","overlay-color":"","overlay-opacity":"","overlay-gradient":""},"tablet":{"background-color":"","background-image":"","background-repeat":"repeat","background-position":"center center","background-size":"auto","background-attachment":"scroll","background-type":"","background-media":"","overlay-type":"","overlay-color":"","overlay-opacity":"","overlay-gradient":""},"mobile":{"background-color":"","background-image":"","background-repeat":"repeat","background-position":"center center","background-size":"auto","background-attachment":"scroll","background-type":"","background-media":"","overlay-type":"","overlay-color":"","overlay-opacity":"","overlay-gradient":""}},"ast-content-background-meta":{"desktop":{"background-color":"var(--ast-global-color-5)","background-image":"","background-repeat":"repeat","background-position":"center center","background-size":"auto","background-attachment":"scroll","background-type":"","background-media":"","overlay-type":"","overlay-color":"","overlay-opacity":"","overlay-gradient":""},"tablet":{"background-color":"var(--ast-global-color-5)","background-image":"","background-repeat":"repeat","background-position":"center center","background-size":"auto","background-attachment":"scroll","background-type":"","background-media":"","overlay-type":"","overlay-color":"","overlay-opacity":"","overlay-gradient":""},"mobile":{"background-color":"var(--ast-global-color-5)","background-image":"","background-repeat":"repeat","background-position":"center center","background-size":"auto","background-attachment":"scroll","background-type":"","background-media":"","overlay-type":"","overlay-color":"","overlay-opacity":"","overlay-gradient":""}},"footnotes":""},"categories":[223,224,225,1,2,4,5],"tags":[138],"class_list":["post-8613","post","type-post","status-publish","format-standard","hentry","category-1r-cicle","category-2n-cicle","category-3r-cicle","category-general","category-infantil","category-portada","category-primaria","tag-curs-2024-2025"],"post_mailing_queue_ids":[],"_links":{"self":[{"href":"https:\/\/agora.xtec.cat\/ceipespriu-granollers\/wp-json\/wp\/v2\/posts\/8613","targetHints":{"allow":["GET"]}}],"collection":[{"href":"https:\/\/agora.xtec.cat\/ceipespriu-granollers\/wp-json\/wp\/v2\/posts"}],"about":[{"href":"https:\/\/agora.xtec.cat\/ceipespriu-granollers\/wp-json\/wp\/v2\/types\/post"}],"author":[{"embeddable":true,"href":"https:\/\/agora.xtec.cat\/ceipespriu-granollers\/wp-json\/wp\/v2\/users\/1"}],"replies":[{"embeddable":true,"href":"https:\/\/agora.xtec.cat\/ceipespriu-granollers\/wp-json\/wp\/v2\/comments?post=8613"}],"version-history":[{"count":6,"href":"https:\/\/agora.xtec.cat\/ceipespriu-granollers\/wp-json\/wp\/v2\/posts\/8613\/revisions"}],"predecessor-version":[{"id":9422,"href":"https:\/\/agora.xtec.cat\/ceipespriu-granollers\/wp-json\/wp\/v2\/posts\/8613\/revisions\/9422"}],"wp:attachment":[{"href":"https:\/\/agora.xtec.cat\/ceipespriu-granollers\/wp-json\/wp\/v2\/media?parent=8613"}],"wp:term":[{"taxonomy":"category","embeddable":true,"href":"https:\/\/agora.xtec.cat\/ceipespriu-granollers\/wp-json\/wp\/v2\/categories?post=8613"},{"taxonomy":"post_tag","embeddable":true,"href":"https:\/\/agora.xtec.cat\/ceipespriu-granollers\/wp-json\/wp\/v2\/tags?post=8613"}],"curies":[{"name":"wp","href":"https:\/\/api.w.org\/{rel}","templated":true}]}}