{"id":8583,"date":"2025-02-03T19:58:10","date_gmt":"2025-02-03T18:58:10","guid":{"rendered":"https:\/\/agora.xtec.cat\/ceipespriu-granollers\/?p=8583"},"modified":"2025-02-03T19:58:10","modified_gmt":"2025-02-03T18:58:10","slug":"welcome-to-oulu","status":"publish","type":"post","link":"https:\/\/agora.xtec.cat\/ceipespriu-granollers\/general\/welcome-to-oulu\/","title":{"rendered":"WELCOME TO OULU!"},"content":{"rendered":"<p><a href=\"https:\/\/agora.xtec.cat\/ceipespriu-granollers\/wp-content\/uploads\/usu780\/2025\/02\/foto1.jpeg\"><img loading=\"lazy\" decoding=\"async\" class=\"alignnone size-full wp-image-8584\" src=\"https:\/\/agora.xtec.cat\/ceipespriu-granollers\/wp-content\/uploads\/usu780\/2025\/02\/foto1.jpeg\" alt=\"\" width=\"688\" height=\"444\" srcset=\"https:\/\/agora.xtec.cat\/ceipespriu-granollers\/wp-content\/uploads\/usu780\/2025\/02\/foto1.jpeg 688w, https:\/\/agora.xtec.cat\/ceipespriu-granollers\/wp-content\/uploads\/usu780\/2025\/02\/foto1-300x194.jpeg 300w\" sizes=\"auto, (max-width: 688px) 100vw, 688px\" \/><\/a><br \/>\n<b>Experi\u00e8ncia en Formaci\u00f3 STEAM a Oulu: Un Nou Horitz\u00f3 Educatiu<\/b><br \/>\nLa mobilitat ALASVO ha iniciat una nova etapa de formaci\u00f3 STEAM a la ciutat d\u2019Oulu,<br \/>\nFinl\u00e0ndia, designada futura Ciutat Cultura de l\u2019any 2026. El dissabte 1 de febrer, els i les<br \/>\nnostres mestres i professionals de diversos pa\u00efsos van arribar a aquesta ciutat tecnol\u00f2gica,<br \/>\nreconeguda per la seva aposta per la innovaci\u00f3 i la qualitat educativa.<\/p>\n<p><a href=\"https:\/\/agora.xtec.cat\/ceipespriu-granollers\/wp-content\/uploads\/usu780\/2025\/02\/foto2.jpeg\"><img loading=\"lazy\" decoding=\"async\" class=\"alignnone size-large wp-image-8585\" src=\"https:\/\/agora.xtec.cat\/ceipespriu-granollers\/wp-content\/uploads\/usu780\/2025\/02\/foto2-1024x768.jpeg\" alt=\"\" width=\"1024\" height=\"768\" srcset=\"https:\/\/agora.xtec.cat\/ceipespriu-granollers\/wp-content\/uploads\/usu780\/2025\/02\/foto2-1024x768.jpeg 1024w, https:\/\/agora.xtec.cat\/ceipespriu-granollers\/wp-content\/uploads\/usu780\/2025\/02\/foto2-300x225.jpeg 300w, https:\/\/agora.xtec.cat\/ceipespriu-granollers\/wp-content\/uploads\/usu780\/2025\/02\/foto2-768x576.jpeg 768w, https:\/\/agora.xtec.cat\/ceipespriu-granollers\/wp-content\/uploads\/usu780\/2025\/02\/foto2-1536x1152.jpeg 1536w, https:\/\/agora.xtec.cat\/ceipespriu-granollers\/wp-content\/uploads\/usu780\/2025\/02\/foto2-200x150.jpeg 200w, https:\/\/agora.xtec.cat\/ceipespriu-granollers\/wp-content\/uploads\/usu780\/2025\/02\/foto2.jpeg 2000w\" sizes=\"auto, (max-width: 1024px) 100vw, 1024px\" \/><\/a><br \/>\n<b>Inici Inspirador: Compartint Experi\u00e8nciesf i Idees<\/b><br \/>\nEl primer dia de la formaci\u00f3 va tenir lloc el diumenge, amb una sessi\u00f3 d\u2019introducci\u00f3 on els<br \/>\nparticipants van compartir les seves idees pr\u00e8vies i experi\u00e8ncies relacionades amb el<br \/>\nprojecte STEAM. Aquest enfocament, que integra la Ci\u00e8ncia, la Tecnologia, l\u2019Enginyeria, les<br \/>\nArts i les Matem\u00e0tiques, va servir de fil conductor per a les activitats inicials del curs.<br \/>\nMitjan\u00e7ant exercicis de creaci\u00f3 individual, activitats de relaci\u00f3 amb el contingut del curs i una<br \/>\ndin\u00e0mica cooperativa que va posar a prova el nostre enginy i capacitat per treballar en<br \/>\nequip, vam donar el primer pas cap el m\u00f3n STEAM.<\/p>\n<p><a href=\"https:\/\/agora.xtec.cat\/ceipespriu-granollers\/wp-content\/uploads\/usu780\/2025\/02\/foto5.jpeg\"><img loading=\"lazy\" decoding=\"async\" class=\"size-large wp-image-8587\" src=\"https:\/\/agora.xtec.cat\/ceipespriu-granollers\/wp-content\/uploads\/usu780\/2025\/02\/foto5-894x1024.jpeg\" alt=\"\" width=\"894\" height=\"1024\" srcset=\"https:\/\/agora.xtec.cat\/ceipespriu-granollers\/wp-content\/uploads\/usu780\/2025\/02\/foto5-894x1024.jpeg 894w, https:\/\/agora.xtec.cat\/ceipespriu-granollers\/wp-content\/uploads\/usu780\/2025\/02\/foto5-262x300.jpeg 262w, https:\/\/agora.xtec.cat\/ceipespriu-granollers\/wp-content\/uploads\/usu780\/2025\/02\/foto5-768x880.jpeg 768w, https:\/\/agora.xtec.cat\/ceipespriu-granollers\/wp-content\/uploads\/usu780\/2025\/02\/foto5.jpeg 1000w\" sizes=\"auto, (max-width: 894px) 100vw, 894px\" \/><\/a><\/p>\n<p><b>Explorant el Curr\u00edculum i el Sistema Educatiu Finland\u00e8s<\/b><br \/>\nEl dilluns seg\u00fcent, la formaci\u00f3 va avan\u00e7ar amb una sessi\u00f3 dedicada a l\u2019exploraci\u00f3 del<br \/>\ncurr\u00edculum i del sistema educatiu finland\u00e8s, reconegut internacionalment per la seva<br \/>\ninnovaci\u00f3 pedag\u00f2gica. Aquesta introducci\u00f3 ens ha perm\u00e8s aprofundir en com aquest model<br \/>\nfomenta un aprenentatge significatiu i interdisciplinari, integrant les diverses \u00e0rees de<br \/>\nconeixement que conformen el concepte STEAM. A m\u00e9s, el debat i la reflexi\u00f3 sobre com els<br \/>\ncentres educatius incorporen aquesta metodologia ens han ofert valuoses perspectives<br \/>\nsobre els reptes i les oportunitats que s\u2019enfronten avui dia en l\u2019educaci\u00f3 arreu d\u2019Europa.<\/p>\n<p><b>Cap a una Nova Visi\u00f3 Educativa<\/b><br \/>\nEls dos primers dies de la mobilitat ALASVO han estat una mostra del potencial<br \/>\ntransformador de la col\u00b7laboraci\u00f3 internacional i de la innovaci\u00f3 educativa. Oulu ens est\u00e0<br \/>\noferint un entorn ideal per explorar i intercanviar metodologies, enriquint la nostra pr\u00e0ctica<br \/>\ndocent i obrint camins cap a una educaci\u00f3 m\u00e9s integrada i creativa.<br \/>\nEsperem que la resta del curs continu\u00ef aportant coneixements i noves idees que consolidin<br \/>\nel paper de STEAM.<\/p>\n<p><a href=\"https:\/\/agora.xtec.cat\/ceipespriu-granollers\/wp-content\/uploads\/usu780\/2025\/02\/foto4.jpeg\"><img loading=\"lazy\" decoding=\"async\" class=\"alignnone size-large wp-image-8586\" src=\"https:\/\/agora.xtec.cat\/ceipespriu-granollers\/wp-content\/uploads\/usu780\/2025\/02\/foto4-1024x768.jpeg\" alt=\"\" width=\"1024\" height=\"768\" srcset=\"https:\/\/agora.xtec.cat\/ceipespriu-granollers\/wp-content\/uploads\/usu780\/2025\/02\/foto4-1024x768.jpeg 1024w, https:\/\/agora.xtec.cat\/ceipespriu-granollers\/wp-content\/uploads\/usu780\/2025\/02\/foto4-300x225.jpeg 300w, https:\/\/agora.xtec.cat\/ceipespriu-granollers\/wp-content\/uploads\/usu780\/2025\/02\/foto4-768x576.jpeg 768w, https:\/\/agora.xtec.cat\/ceipespriu-granollers\/wp-content\/uploads\/usu780\/2025\/02\/foto4-1536x1152.jpeg 1536w, https:\/\/agora.xtec.cat\/ceipespriu-granollers\/wp-content\/uploads\/usu780\/2025\/02\/foto4-200x150.jpeg 200w, https:\/\/agora.xtec.cat\/ceipespriu-granollers\/wp-content\/uploads\/usu780\/2025\/02\/foto4.jpeg 1600w\" sizes=\"auto, (max-width: 1024px) 100vw, 1024px\" \/><\/a><\/p>\n<p>____________________________________________________<br \/>\n<b>STEAM Training Experience in Oulu: A New Educational Horizon<\/b><\/p>\n<p>The ALASVO mobility program has launched a new phase of STEAM training in the vibrant<br \/>\ncity of Oulu, Finland, designated as the future City of Culture for 2026. On Saturday,<br \/>\nFebruary 1st, our teachers and professionals from various countries arrived in this<br \/>\ntechnological city, renowned for its commitment to innovation and high-quality education.<\/p>\n<p><b>An Inspiring Start: Sharing Experiences and Ideas<\/b><br \/>\nThe first day of training took place on Sunday, featuring an introductory session in the<br \/>\nmeeting room where participants shared their prior ideas and experiences related to the<br \/>\nSTEAM project. This approach, which integrates Science, Technology, Engineering, Arts,<br \/>\nand Mathematics, served as the guiding thread for the course activities. Through individual<br \/>\ncreative exercises, course-related activities, and a cooperative dynamic that challenged our<br \/>\ningenuity and teamwork skills, we took the first step toward a complete immersion in the<br \/>\nworld of STEAM.<\/p>\n<p><b>Exploring the Curriculum and the Finnish Education System<\/b><br \/>\nOn the following Monday, the training continued with a session dedicated to exploring the<br \/>\ncurriculum and the Finnish education system, internationally recognized for its pedagogical<br \/>\ninnovation. This introduction allowed us to delve into how this model fosters holistic and<br \/>\ninterdisciplinary learning by successfully integrating the diverse fields of knowledge that<br \/>\ncomprise the STEAM concept. Moreover, the ensuing debates and reflections on how<br \/>\neducational institutions implement this methodology provided us with valuable insights into<br \/>\nthe challenges and opportunities faced in education today.<br \/>\n<b>Towards a New Educational Era<\/b><br \/>\nThe first two days of the ALASVO mobility have been a demonstration of the transformative<br \/>\npotential of international collaboration and educational innovation. Oulu is offering us an<br \/>\nideal environment to explore and exchange methodologies, enriching our teaching practice<br \/>\nand opening paths toward a more integrated and creative education. We hope that the rest<br \/>\nof the course continues to provide knowledge and new ideas that consolidate the role of<br \/>\nSTEAM.<\/p>\n","protected":false},"excerpt":{"rendered":"<p>Experi\u00e8ncia en Formaci\u00f3 STEAM a Oulu: Un Nou Horitz\u00f3 Educatiu La mobilitat ALASVO ha iniciat una nova etapa de formaci\u00f3 STEAM a la ciutat d\u2019Oulu, Finl\u00e0ndia, designada futura Ciutat Cultura de l\u2019any 2026. El dissabte 1 de febrer, els i les nostres mestres i professionals de diversos pa\u00efsos van arribar a aquesta ciutat tecnol\u00f2gica, reconeguda [&hellip;]<\/p>\n","protected":false},"author":25,"featured_media":8584,"comment_status":"closed","ping_status":"closed","sticky":false,"template":"","format":"standard","meta":{"_bbp_topic_count":0,"_bbp_reply_count":0,"_bbp_total_topic_count":0,"_bbp_total_reply_count":0,"_bbp_voice_count":0,"_bbp_anonymous_reply_count":0,"_bbp_topic_count_hidden":0,"_bbp_reply_count_hidden":0,"_bbp_forum_subforum_count":0,"site-sidebar-layout":"default","site-content-layout":"","ast-site-content-layout":"","site-content-style":"default","site-sidebar-style":"default","ast-global-header-display":"","ast-banner-title-visibility":"","ast-main-header-display":"","ast-hfb-above-header-display":"","ast-hfb-below-header-display":"","ast-hfb-mobile-header-display":"","site-post-title":"","ast-breadcrumbs-content":"","ast-featured-img":"","footer-sml-layout":"","theme-transparent-header-meta":"","adv-header-id-meta":"","stick-header-meta":"","header-above-stick-meta":"","header-main-stick-meta":"","header-below-stick-meta":"","astra-migrate-meta-layouts":"default","ast-page-background-enabled":"default","ast-page-background-meta":{"desktop":{"background-color":"var(--ast-global-color-4)","background-image":"","background-repeat":"repeat","background-position":"center center","background-size":"auto","background-attachment":"scroll","background-type":"","background-media":"","overlay-type":"","overlay-color":"","overlay-opacity":"","overlay-gradient":""},"tablet":{"background-color":"","background-image":"","background-repeat":"repeat","background-position":"center center","background-size":"auto","background-attachment":"scroll","background-type":"","background-media":"","overlay-type":"","overlay-color":"","overlay-opacity":"","overlay-gradient":""},"mobile":{"background-color":"","background-image":"","background-repeat":"repeat","background-position":"center center","background-size":"auto","background-attachment":"scroll","background-type":"","background-media":"","overlay-type":"","overlay-color":"","overlay-opacity":"","overlay-gradient":""}},"ast-content-background-meta":{"desktop":{"background-color":"var(--ast-global-color-5)","background-image":"","background-repeat":"repeat","background-position":"center center","background-size":"auto","background-attachment":"scroll","background-type":"","background-media":"","overlay-type":"","overlay-color":"","overlay-opacity":"","overlay-gradient":""},"tablet":{"background-color":"var(--ast-global-color-5)","background-image":"","background-repeat":"repeat","background-position":"center center","background-size":"auto","background-attachment":"scroll","background-type":"","background-media":"","overlay-type":"","overlay-color":"","overlay-opacity":"","overlay-gradient":""},"mobile":{"background-color":"var(--ast-global-color-5)","background-image":"","background-repeat":"repeat","background-position":"center center","background-size":"auto","background-attachment":"scroll","background-type":"","background-media":"","overlay-type":"","overlay-color":"","overlay-opacity":"","overlay-gradient":""}},"footnotes":""},"categories":[141,1,4],"tags":[180,142,181],"class_list":["post-8583","post","type-post","status-publish","format-standard","has-post-thumbnail","hentry","category-erasmus","category-general","category-portada","tag-alasvo","tag-erasmus","tag-steam"],"post_mailing_queue_ids":[],"_links":{"self":[{"href":"https:\/\/agora.xtec.cat\/ceipespriu-granollers\/wp-json\/wp\/v2\/posts\/8583","targetHints":{"allow":["GET"]}}],"collection":[{"href":"https:\/\/agora.xtec.cat\/ceipespriu-granollers\/wp-json\/wp\/v2\/posts"}],"about":[{"href":"https:\/\/agora.xtec.cat\/ceipespriu-granollers\/wp-json\/wp\/v2\/types\/post"}],"author":[{"embeddable":true,"href":"https:\/\/agora.xtec.cat\/ceipespriu-granollers\/wp-json\/wp\/v2\/users\/25"}],"replies":[{"embeddable":true,"href":"https:\/\/agora.xtec.cat\/ceipespriu-granollers\/wp-json\/wp\/v2\/comments?post=8583"}],"version-history":[{"count":2,"href":"https:\/\/agora.xtec.cat\/ceipespriu-granollers\/wp-json\/wp\/v2\/posts\/8583\/revisions"}],"predecessor-version":[{"id":8589,"href":"https:\/\/agora.xtec.cat\/ceipespriu-granollers\/wp-json\/wp\/v2\/posts\/8583\/revisions\/8589"}],"wp:featuredmedia":[{"embeddable":true,"href":"https:\/\/agora.xtec.cat\/ceipespriu-granollers\/wp-json\/wp\/v2\/media\/8584"}],"wp:attachment":[{"href":"https:\/\/agora.xtec.cat\/ceipespriu-granollers\/wp-json\/wp\/v2\/media?parent=8583"}],"wp:term":[{"taxonomy":"category","embeddable":true,"href":"https:\/\/agora.xtec.cat\/ceipespriu-granollers\/wp-json\/wp\/v2\/categories?post=8583"},{"taxonomy":"post_tag","embeddable":true,"href":"https:\/\/agora.xtec.cat\/ceipespriu-granollers\/wp-json\/wp\/v2\/tags?post=8583"}],"curies":[{"name":"wp","href":"https:\/\/api.w.org\/{rel}","templated":true}]}}