{"id":8514,"date":"2025-01-31T14:21:10","date_gmt":"2025-01-31T13:21:10","guid":{"rendered":"https:\/\/agora.xtec.cat\/ceipespriu-granollers\/?p=8514"},"modified":"2026-02-05T11:57:22","modified_gmt":"2026-02-05T10:57:22","slug":"colonies-de-4t","status":"publish","type":"post","link":"https:\/\/agora.xtec.cat\/ceipespriu-granollers\/general\/colonies-de-4t\/","title":{"rendered":"Col\u00f2nies de 4t"},"content":{"rendered":"<p>La setmana passada els grups de 4t vam anar de col\u00f2nies a la neu! Vam fer activitats a l&#8217;estaci\u00f3 d&#8217;esqu\u00ed de Tuixent &#8211; la Vansa i ens vam allotjar a l&#8217;alberg Can Cortina, situat al poble de Tuixent.<\/p>\n<p>Vam fer diverses activitats: raquetes de neu, esqu\u00ed de fons, caminades pel poble, activitats de nit&#8230; I ens ho vam passar d&#8217;all\u00f2 m\u00e9s b\u00e9 compartint-les totes amb els nostres companys i companyes.<\/p>\n<p>Us deixem algunes imatges d&#8217;aquells dies.<\/p>\n<p><a href=\"https:\/\/drive.google.com\/drive\/folders\/1U0wqs_mjAyHyqodDt74oF2GihsuhMrS5?usp=sharing\"><img loading=\"lazy\" decoding=\"async\" class=\"alignnone size-large wp-image-8539\" src=\"https:\/\/agora.xtec.cat\/ceipespriu-granollers\/wp-content\/uploads\/usu780\/2025\/01\/IMG-20250126-WA0052-1024x768.jpg\" alt=\"\" width=\"1024\" height=\"768\" srcset=\"https:\/\/agora.xtec.cat\/ceipespriu-granollers\/wp-content\/uploads\/usu780\/2025\/01\/IMG-20250126-WA0052-1024x768.jpg 1024w, https:\/\/agora.xtec.cat\/ceipespriu-granollers\/wp-content\/uploads\/usu780\/2025\/01\/IMG-20250126-WA0052-300x225.jpg 300w, https:\/\/agora.xtec.cat\/ceipespriu-granollers\/wp-content\/uploads\/usu780\/2025\/01\/IMG-20250126-WA0052-768x576.jpg 768w, https:\/\/agora.xtec.cat\/ceipespriu-granollers\/wp-content\/uploads\/usu780\/2025\/01\/IMG-20250126-WA0052-1536x1152.jpg 1536w, https:\/\/agora.xtec.cat\/ceipespriu-granollers\/wp-content\/uploads\/usu780\/2025\/01\/IMG-20250126-WA0052-200x150.jpg 200w, https:\/\/agora.xtec.cat\/ceipespriu-granollers\/wp-content\/uploads\/usu780\/2025\/01\/IMG-20250126-WA0052.jpg 1600w\" sizes=\"auto, (max-width: 1024px) 100vw, 1024px\" \/><\/a><\/p>\n<p>&nbsp;<\/p>\n","protected":false},"excerpt":{"rendered":"<p>La setmana passada els grups de 4t vam anar de col\u00f2nies a la neu! Vam fer activitats a l&#8217;estaci\u00f3 d&#8217;esqu\u00ed de Tuixent &#8211; la Vansa i ens vam allotjar a l&#8217;alberg Can Cortina, situat al poble de Tuixent. Vam fer diverses activitats: raquetes de neu, esqu\u00ed de fons, caminades pel poble, activitats de nit&#8230; I [&hellip;]<\/p>\n","protected":false},"author":18,"featured_media":8539,"comment_status":"closed","ping_status":"closed","sticky":false,"template":"","format":"standard","meta":{"_bbp_topic_count":0,"_bbp_reply_count":0,"_bbp_total_topic_count":0,"_bbp_total_reply_count":0,"_bbp_voice_count":0,"_bbp_anonymous_reply_count":0,"_bbp_topic_count_hidden":0,"_bbp_reply_count_hidden":0,"_bbp_forum_subforum_count":0,"site-sidebar-layout":"default","site-content-layout":"","ast-site-content-layout":"default","site-content-style":"default","site-sidebar-style":"default","ast-global-header-display":"","ast-banner-title-visibility":"","ast-main-header-display":"","ast-hfb-above-header-display":"","ast-hfb-below-header-display":"","ast-hfb-mobile-header-display":"","site-post-title":"","ast-breadcrumbs-content":"","ast-featured-img":"","footer-sml-layout":"","theme-transparent-header-meta":"default","adv-header-id-meta":"","stick-header-meta":"","header-above-stick-meta":"","header-main-stick-meta":"","header-below-stick-meta":"","astra-migrate-meta-layouts":"set","ast-page-background-enabled":"default","ast-page-background-meta":{"desktop":{"background-color":"var(--ast-global-color-4)","background-image":"","background-repeat":"repeat","background-position":"center center","background-size":"auto","background-attachment":"scroll","background-type":"","background-media":"","overlay-type":"","overlay-color":"","overlay-opacity":"","overlay-gradient":""},"tablet":{"background-color":"","background-image":"","background-repeat":"repeat","background-position":"center center","background-size":"auto","background-attachment":"scroll","background-type":"","background-media":"","overlay-type":"","overlay-color":"","overlay-opacity":"","overlay-gradient":""},"mobile":{"background-color":"","background-image":"","background-repeat":"repeat","background-position":"center center","background-size":"auto","background-attachment":"scroll","background-type":"","background-media":"","overlay-type":"","overlay-color":"","overlay-opacity":"","overlay-gradient":""}},"ast-content-background-meta":{"desktop":{"background-color":"var(--ast-global-color-5)","background-image":"","background-repeat":"repeat","background-position":"center center","background-size":"auto","background-attachment":"scroll","background-type":"","background-media":"","overlay-type":"","overlay-color":"","overlay-opacity":"","overlay-gradient":""},"tablet":{"background-color":"var(--ast-global-color-5)","background-image":"","background-repeat":"repeat","background-position":"center center","background-size":"auto","background-attachment":"scroll","background-type":"","background-media":"","overlay-type":"","overlay-color":"","overlay-opacity":"","overlay-gradient":""},"mobile":{"background-color":"var(--ast-global-color-5)","background-image":"","background-repeat":"repeat","background-position":"center center","background-size":"auto","background-attachment":"scroll","background-type":"","background-media":"","overlay-type":"","overlay-color":"","overlay-opacity":"","overlay-gradient":""}},"footnotes":""},"categories":[224,13,1,5],"tags":[],"class_list":["post-8514","post","type-post","status-publish","format-standard","has-post-thumbnail","hentry","category-2n-cicle","category-4t","category-general","category-primaria"],"post_mailing_queue_ids":[],"_links":{"self":[{"href":"https:\/\/agora.xtec.cat\/ceipespriu-granollers\/wp-json\/wp\/v2\/posts\/8514","targetHints":{"allow":["GET"]}}],"collection":[{"href":"https:\/\/agora.xtec.cat\/ceipespriu-granollers\/wp-json\/wp\/v2\/posts"}],"about":[{"href":"https:\/\/agora.xtec.cat\/ceipespriu-granollers\/wp-json\/wp\/v2\/types\/post"}],"author":[{"embeddable":true,"href":"https:\/\/agora.xtec.cat\/ceipespriu-granollers\/wp-json\/wp\/v2\/users\/18"}],"replies":[{"embeddable":true,"href":"https:\/\/agora.xtec.cat\/ceipespriu-granollers\/wp-json\/wp\/v2\/comments?post=8514"}],"version-history":[{"count":4,"href":"https:\/\/agora.xtec.cat\/ceipespriu-granollers\/wp-json\/wp\/v2\/posts\/8514\/revisions"}],"predecessor-version":[{"id":8547,"href":"https:\/\/agora.xtec.cat\/ceipespriu-granollers\/wp-json\/wp\/v2\/posts\/8514\/revisions\/8547"}],"wp:featuredmedia":[{"embeddable":true,"href":"https:\/\/agora.xtec.cat\/ceipespriu-granollers\/wp-json\/wp\/v2\/media\/8539"}],"wp:attachment":[{"href":"https:\/\/agora.xtec.cat\/ceipespriu-granollers\/wp-json\/wp\/v2\/media?parent=8514"}],"wp:term":[{"taxonomy":"category","embeddable":true,"href":"https:\/\/agora.xtec.cat\/ceipespriu-granollers\/wp-json\/wp\/v2\/categories?post=8514"},{"taxonomy":"post_tag","embeddable":true,"href":"https:\/\/agora.xtec.cat\/ceipespriu-granollers\/wp-json\/wp\/v2\/tags?post=8514"}],"curies":[{"name":"wp","href":"https:\/\/api.w.org\/{rel}","templated":true}]}}