{"id":8384,"date":"2024-12-19T12:03:24","date_gmt":"2024-12-19T11:03:24","guid":{"rendered":"https:\/\/agora.xtec.cat\/ceipespriu-granollers\/?p=8384"},"modified":"2026-02-05T11:59:41","modified_gmt":"2026-02-05T10:59:41","slug":"cantada-de-nadales-2024-2025","status":"publish","type":"post","link":"https:\/\/agora.xtec.cat\/ceipespriu-granollers\/general\/cantada-de-nadales-2024-2025\/","title":{"rendered":"Cantada de Nadales &#8211; 2024\/2025"},"content":{"rendered":"<p data-pm-slice=\"1 1 []\">Aquest dimecres, l\u2019escola ha viscut un dels moments m\u00e9s esperats de l\u2019any: la Cantada de Nadales. Un acte ple d\u2019emoci\u00f3 i m\u00fasica, on els protagonistes principals ha estat el nostre alumnat. L\u2019esdeveniment, obert a les fam\u00edlies, ha estat un \u00e8xit rotund gr\u00e0cies a la col\u00b7laboraci\u00f3 de tothom.<\/p>\n<p>Les diferents actuacions han posat de manifest el talent i l\u2019esfor\u00e7 dels nens i nenes de tots els cursos. Des de les can\u00e7ons tradicionals fins a les m\u00e9s modernes, els petits artistes han omplert l\u2019escenari de somriures i m\u00fasica. Cada actuaci\u00f3 ha estat una mostra d\u2019il\u00b7lusi\u00f3 i treball en equip, resultat d\u2019hores de preparaci\u00f3.<\/p>\n<p>Tamb\u00e9 volem destacar la m\u00e0gia especial que ha envoltat l\u2019escenari gr\u00e0cies a la fant\u00e0stica decoraci\u00f3. Un agra\u00efment molt especial a les mares volunt\u00e0ries que han dedicat temps i esfor\u00e7 a crear un ambient nadalenc espectacular.<\/p>\n<p>Des de l\u2019escola, volem agrair tamb\u00e9 a totes les fam\u00edlies per la seva pres\u00e8ncia i suport constant. Veure l\u2019auditori ple d\u2019aplaudiments i cares somrients \u00e9s el millor regal que pod\u00edem rebre.<\/p>\n<p style=\"text-align: left;\">Desitgem que aquestes festes estiguin plenes d\u2019alegria, m\u00fasica i moments especials. Bones festes a tothom!<\/p>\n<p>&nbsp;<\/p>\n<p style=\"text-align: center;\"><iframe loading=\"lazy\" src=\"\/\/www.youtube.com\/embed\/CkJdh2AgDx8\" width=\"700\" height=\"393\" allowfullscreen=\"allowfullscreen\"><\/iframe><\/p>\n<p>&nbsp;<\/p>\n<p style=\"text-align: center;\"><a href=\"https:\/\/drive.google.com\/drive\/folders\/1Vd32_YRVEKfr4-45L32siAmJM0hwpBGw?usp=sharing\"><img loading=\"lazy\" decoding=\"async\" class=\"aligncenter wp-image-8390\" src=\"https:\/\/agora.xtec.cat\/ceipespriu-granollers\/wp-content\/uploads\/usu780\/2024\/12\/Cantada-de-nadales-Curs-2024-2025-300x169.jpg\" alt=\"\" width=\"799\" height=\"449\" \/><\/a><\/p>\n","protected":false},"excerpt":{"rendered":"<p>Aquest dimecres, l\u2019escola ha viscut un dels moments m\u00e9s esperats de l\u2019any: la Cantada de Nadales. Un acte ple d\u2019emoci\u00f3 i m\u00fasica, on els protagonistes principals ha estat el nostre alumnat. L\u2019esdeveniment, obert a les fam\u00edlies, ha estat un \u00e8xit rotund gr\u00e0cies a la col\u00b7laboraci\u00f3 de tothom. Les diferents actuacions han posat de manifest el [&hellip;]<\/p>\n","protected":false},"author":1,"featured_media":0,"comment_status":"closed","ping_status":"closed","sticky":false,"template":"","format":"standard","meta":{"_bbp_topic_count":0,"_bbp_reply_count":0,"_bbp_total_topic_count":0,"_bbp_total_reply_count":0,"_bbp_voice_count":0,"_bbp_anonymous_reply_count":0,"_bbp_topic_count_hidden":0,"_bbp_reply_count_hidden":0,"_bbp_forum_subforum_count":0,"site-sidebar-layout":"default","site-content-layout":"","ast-site-content-layout":"default","site-content-style":"default","site-sidebar-style":"default","ast-global-header-display":"","ast-banner-title-visibility":"","ast-main-header-display":"","ast-hfb-above-header-display":"","ast-hfb-below-header-display":"","ast-hfb-mobile-header-display":"","site-post-title":"","ast-breadcrumbs-content":"","ast-featured-img":"","footer-sml-layout":"","theme-transparent-header-meta":"default","adv-header-id-meta":"","stick-header-meta":"","header-above-stick-meta":"","header-main-stick-meta":"","header-below-stick-meta":"","astra-migrate-meta-layouts":"set","ast-page-background-enabled":"default","ast-page-background-meta":{"desktop":{"background-color":"var(--ast-global-color-4)","background-image":"","background-repeat":"repeat","background-position":"center center","background-size":"auto","background-attachment":"scroll","background-type":"","background-media":"","overlay-type":"","overlay-color":"","overlay-opacity":"","overlay-gradient":""},"tablet":{"background-color":"","background-image":"","background-repeat":"repeat","background-position":"center center","background-size":"auto","background-attachment":"scroll","background-type":"","background-media":"","overlay-type":"","overlay-color":"","overlay-opacity":"","overlay-gradient":""},"mobile":{"background-color":"","background-image":"","background-repeat":"repeat","background-position":"center center","background-size":"auto","background-attachment":"scroll","background-type":"","background-media":"","overlay-type":"","overlay-color":"","overlay-opacity":"","overlay-gradient":""}},"ast-content-background-meta":{"desktop":{"background-color":"var(--ast-global-color-5)","background-image":"","background-repeat":"repeat","background-position":"center center","background-size":"auto","background-attachment":"scroll","background-type":"","background-media":"","overlay-type":"","overlay-color":"","overlay-opacity":"","overlay-gradient":""},"tablet":{"background-color":"var(--ast-global-color-5)","background-image":"","background-repeat":"repeat","background-position":"center center","background-size":"auto","background-attachment":"scroll","background-type":"","background-media":"","overlay-type":"","overlay-color":"","overlay-opacity":"","overlay-gradient":""},"mobile":{"background-color":"var(--ast-global-color-5)","background-image":"","background-repeat":"repeat","background-position":"center center","background-size":"auto","background-attachment":"scroll","background-type":"","background-media":"","overlay-type":"","overlay-color":"","overlay-opacity":"","overlay-gradient":""}},"footnotes":""},"categories":[223,224,225,1,2,4,5],"tags":[138],"class_list":["post-8384","post","type-post","status-publish","format-standard","hentry","category-1r-cicle","category-2n-cicle","category-3r-cicle","category-general","category-infantil","category-portada","category-primaria","tag-curs-2024-2025"],"post_mailing_queue_ids":[],"_links":{"self":[{"href":"https:\/\/agora.xtec.cat\/ceipespriu-granollers\/wp-json\/wp\/v2\/posts\/8384","targetHints":{"allow":["GET"]}}],"collection":[{"href":"https:\/\/agora.xtec.cat\/ceipespriu-granollers\/wp-json\/wp\/v2\/posts"}],"about":[{"href":"https:\/\/agora.xtec.cat\/ceipespriu-granollers\/wp-json\/wp\/v2\/types\/post"}],"author":[{"embeddable":true,"href":"https:\/\/agora.xtec.cat\/ceipespriu-granollers\/wp-json\/wp\/v2\/users\/1"}],"replies":[{"embeddable":true,"href":"https:\/\/agora.xtec.cat\/ceipespriu-granollers\/wp-json\/wp\/v2\/comments?post=8384"}],"version-history":[{"count":4,"href":"https:\/\/agora.xtec.cat\/ceipespriu-granollers\/wp-json\/wp\/v2\/posts\/8384\/revisions"}],"predecessor-version":[{"id":8391,"href":"https:\/\/agora.xtec.cat\/ceipespriu-granollers\/wp-json\/wp\/v2\/posts\/8384\/revisions\/8391"}],"wp:attachment":[{"href":"https:\/\/agora.xtec.cat\/ceipespriu-granollers\/wp-json\/wp\/v2\/media?parent=8384"}],"wp:term":[{"taxonomy":"category","embeddable":true,"href":"https:\/\/agora.xtec.cat\/ceipespriu-granollers\/wp-json\/wp\/v2\/categories?post=8384"},{"taxonomy":"post_tag","embeddable":true,"href":"https:\/\/agora.xtec.cat\/ceipespriu-granollers\/wp-json\/wp\/v2\/tags?post=8384"}],"curies":[{"name":"wp","href":"https:\/\/api.w.org\/{rel}","templated":true}]}}