{"id":7438,"date":"2024-06-17T08:00:47","date_gmt":"2024-06-17T06:00:47","guid":{"rendered":"https:\/\/agora.xtec.cat\/ceipespriu-granollers\/?p=7438"},"modified":"2026-02-06T12:03:44","modified_gmt":"2026-02-06T11:03:44","slug":"recyclart-experience","status":"publish","type":"post","link":"https:\/\/agora.xtec.cat\/ceipespriu-granollers\/primaria\/recyclart-experience\/","title":{"rendered":"Recyclart Experience"},"content":{"rendered":"<p>El dimarts 4 de juny va ser un dia molt emocionant per tots i totes les Reciclistes de 2n. Les nostres fam\u00edlies ens van visitar per con\u00e8ixer el projecte &#8220;Recyclart Experience&#8221; que \u00e9s un recull d&#8217;obres d&#8217;art que hem anat fent al llarg del curs mentre miravem d&#8217;esbrinar per qu\u00e8 serveix l&#8217;art. Nosaltres hem creat el nostre propi estil, l&#8217;art reciclista, i ens han inspirat autors importants per l&#8217;hist\u00f2ria de l&#8217;art de Catalunya, com Josefa Tolr\u00e0, Joan Brossa, Antoni T\u00e0pies i Pablo Picasso.<\/p>\n<p>La nostra galeria estava situada a un lloc molt m\u00e0gic de l&#8217;escola, on no hi solem anar gaire sovint, el pati del primer pis. Va fer un dia radiant, no sabem si pel sol o pels somriures d&#8217;orella a orella de tots plegats!<\/p>\n<p>Us compartim un v\u00eddeo resum sobre el nostre projecte i aquesta experi\u00e8ncia inoblidable, amb la que hem descobert que l&#8217;art serveix per moltes coses: per comunicar, per compartir, per expressar, per somiar despert, per fer bonic, per fer pensar, per sentir-se millor&#8230; I vosaltres, per qu\u00e8 penseu que serveix l&#8217;art?<\/p>\n<div class=\"ast-oembed-container \" style=\"height: 100%;\"><iframe loading=\"lazy\" title=\"V\u00eddeo Recyclart Experience\" width=\"500\" height=\"281\" src=\"https:\/\/www.youtube.com\/embed\/wcqYRFzS7Is?feature=oembed\" frameborder=\"0\" allow=\"accelerometer; autoplay; clipboard-write; encrypted-media; gyroscope; picture-in-picture; web-share\" referrerpolicy=\"strict-origin-when-cross-origin\" allowfullscreen><\/iframe><\/div>\n","protected":false},"excerpt":{"rendered":"<p>El dimarts 4 de juny va ser un dia molt emocionant per tots i totes les Reciclistes de 2n. Les nostres fam\u00edlies ens van visitar per con\u00e8ixer el projecte &#8220;Recyclart Experience&#8221; que \u00e9s un recull d&#8217;obres d&#8217;art que hem anat fent al llarg del curs mentre miravem d&#8217;esbrinar per qu\u00e8 serveix l&#8217;art. Nosaltres hem creat [&hellip;]<\/p>\n","protected":false},"author":25,"featured_media":7439,"comment_status":"closed","ping_status":"closed","sticky":false,"template":"","format":"standard","meta":{"_bbp_topic_count":0,"_bbp_reply_count":0,"_bbp_total_topic_count":0,"_bbp_total_reply_count":0,"_bbp_voice_count":0,"_bbp_anonymous_reply_count":0,"_bbp_topic_count_hidden":0,"_bbp_reply_count_hidden":0,"_bbp_forum_subforum_count":0,"site-sidebar-layout":"default","site-content-layout":"","ast-site-content-layout":"default","site-content-style":"default","site-sidebar-style":"default","ast-global-header-display":"","ast-banner-title-visibility":"","ast-main-header-display":"","ast-hfb-above-header-display":"","ast-hfb-below-header-display":"","ast-hfb-mobile-header-display":"","site-post-title":"","ast-breadcrumbs-content":"","ast-featured-img":"","footer-sml-layout":"","theme-transparent-header-meta":"","adv-header-id-meta":"","stick-header-meta":"","header-above-stick-meta":"","header-main-stick-meta":"","header-below-stick-meta":"","astra-migrate-meta-layouts":"set","ast-page-background-enabled":"default","ast-page-background-meta":{"desktop":{"background-color":"var(--ast-global-color-4)","background-image":"","background-repeat":"repeat","background-position":"center center","background-size":"auto","background-attachment":"scroll","background-type":"","background-media":"","overlay-type":"","overlay-color":"","overlay-opacity":"","overlay-gradient":""},"tablet":{"background-color":"","background-image":"","background-repeat":"repeat","background-position":"center center","background-size":"auto","background-attachment":"scroll","background-type":"","background-media":"","overlay-type":"","overlay-color":"","overlay-opacity":"","overlay-gradient":""},"mobile":{"background-color":"","background-image":"","background-repeat":"repeat","background-position":"center center","background-size":"auto","background-attachment":"scroll","background-type":"","background-media":"","overlay-type":"","overlay-color":"","overlay-opacity":"","overlay-gradient":""}},"ast-content-background-meta":{"desktop":{"background-color":"var(--ast-global-color-5)","background-image":"","background-repeat":"repeat","background-position":"center center","background-size":"auto","background-attachment":"scroll","background-type":"","background-media":"","overlay-type":"","overlay-color":"","overlay-opacity":"","overlay-gradient":""},"tablet":{"background-color":"var(--ast-global-color-5)","background-image":"","background-repeat":"repeat","background-position":"center center","background-size":"auto","background-attachment":"scroll","background-type":"","background-media":"","overlay-type":"","overlay-color":"","overlay-opacity":"","overlay-gradient":""},"mobile":{"background-color":"var(--ast-global-color-5)","background-image":"","background-repeat":"repeat","background-position":"center center","background-size":"auto","background-attachment":"scroll","background-type":"","background-media":"","overlay-type":"","overlay-color":"","overlay-opacity":"","overlay-gradient":""}},"footnotes":""},"categories":[223,11,5],"tags":[133,134],"class_list":["post-7438","post","type-post","status-publish","format-standard","has-post-thumbnail","hentry","category-1r-cicle","category-2n","category-primaria","tag-art","tag-recyclart-experience"],"post_mailing_queue_ids":[],"_links":{"self":[{"href":"https:\/\/agora.xtec.cat\/ceipespriu-granollers\/wp-json\/wp\/v2\/posts\/7438","targetHints":{"allow":["GET"]}}],"collection":[{"href":"https:\/\/agora.xtec.cat\/ceipespriu-granollers\/wp-json\/wp\/v2\/posts"}],"about":[{"href":"https:\/\/agora.xtec.cat\/ceipespriu-granollers\/wp-json\/wp\/v2\/types\/post"}],"author":[{"embeddable":true,"href":"https:\/\/agora.xtec.cat\/ceipespriu-granollers\/wp-json\/wp\/v2\/users\/25"}],"replies":[{"embeddable":true,"href":"https:\/\/agora.xtec.cat\/ceipespriu-granollers\/wp-json\/wp\/v2\/comments?post=7438"}],"version-history":[{"count":4,"href":"https:\/\/agora.xtec.cat\/ceipespriu-granollers\/wp-json\/wp\/v2\/posts\/7438\/revisions"}],"predecessor-version":[{"id":10195,"href":"https:\/\/agora.xtec.cat\/ceipespriu-granollers\/wp-json\/wp\/v2\/posts\/7438\/revisions\/10195"}],"wp:featuredmedia":[{"embeddable":true,"href":"https:\/\/agora.xtec.cat\/ceipespriu-granollers\/wp-json\/wp\/v2\/media\/7439"}],"wp:attachment":[{"href":"https:\/\/agora.xtec.cat\/ceipespriu-granollers\/wp-json\/wp\/v2\/media?parent=7438"}],"wp:term":[{"taxonomy":"category","embeddable":true,"href":"https:\/\/agora.xtec.cat\/ceipespriu-granollers\/wp-json\/wp\/v2\/categories?post=7438"},{"taxonomy":"post_tag","embeddable":true,"href":"https:\/\/agora.xtec.cat\/ceipespriu-granollers\/wp-json\/wp\/v2\/tags?post=7438"}],"curies":[{"name":"wp","href":"https:\/\/api.w.org\/{rel}","templated":true}]}}