{"id":7331,"date":"2024-05-30T16:09:32","date_gmt":"2024-05-30T14:09:32","guid":{"rendered":"https:\/\/agora.xtec.cat\/ceipespriu-granollers\/?p=7331"},"modified":"2026-02-06T12:06:23","modified_gmt":"2026-02-06T11:06:23","slug":"visita-autora-gemma-armengol","status":"publish","type":"post","link":"https:\/\/agora.xtec.cat\/ceipespriu-granollers\/primaria\/visita-autora-gemma-armengol\/","title":{"rendered":"Visita autora: Gemma Armengol"},"content":{"rendered":"<p>Avui els nens i les nenes de 4t hem gaudit passant una estona amb l&#8217;autora del llibre &#8220;El dia que el metro se&#8217;ns va empassar&#8221; que hem llegit a classe al llarg del trimestre.<\/p>\n<p>Hem pogut saber de primera m\u00e0 moltes curiositats del llibre i la seva creaci\u00f3 com: quin era el nom inicialment dels protagonistes, perqu\u00e8 la hist\u00f2ria passa al metro, com es van fer les il\u00b7lustracions&#8230; i moltes coses m\u00e9s! I tamb\u00e9 ens ha dedicat i firmat el llibre a cadasc\u00fa de nosaltres!!!<\/p>\n<p>Ha estat una estona entretinguda i ben plena de novetats!<a href=\"https:\/\/agora.xtec.cat\/ceipespriu-granollers\/wp-content\/uploads\/usu780\/2024\/05\/IMG_8253.jpg\"><img loading=\"lazy\" decoding=\"async\" class=\"aligncenter size-large wp-image-7333\" src=\"https:\/\/agora.xtec.cat\/ceipespriu-granollers\/wp-content\/uploads\/usu780\/2024\/05\/IMG_8253.jpg\" alt=\"\" width=\"1008\" height=\"756\" srcset=\"https:\/\/agora.xtec.cat\/ceipespriu-granollers\/wp-content\/uploads\/usu780\/2024\/05\/IMG_8253.jpg 1008w, https:\/\/agora.xtec.cat\/ceipespriu-granollers\/wp-content\/uploads\/usu780\/2024\/05\/IMG_8253-300x225.jpg 300w, https:\/\/agora.xtec.cat\/ceipespriu-granollers\/wp-content\/uploads\/usu780\/2024\/05\/IMG_8253-768x576.jpg 768w, https:\/\/agora.xtec.cat\/ceipespriu-granollers\/wp-content\/uploads\/usu780\/2024\/05\/IMG_8253-200x150.jpg 200w\" sizes=\"auto, (max-width: 1008px) 100vw, 1008px\" \/><\/a> <a href=\"https:\/\/agora.xtec.cat\/ceipespriu-granollers\/wp-content\/uploads\/usu780\/2024\/05\/IMG_8254.jpg\"><img loading=\"lazy\" decoding=\"async\" class=\"aligncenter size-large wp-image-7334\" src=\"https:\/\/agora.xtec.cat\/ceipespriu-granollers\/wp-content\/uploads\/usu780\/2024\/05\/IMG_8254-768x1024.jpg\" alt=\"\" width=\"768\" height=\"1024\" srcset=\"https:\/\/agora.xtec.cat\/ceipespriu-granollers\/wp-content\/uploads\/usu780\/2024\/05\/IMG_8254-768x1024.jpg 768w, https:\/\/agora.xtec.cat\/ceipespriu-granollers\/wp-content\/uploads\/usu780\/2024\/05\/IMG_8254-225x300.jpg 225w, https:\/\/agora.xtec.cat\/ceipespriu-granollers\/wp-content\/uploads\/usu780\/2024\/05\/IMG_8254.jpg 1071w\" sizes=\"auto, (max-width: 768px) 100vw, 768px\" \/><\/a> <a href=\"https:\/\/agora.xtec.cat\/ceipespriu-granollers\/wp-content\/uploads\/usu780\/2024\/05\/IMG_8257.jpg\"><img loading=\"lazy\" decoding=\"async\" class=\"aligncenter size-large wp-image-7335\" src=\"https:\/\/agora.xtec.cat\/ceipespriu-granollers\/wp-content\/uploads\/usu780\/2024\/05\/IMG_8257.jpg\" alt=\"\" width=\"1008\" height=\"756\" srcset=\"https:\/\/agora.xtec.cat\/ceipespriu-granollers\/wp-content\/uploads\/usu780\/2024\/05\/IMG_8257.jpg 1008w, https:\/\/agora.xtec.cat\/ceipespriu-granollers\/wp-content\/uploads\/usu780\/2024\/05\/IMG_8257-300x225.jpg 300w, https:\/\/agora.xtec.cat\/ceipespriu-granollers\/wp-content\/uploads\/usu780\/2024\/05\/IMG_8257-768x576.jpg 768w, https:\/\/agora.xtec.cat\/ceipespriu-granollers\/wp-content\/uploads\/usu780\/2024\/05\/IMG_8257-200x150.jpg 200w\" sizes=\"auto, (max-width: 1008px) 100vw, 1008px\" \/><\/a> <a href=\"https:\/\/agora.xtec.cat\/ceipespriu-granollers\/wp-content\/uploads\/usu780\/2024\/05\/IMG_8259.jpg\"><img loading=\"lazy\" decoding=\"async\" class=\"aligncenter size-large wp-image-7336\" src=\"https:\/\/agora.xtec.cat\/ceipespriu-granollers\/wp-content\/uploads\/usu780\/2024\/05\/IMG_8259-768x1024.jpg\" alt=\"\" width=\"768\" height=\"1024\" srcset=\"https:\/\/agora.xtec.cat\/ceipespriu-granollers\/wp-content\/uploads\/usu780\/2024\/05\/IMG_8259-768x1024.jpg 768w, https:\/\/agora.xtec.cat\/ceipespriu-granollers\/wp-content\/uploads\/usu780\/2024\/05\/IMG_8259-225x300.jpg 225w, https:\/\/agora.xtec.cat\/ceipespriu-granollers\/wp-content\/uploads\/usu780\/2024\/05\/IMG_8259.jpg 1071w\" sizes=\"auto, (max-width: 768px) 100vw, 768px\" \/><\/a> <a href=\"https:\/\/agora.xtec.cat\/ceipespriu-granollers\/wp-content\/uploads\/usu780\/2024\/05\/IMG_8260.jpg\"><img loading=\"lazy\" decoding=\"async\" class=\"aligncenter size-large wp-image-7337\" src=\"https:\/\/agora.xtec.cat\/ceipespriu-granollers\/wp-content\/uploads\/usu780\/2024\/05\/IMG_8260-768x1024.jpg\" alt=\"\" width=\"768\" height=\"1024\" srcset=\"https:\/\/agora.xtec.cat\/ceipespriu-granollers\/wp-content\/uploads\/usu780\/2024\/05\/IMG_8260-768x1024.jpg 768w, https:\/\/agora.xtec.cat\/ceipespriu-granollers\/wp-content\/uploads\/usu780\/2024\/05\/IMG_8260-225x300.jpg 225w, https:\/\/agora.xtec.cat\/ceipespriu-granollers\/wp-content\/uploads\/usu780\/2024\/05\/IMG_8260.jpg 1071w\" sizes=\"auto, (max-width: 768px) 100vw, 768px\" \/><\/a> <a href=\"https:\/\/agora.xtec.cat\/ceipespriu-granollers\/wp-content\/uploads\/usu780\/2024\/05\/IMG_8261.jpg\"><img loading=\"lazy\" decoding=\"async\" class=\"aligncenter size-large wp-image-7338\" src=\"https:\/\/agora.xtec.cat\/ceipespriu-granollers\/wp-content\/uploads\/usu780\/2024\/05\/IMG_8261-768x1024.jpg\" alt=\"\" width=\"768\" height=\"1024\" srcset=\"https:\/\/agora.xtec.cat\/ceipespriu-granollers\/wp-content\/uploads\/usu780\/2024\/05\/IMG_8261-768x1024.jpg 768w, https:\/\/agora.xtec.cat\/ceipespriu-granollers\/wp-content\/uploads\/usu780\/2024\/05\/IMG_8261-225x300.jpg 225w, https:\/\/agora.xtec.cat\/ceipespriu-granollers\/wp-content\/uploads\/usu780\/2024\/05\/IMG_8261.jpg 1071w\" sizes=\"auto, (max-width: 768px) 100vw, 768px\" \/><\/a><\/p>\n","protected":false},"excerpt":{"rendered":"<p>Avui els nens i les nenes de 4t hem gaudit passant una estona amb l&#8217;autora del llibre &#8220;El dia que el metro se&#8217;ns va empassar&#8221; que hem llegit a classe al llarg del trimestre. Hem pogut saber de primera m\u00e0 moltes curiositats del llibre i la seva creaci\u00f3 com: quin era el nom inicialment dels [&hellip;]<\/p>\n","protected":false},"author":43,"featured_media":7332,"comment_status":"closed","ping_status":"closed","sticky":false,"template":"","format":"standard","meta":{"_bbp_topic_count":0,"_bbp_reply_count":0,"_bbp_total_topic_count":0,"_bbp_total_reply_count":0,"_bbp_voice_count":0,"_bbp_anonymous_reply_count":0,"_bbp_topic_count_hidden":0,"_bbp_reply_count_hidden":0,"_bbp_forum_subforum_count":0,"site-sidebar-layout":"default","site-content-layout":"","ast-site-content-layout":"default","site-content-style":"default","site-sidebar-style":"default","ast-global-header-display":"","ast-banner-title-visibility":"","ast-main-header-display":"","ast-hfb-above-header-display":"","ast-hfb-below-header-display":"","ast-hfb-mobile-header-display":"","site-post-title":"","ast-breadcrumbs-content":"","ast-featured-img":"","footer-sml-layout":"","theme-transparent-header-meta":"","adv-header-id-meta":"","stick-header-meta":"","header-above-stick-meta":"","header-main-stick-meta":"","header-below-stick-meta":"","astra-migrate-meta-layouts":"set","ast-page-background-enabled":"default","ast-page-background-meta":{"desktop":{"background-color":"var(--ast-global-color-4)","background-image":"","background-repeat":"repeat","background-position":"center center","background-size":"auto","background-attachment":"scroll","background-type":"","background-media":"","overlay-type":"","overlay-color":"","overlay-opacity":"","overlay-gradient":""},"tablet":{"background-color":"","background-image":"","background-repeat":"repeat","background-position":"center center","background-size":"auto","background-attachment":"scroll","background-type":"","background-media":"","overlay-type":"","overlay-color":"","overlay-opacity":"","overlay-gradient":""},"mobile":{"background-color":"","background-image":"","background-repeat":"repeat","background-position":"center center","background-size":"auto","background-attachment":"scroll","background-type":"","background-media":"","overlay-type":"","overlay-color":"","overlay-opacity":"","overlay-gradient":""}},"ast-content-background-meta":{"desktop":{"background-color":"var(--ast-global-color-5)","background-image":"","background-repeat":"repeat","background-position":"center center","background-size":"auto","background-attachment":"scroll","background-type":"","background-media":"","overlay-type":"","overlay-color":"","overlay-opacity":"","overlay-gradient":""},"tablet":{"background-color":"var(--ast-global-color-5)","background-image":"","background-repeat":"repeat","background-position":"center center","background-size":"auto","background-attachment":"scroll","background-type":"","background-media":"","overlay-type":"","overlay-color":"","overlay-opacity":"","overlay-gradient":""},"mobile":{"background-color":"var(--ast-global-color-5)","background-image":"","background-repeat":"repeat","background-position":"center center","background-size":"auto","background-attachment":"scroll","background-type":"","background-media":"","overlay-type":"","overlay-color":"","overlay-opacity":"","overlay-gradient":""}},"footnotes":""},"categories":[224,13,5],"tags":[69],"class_list":["post-7331","post","type-post","status-publish","format-standard","has-post-thumbnail","hentry","category-2n-cicle","category-4t","category-primaria","tag-promocio2014"],"post_mailing_queue_ids":[],"_links":{"self":[{"href":"https:\/\/agora.xtec.cat\/ceipespriu-granollers\/wp-json\/wp\/v2\/posts\/7331","targetHints":{"allow":["GET"]}}],"collection":[{"href":"https:\/\/agora.xtec.cat\/ceipespriu-granollers\/wp-json\/wp\/v2\/posts"}],"about":[{"href":"https:\/\/agora.xtec.cat\/ceipespriu-granollers\/wp-json\/wp\/v2\/types\/post"}],"author":[{"embeddable":true,"href":"https:\/\/agora.xtec.cat\/ceipespriu-granollers\/wp-json\/wp\/v2\/users\/43"}],"replies":[{"embeddable":true,"href":"https:\/\/agora.xtec.cat\/ceipespriu-granollers\/wp-json\/wp\/v2\/comments?post=7331"}],"version-history":[{"count":2,"href":"https:\/\/agora.xtec.cat\/ceipespriu-granollers\/wp-json\/wp\/v2\/posts\/7331\/revisions"}],"predecessor-version":[{"id":10204,"href":"https:\/\/agora.xtec.cat\/ceipespriu-granollers\/wp-json\/wp\/v2\/posts\/7331\/revisions\/10204"}],"wp:featuredmedia":[{"embeddable":true,"href":"https:\/\/agora.xtec.cat\/ceipespriu-granollers\/wp-json\/wp\/v2\/media\/7332"}],"wp:attachment":[{"href":"https:\/\/agora.xtec.cat\/ceipespriu-granollers\/wp-json\/wp\/v2\/media?parent=7331"}],"wp:term":[{"taxonomy":"category","embeddable":true,"href":"https:\/\/agora.xtec.cat\/ceipespriu-granollers\/wp-json\/wp\/v2\/categories?post=7331"},{"taxonomy":"post_tag","embeddable":true,"href":"https:\/\/agora.xtec.cat\/ceipespriu-granollers\/wp-json\/wp\/v2\/tags?post=7331"}],"curies":[{"name":"wp","href":"https:\/\/api.w.org\/{rel}","templated":true}]}}