{"id":6963,"date":"2024-04-04T11:00:05","date_gmt":"2024-04-04T09:00:05","guid":{"rendered":"https:\/\/agora.xtec.cat\/ceipespriu-granollers\/?p=6963"},"modified":"2026-02-06T12:26:23","modified_gmt":"2026-02-06T11:26:23","slug":"concurs-literari-de-relat-curt-conte","status":"publish","type":"post","link":"https:\/\/agora.xtec.cat\/ceipespriu-granollers\/general\/concurs-literari-de-relat-curt-conte\/","title":{"rendered":"Concurs Literari de Relat Curt\/Conte"},"content":{"rendered":"<p>Descobreix el nostre emocionant Concurs Literari de Relat Curt\/Conte organitzat per l&#8217;AFA de l&#8217;escola! Si ets un\/a amant de les paraules i de la narrativa, aquest \u00e9s el teu moment per brillar.<\/p>\n<p>El concurs ofereix una plataforma \u00fanica per a tots l&#8217;alumnat per mostrar les seves habilitats creatives. Tothom \u00e9s benvingut a participar!<\/p>\n<p>Els i les guanyadors\/es seran seleccionats\/des per un jurat especialitzat i se&#8217;ls atorgaran premis emocionants.<\/p>\n<p>No deixis passar aquesta oportunitat per compartir la teva imaginaci\u00f3 i habilitats narratives amb la comunitat escolar!<\/p>\n<p>Us adjuntem les bases del concurs:<\/p>\n<p><img loading=\"lazy\" decoding=\"async\" class=\"aligncenter size-large wp-image-6964\" src=\"https:\/\/agora.xtec.cat\/ceipespriu-granollers\/wp-content\/uploads\/usu780\/2024\/04\/Bases-concurs-literari-Salvador-Espriu_240323_184123_page-0001-725x1024.jpg\" alt=\"\" width=\"725\" height=\"1024\" srcset=\"https:\/\/agora.xtec.cat\/ceipespriu-granollers\/wp-content\/uploads\/usu780\/2024\/04\/Bases-concurs-literari-Salvador-Espriu_240323_184123_page-0001-725x1024.jpg 725w, https:\/\/agora.xtec.cat\/ceipespriu-granollers\/wp-content\/uploads\/usu780\/2024\/04\/Bases-concurs-literari-Salvador-Espriu_240323_184123_page-0001-212x300.jpg 212w, https:\/\/agora.xtec.cat\/ceipespriu-granollers\/wp-content\/uploads\/usu780\/2024\/04\/Bases-concurs-literari-Salvador-Espriu_240323_184123_page-0001-768x1085.jpg 768w, https:\/\/agora.xtec.cat\/ceipespriu-granollers\/wp-content\/uploads\/usu780\/2024\/04\/Bases-concurs-literari-Salvador-Espriu_240323_184123_page-0001-1087x1536.jpg 1087w, https:\/\/agora.xtec.cat\/ceipespriu-granollers\/wp-content\/uploads\/usu780\/2024\/04\/Bases-concurs-literari-Salvador-Espriu_240323_184123_page-0001.jpg 1242w\" sizes=\"auto, (max-width: 725px) 100vw, 725px\" \/><\/p>\n","protected":false},"excerpt":{"rendered":"<p>Descobreix el nostre emocionant Concurs Literari de Relat Curt\/Conte organitzat per l&#8217;AFA de l&#8217;escola! Si ets un\/a amant de les paraules i de la narrativa, aquest \u00e9s el teu moment per brillar. El concurs ofereix una plataforma \u00fanica per a tots l&#8217;alumnat per mostrar les seves habilitats creatives. Tothom \u00e9s benvingut a participar! Els i [&hellip;]<\/p>\n","protected":false},"author":1,"featured_media":6965,"comment_status":"closed","ping_status":"closed","sticky":false,"template":"","format":"standard","meta":{"_bbp_topic_count":0,"_bbp_reply_count":0,"_bbp_total_topic_count":0,"_bbp_total_reply_count":0,"_bbp_voice_count":0,"_bbp_anonymous_reply_count":0,"_bbp_topic_count_hidden":0,"_bbp_reply_count_hidden":0,"_bbp_forum_subforum_count":0,"site-sidebar-layout":"default","site-content-layout":"","ast-site-content-layout":"default","site-content-style":"default","site-sidebar-style":"default","ast-global-header-display":"","ast-banner-title-visibility":"","ast-main-header-display":"","ast-hfb-above-header-display":"","ast-hfb-below-header-display":"","ast-hfb-mobile-header-display":"","site-post-title":"","ast-breadcrumbs-content":"","ast-featured-img":"","footer-sml-layout":"","theme-transparent-header-meta":"","adv-header-id-meta":"","stick-header-meta":"","header-above-stick-meta":"","header-main-stick-meta":"","header-below-stick-meta":"","astra-migrate-meta-layouts":"set","ast-page-background-enabled":"default","ast-page-background-meta":{"desktop":{"background-color":"var(--ast-global-color-4)","background-image":"","background-repeat":"repeat","background-position":"center center","background-size":"auto","background-attachment":"scroll","background-type":"","background-media":"","overlay-type":"","overlay-color":"","overlay-opacity":"","overlay-gradient":""},"tablet":{"background-color":"","background-image":"","background-repeat":"repeat","background-position":"center center","background-size":"auto","background-attachment":"scroll","background-type":"","background-media":"","overlay-type":"","overlay-color":"","overlay-opacity":"","overlay-gradient":""},"mobile":{"background-color":"","background-image":"","background-repeat":"repeat","background-position":"center center","background-size":"auto","background-attachment":"scroll","background-type":"","background-media":"","overlay-type":"","overlay-color":"","overlay-opacity":"","overlay-gradient":""}},"ast-content-background-meta":{"desktop":{"background-color":"var(--ast-global-color-5)","background-image":"","background-repeat":"repeat","background-position":"center center","background-size":"auto","background-attachment":"scroll","background-type":"","background-media":"","overlay-type":"","overlay-color":"","overlay-opacity":"","overlay-gradient":""},"tablet":{"background-color":"var(--ast-global-color-5)","background-image":"","background-repeat":"repeat","background-position":"center center","background-size":"auto","background-attachment":"scroll","background-type":"","background-media":"","overlay-type":"","overlay-color":"","overlay-opacity":"","overlay-gradient":""},"mobile":{"background-color":"var(--ast-global-color-5)","background-image":"","background-repeat":"repeat","background-position":"center center","background-size":"auto","background-attachment":"scroll","background-type":"","background-media":"","overlay-type":"","overlay-color":"","overlay-opacity":"","overlay-gradient":""}},"footnotes":""},"categories":[223,224,225,125,1,2,4,5],"tags":[115],"class_list":["post-6963","post","type-post","status-publish","format-standard","has-post-thumbnail","hentry","category-1r-cicle","category-2n-cicle","category-3r-cicle","category-afa","category-general","category-infantil","category-portada","category-primaria","tag-curs-2023-2024"],"post_mailing_queue_ids":[],"_links":{"self":[{"href":"https:\/\/agora.xtec.cat\/ceipespriu-granollers\/wp-json\/wp\/v2\/posts\/6963","targetHints":{"allow":["GET"]}}],"collection":[{"href":"https:\/\/agora.xtec.cat\/ceipespriu-granollers\/wp-json\/wp\/v2\/posts"}],"about":[{"href":"https:\/\/agora.xtec.cat\/ceipespriu-granollers\/wp-json\/wp\/v2\/types\/post"}],"author":[{"embeddable":true,"href":"https:\/\/agora.xtec.cat\/ceipespriu-granollers\/wp-json\/wp\/v2\/users\/1"}],"replies":[{"embeddable":true,"href":"https:\/\/agora.xtec.cat\/ceipespriu-granollers\/wp-json\/wp\/v2\/comments?post=6963"}],"version-history":[{"count":2,"href":"https:\/\/agora.xtec.cat\/ceipespriu-granollers\/wp-json\/wp\/v2\/posts\/6963\/revisions"}],"predecessor-version":[{"id":10235,"href":"https:\/\/agora.xtec.cat\/ceipespriu-granollers\/wp-json\/wp\/v2\/posts\/6963\/revisions\/10235"}],"wp:featuredmedia":[{"embeddable":true,"href":"https:\/\/agora.xtec.cat\/ceipespriu-granollers\/wp-json\/wp\/v2\/media\/6965"}],"wp:attachment":[{"href":"https:\/\/agora.xtec.cat\/ceipespriu-granollers\/wp-json\/wp\/v2\/media?parent=6963"}],"wp:term":[{"taxonomy":"category","embeddable":true,"href":"https:\/\/agora.xtec.cat\/ceipespriu-granollers\/wp-json\/wp\/v2\/categories?post=6963"},{"taxonomy":"post_tag","embeddable":true,"href":"https:\/\/agora.xtec.cat\/ceipespriu-granollers\/wp-json\/wp\/v2\/tags?post=6963"}],"curies":[{"name":"wp","href":"https:\/\/api.w.org\/{rel}","templated":true}]}}