{"id":6653,"date":"2024-03-10T15:18:05","date_gmt":"2024-03-10T14:18:05","guid":{"rendered":"https:\/\/agora.xtec.cat\/ceipespriu-granollers\/?p=6653"},"modified":"2024-03-10T15:18:05","modified_gmt":"2024-03-10T14:18:05","slug":"a-i3-commemorem-el-8-de-marc","status":"publish","type":"post","link":"https:\/\/agora.xtec.cat\/ceipespriu-granollers\/general\/a-i3-commemorem-el-8-de-marc\/","title":{"rendered":"A I3 commemorem el 8 de mar\u00e7"},"content":{"rendered":"<p>Divendres 8 de mar\u00e7 els Lirons i els Talps\u00a0 vam commemorar el dia de la dona.<\/p>\n<p>Vam dur a terme diverses activitats amb tota l&#8217;escola i vam fer una activitat a l&#8217;aula a partir del conte &#8220;Visca les ungles de colors&#8221;.<\/p>\n<p>Aquest conte ens ha ajudat a prendre consci\u00e8ncia\u00a0 que tots i totes\u00a0 podem fer all\u00f2 que ens agradi independentment\u00a0 de si som nens o nenes, i\u00a0 ho hem de respectar.<\/p>\n<p>Despr\u00e9s cadasc\u00fa va dibuixar la seva m\u00e0 i ens vam\u00a0 pintar les ungles de colors, ens ho vam\u00a0 passar molt b\u00e9!<\/p>\n<p><a href=\"https:\/\/agora.xtec.cat\/ceipespriu-granollers\/wp-content\/uploads\/usu780\/2024\/03\/PXL_20240308_1448184942-scaled.jpg\"><img loading=\"lazy\" decoding=\"async\" class=\"alignnone size-large wp-image-6654\" src=\"https:\/\/agora.xtec.cat\/ceipespriu-granollers\/wp-content\/uploads\/usu780\/2024\/03\/PXL_20240308_1448184942-1024x544.jpg\" alt=\"\" width=\"1024\" height=\"544\" srcset=\"https:\/\/agora.xtec.cat\/ceipespriu-granollers\/wp-content\/uploads\/usu780\/2024\/03\/PXL_20240308_1448184942-1024x544.jpg 1024w, https:\/\/agora.xtec.cat\/ceipespriu-granollers\/wp-content\/uploads\/usu780\/2024\/03\/PXL_20240308_1448184942-300x159.jpg 300w, https:\/\/agora.xtec.cat\/ceipespriu-granollers\/wp-content\/uploads\/usu780\/2024\/03\/PXL_20240308_1448184942-768x408.jpg 768w, https:\/\/agora.xtec.cat\/ceipespriu-granollers\/wp-content\/uploads\/usu780\/2024\/03\/PXL_20240308_1448184942-1536x816.jpg 1536w, https:\/\/agora.xtec.cat\/ceipespriu-granollers\/wp-content\/uploads\/usu780\/2024\/03\/PXL_20240308_1448184942-2048x1088.jpg 2048w\" sizes=\"auto, (max-width: 1024px) 100vw, 1024px\" \/><\/a> <a href=\"https:\/\/agora.xtec.cat\/ceipespriu-granollers\/wp-content\/uploads\/usu780\/2024\/03\/dia-de-la-dona-2-scaled.jpg\"><img loading=\"lazy\" decoding=\"async\" class=\"alignnone size-large wp-image-6655\" src=\"https:\/\/agora.xtec.cat\/ceipespriu-granollers\/wp-content\/uploads\/usu780\/2024\/03\/dia-de-la-dona-2-1024x771.jpg\" alt=\"\" width=\"1024\" height=\"771\" srcset=\"https:\/\/agora.xtec.cat\/ceipespriu-granollers\/wp-content\/uploads\/usu780\/2024\/03\/dia-de-la-dona-2-1024x771.jpg 1024w, https:\/\/agora.xtec.cat\/ceipespriu-granollers\/wp-content\/uploads\/usu780\/2024\/03\/dia-de-la-dona-2-300x226.jpg 300w, https:\/\/agora.xtec.cat\/ceipespriu-granollers\/wp-content\/uploads\/usu780\/2024\/03\/dia-de-la-dona-2-768x578.jpg 768w, https:\/\/agora.xtec.cat\/ceipespriu-granollers\/wp-content\/uploads\/usu780\/2024\/03\/dia-de-la-dona-2-1536x1157.jpg 1536w, https:\/\/agora.xtec.cat\/ceipespriu-granollers\/wp-content\/uploads\/usu780\/2024\/03\/dia-de-la-dona-2-2048x1542.jpg 2048w, https:\/\/agora.xtec.cat\/ceipespriu-granollers\/wp-content\/uploads\/usu780\/2024\/03\/dia-de-la-dona-2-200x150.jpg 200w\" sizes=\"auto, (max-width: 1024px) 100vw, 1024px\" \/><\/a><\/p>\n<p>&nbsp;<\/p>\n<p>&nbsp;<\/p>\n<p>&nbsp;<\/p>\n<p>&nbsp;<\/p>\n","protected":false},"excerpt":{"rendered":"<p>Divendres 8 de mar\u00e7 els Lirons i els Talps\u00a0 vam commemorar el dia de la dona. Vam dur a terme diverses activitats amb tota l&#8217;escola i vam fer una activitat a l&#8217;aula a partir del conte &#8220;Visca les ungles de colors&#8221;. Aquest conte ens ha ajudat a prendre consci\u00e8ncia\u00a0 que tots i totes\u00a0 podem fer [&hellip;]<\/p>\n","protected":false},"author":29,"featured_media":6654,"comment_status":"closed","ping_status":"closed","sticky":false,"template":"","format":"standard","meta":{"_bbp_topic_count":0,"_bbp_reply_count":0,"_bbp_total_topic_count":0,"_bbp_total_reply_count":0,"_bbp_voice_count":0,"_bbp_anonymous_reply_count":0,"_bbp_topic_count_hidden":0,"_bbp_reply_count_hidden":0,"_bbp_forum_subforum_count":0,"site-sidebar-layout":"default","site-content-layout":"","ast-site-content-layout":"","site-content-style":"default","site-sidebar-style":"default","ast-global-header-display":"","ast-banner-title-visibility":"","ast-main-header-display":"","ast-hfb-above-header-display":"","ast-hfb-below-header-display":"","ast-hfb-mobile-header-display":"","site-post-title":"","ast-breadcrumbs-content":"","ast-featured-img":"","footer-sml-layout":"","theme-transparent-header-meta":"","adv-header-id-meta":"","stick-header-meta":"","header-above-stick-meta":"","header-main-stick-meta":"","header-below-stick-meta":"","astra-migrate-meta-layouts":"default","ast-page-background-enabled":"default","ast-page-background-meta":{"desktop":{"background-color":"var(--ast-global-color-4)","background-image":"","background-repeat":"repeat","background-position":"center center","background-size":"auto","background-attachment":"scroll","background-type":"","background-media":"","overlay-type":"","overlay-color":"","overlay-opacity":"","overlay-gradient":""},"tablet":{"background-color":"","background-image":"","background-repeat":"repeat","background-position":"center center","background-size":"auto","background-attachment":"scroll","background-type":"","background-media":"","overlay-type":"","overlay-color":"","overlay-opacity":"","overlay-gradient":""},"mobile":{"background-color":"","background-image":"","background-repeat":"repeat","background-position":"center center","background-size":"auto","background-attachment":"scroll","background-type":"","background-media":"","overlay-type":"","overlay-color":"","overlay-opacity":"","overlay-gradient":""}},"ast-content-background-meta":{"desktop":{"background-color":"var(--ast-global-color-5)","background-image":"","background-repeat":"repeat","background-position":"center center","background-size":"auto","background-attachment":"scroll","background-type":"","background-media":"","overlay-type":"","overlay-color":"","overlay-opacity":"","overlay-gradient":""},"tablet":{"background-color":"var(--ast-global-color-5)","background-image":"","background-repeat":"repeat","background-position":"center center","background-size":"auto","background-attachment":"scroll","background-type":"","background-media":"","overlay-type":"","overlay-color":"","overlay-opacity":"","overlay-gradient":""},"mobile":{"background-color":"var(--ast-global-color-5)","background-image":"","background-repeat":"repeat","background-position":"center center","background-size":"auto","background-attachment":"scroll","background-type":"","background-media":"","overlay-type":"","overlay-color":"","overlay-opacity":"","overlay-gradient":""}},"footnotes":""},"categories":[1,3,2],"tags":[115,122,121],"class_list":["post-6653","post","type-post","status-publish","format-standard","has-post-thumbnail","hentry","category-general","category-i3","category-infantil","tag-curs-2023-2024","tag-educacio-infantil","tag-i3"],"post_mailing_queue_ids":[],"_links":{"self":[{"href":"https:\/\/agora.xtec.cat\/ceipespriu-granollers\/wp-json\/wp\/v2\/posts\/6653","targetHints":{"allow":["GET"]}}],"collection":[{"href":"https:\/\/agora.xtec.cat\/ceipespriu-granollers\/wp-json\/wp\/v2\/posts"}],"about":[{"href":"https:\/\/agora.xtec.cat\/ceipespriu-granollers\/wp-json\/wp\/v2\/types\/post"}],"author":[{"embeddable":true,"href":"https:\/\/agora.xtec.cat\/ceipespriu-granollers\/wp-json\/wp\/v2\/users\/29"}],"replies":[{"embeddable":true,"href":"https:\/\/agora.xtec.cat\/ceipespriu-granollers\/wp-json\/wp\/v2\/comments?post=6653"}],"version-history":[{"count":2,"href":"https:\/\/agora.xtec.cat\/ceipespriu-granollers\/wp-json\/wp\/v2\/posts\/6653\/revisions"}],"predecessor-version":[{"id":6657,"href":"https:\/\/agora.xtec.cat\/ceipespriu-granollers\/wp-json\/wp\/v2\/posts\/6653\/revisions\/6657"}],"wp:featuredmedia":[{"embeddable":true,"href":"https:\/\/agora.xtec.cat\/ceipespriu-granollers\/wp-json\/wp\/v2\/media\/6654"}],"wp:attachment":[{"href":"https:\/\/agora.xtec.cat\/ceipespriu-granollers\/wp-json\/wp\/v2\/media?parent=6653"}],"wp:term":[{"taxonomy":"category","embeddable":true,"href":"https:\/\/agora.xtec.cat\/ceipespriu-granollers\/wp-json\/wp\/v2\/categories?post=6653"},{"taxonomy":"post_tag","embeddable":true,"href":"https:\/\/agora.xtec.cat\/ceipespriu-granollers\/wp-json\/wp\/v2\/tags?post=6653"}],"curies":[{"name":"wp","href":"https:\/\/api.w.org\/{rel}","templated":true}]}}