{"id":4950,"date":"2023-05-11T08:17:32","date_gmt":"2023-05-11T06:17:32","guid":{"rendered":"https:\/\/agora.xtec.cat\/ceipespriu-granollers\/?p=4950"},"modified":"2026-02-06T13:44:08","modified_gmt":"2026-02-06T12:44:08","slug":"europe-day-2023","status":"publish","type":"post","link":"https:\/\/agora.xtec.cat\/ceipespriu-granollers\/primaria\/europe-day-2023\/","title":{"rendered":"Europe Day 2023"},"content":{"rendered":"<p>Cada any, el dia <strong>9 de maig<\/strong>, se celebra la Diada d&#8217;Europa. Aquest curs, els nens i nenes de diferents nivells de l&#8217;escola Salvador Espriu ens hem sumat a la celebraci\u00f3 treballant l&#8217;amistat entre pobles i el joc amb infants d&#8217;altres escoles.<\/p>\n<p>Els grups de <strong>3r A<\/strong> i <strong>3r B<\/strong> han celebrat la diada amb <strong>postals<\/strong> dels seus companys d&#8217;eTwinning eslovens. Ha estat molt emocionant rebre les seves creacions fetes especialment per nosaltres. A Eslov\u00e8nia tamb\u00e9 han rebut les nostres postals a temps i els hi han agradat molt, de manera que hem celebrat la diada al mateix temps.<\/p>\n<p><a href=\"https:\/\/agora.xtec.cat\/ceipespriu-granollers\/wp-content\/uploads\/usu780\/2023\/05\/Captura-de-Pantalla-2023-05-11-a-les-0.40.49.png\"><img loading=\"lazy\" decoding=\"async\" class=\"alignnone size-large wp-image-4951\" src=\"https:\/\/agora.xtec.cat\/ceipespriu-granollers\/wp-content\/uploads\/usu780\/2023\/05\/Captura-de-Pantalla-2023-05-11-a-les-0.40.49-1024x545.png\" alt=\"\" width=\"1024\" height=\"545\" srcset=\"https:\/\/agora.xtec.cat\/ceipespriu-granollers\/wp-content\/uploads\/usu780\/2023\/05\/Captura-de-Pantalla-2023-05-11-a-les-0.40.49-1024x545.png 1024w, https:\/\/agora.xtec.cat\/ceipespriu-granollers\/wp-content\/uploads\/usu780\/2023\/05\/Captura-de-Pantalla-2023-05-11-a-les-0.40.49-300x160.png 300w, https:\/\/agora.xtec.cat\/ceipespriu-granollers\/wp-content\/uploads\/usu780\/2023\/05\/Captura-de-Pantalla-2023-05-11-a-les-0.40.49-768x409.png 768w, https:\/\/agora.xtec.cat\/ceipespriu-granollers\/wp-content\/uploads\/usu780\/2023\/05\/Captura-de-Pantalla-2023-05-11-a-les-0.40.49.png 1152w\" sizes=\"auto, (max-width: 1024px) 100vw, 1024px\" \/><\/a>Els grups de <strong>5\u00e8 A<\/strong> i <strong>5\u00e8 B<\/strong> han celebrat la diada junt amb nenes i nenes d&#8217;altres escoles del Vall\u00e8s Oriental, organitzant una <strong>jornada de jocs tradicionals europeus <\/strong>plegats. Cada escola ha triat uns pa\u00efsos i ha fet recerca sobre jocs tradicionals que s&#8217;hi juguen. Nosaltres vam triar Fran\u00e7a i Noruega, i els jocs que vam triar per representar aquests pa\u00efsos van ser l&#8217;<em>Escargot<\/em> (el caragol, semblant a la xarranca) i <em>Stiv Heks<\/em> (un joc d&#8217;atrapar amb una bruixa, semblant a l&#8217;<em>Stop<\/em>). A la trobada, hem ensenyat a jugar aquests jocs i hem jugat als que havien preparat les altres escoles: Abariza (Gr\u00e8cia), Eierlopen (Holanda), Bro bro Bille (Dinamarca), Snap Ball (\u00c0ustria), Plainy Clappy (Esc\u00f2cia), Rings (Irlanda) i Cencio Mollo (It\u00e0lia). Ens ho hem passat molt b\u00e9, hem fet amistat amb nens i nenes d&#8217;altres escoles i hem apr\u00e8s jocs nous que de ben segur jugarem a partir d&#8217;ara.<\/p>\n<p><a href=\"https:\/\/agora.xtec.cat\/ceipespriu-granollers\/wp-content\/uploads\/usu780\/2023\/05\/Captura-de-Pantalla-2023-05-11-a-les-1.05.02-1.png\"><img loading=\"lazy\" decoding=\"async\" class=\"alignnone wp-image-4953\" src=\"https:\/\/agora.xtec.cat\/ceipespriu-granollers\/wp-content\/uploads\/usu780\/2023\/05\/Captura-de-Pantalla-2023-05-11-a-les-1.05.02-1.png\" alt=\"\" width=\"909\" height=\"287\" srcset=\"https:\/\/agora.xtec.cat\/ceipespriu-granollers\/wp-content\/uploads\/usu780\/2023\/05\/Captura-de-Pantalla-2023-05-11-a-les-1.05.02-1.png 836w, https:\/\/agora.xtec.cat\/ceipespriu-granollers\/wp-content\/uploads\/usu780\/2023\/05\/Captura-de-Pantalla-2023-05-11-a-les-1.05.02-1-300x95.png 300w, https:\/\/agora.xtec.cat\/ceipespriu-granollers\/wp-content\/uploads\/usu780\/2023\/05\/Captura-de-Pantalla-2023-05-11-a-les-1.05.02-1-768x243.png 768w\" sizes=\"auto, (max-width: 909px) 100vw, 909px\" \/><\/a><\/p>\n<p>Happy Europe Day everyone!!<\/p>\n","protected":false},"excerpt":{"rendered":"<p>Cada any, el dia 9 de maig, se celebra la Diada d&#8217;Europa. Aquest curs, els nens i nenes de diferents nivells de l&#8217;escola Salvador Espriu ens hem sumat a la celebraci\u00f3 treballant l&#8217;amistat entre pobles i el joc amb infants d&#8217;altres escoles. Els grups de 3r A i 3r B han celebrat la diada amb [&hellip;]<\/p>\n","protected":false},"author":25,"featured_media":4951,"comment_status":"closed","ping_status":"closed","sticky":false,"template":"","format":"standard","meta":{"_bbp_topic_count":0,"_bbp_reply_count":0,"_bbp_total_topic_count":0,"_bbp_total_reply_count":0,"_bbp_voice_count":0,"_bbp_anonymous_reply_count":0,"_bbp_topic_count_hidden":0,"_bbp_reply_count_hidden":0,"_bbp_forum_subforum_count":0,"site-sidebar-layout":"default","site-content-layout":"","ast-site-content-layout":"default","site-content-style":"default","site-sidebar-style":"default","ast-global-header-display":"","ast-banner-title-visibility":"","ast-main-header-display":"","ast-hfb-above-header-display":"","ast-hfb-below-header-display":"","ast-hfb-mobile-header-display":"","site-post-title":"","ast-breadcrumbs-content":"","ast-featured-img":"","footer-sml-layout":"","theme-transparent-header-meta":"","adv-header-id-meta":"","stick-header-meta":"","header-above-stick-meta":"","header-main-stick-meta":"","header-below-stick-meta":"","astra-migrate-meta-layouts":"set","ast-page-background-enabled":"default","ast-page-background-meta":{"desktop":{"background-color":"var(--ast-global-color-4)","background-image":"","background-repeat":"repeat","background-position":"center center","background-size":"auto","background-attachment":"scroll","background-type":"","background-media":"","overlay-type":"","overlay-color":"","overlay-opacity":"","overlay-gradient":""},"tablet":{"background-color":"","background-image":"","background-repeat":"repeat","background-position":"center center","background-size":"auto","background-attachment":"scroll","background-type":"","background-media":"","overlay-type":"","overlay-color":"","overlay-opacity":"","overlay-gradient":""},"mobile":{"background-color":"","background-image":"","background-repeat":"repeat","background-position":"center center","background-size":"auto","background-attachment":"scroll","background-type":"","background-media":"","overlay-type":"","overlay-color":"","overlay-opacity":"","overlay-gradient":""}},"ast-content-background-meta":{"desktop":{"background-color":"var(--ast-global-color-5)","background-image":"","background-repeat":"repeat","background-position":"center center","background-size":"auto","background-attachment":"scroll","background-type":"","background-media":"","overlay-type":"","overlay-color":"","overlay-opacity":"","overlay-gradient":""},"tablet":{"background-color":"var(--ast-global-color-5)","background-image":"","background-repeat":"repeat","background-position":"center center","background-size":"auto","background-attachment":"scroll","background-type":"","background-media":"","overlay-type":"","overlay-color":"","overlay-opacity":"","overlay-gradient":""},"mobile":{"background-color":"var(--ast-global-color-5)","background-image":"","background-repeat":"repeat","background-position":"center center","background-size":"auto","background-attachment":"scroll","background-type":"","background-media":"","overlay-type":"","overlay-color":"","overlay-opacity":"","overlay-gradient":""}},"footnotes":""},"categories":[224,12,14,74,5],"tags":[96,102],"class_list":["post-4950","post","type-post","status-publish","format-standard","has-post-thumbnail","hentry","category-2n-cicle","category-3r","category-5e","category-english","category-primaria","tag-curs22-23","tag-europe-day"],"post_mailing_queue_ids":[],"_links":{"self":[{"href":"https:\/\/agora.xtec.cat\/ceipespriu-granollers\/wp-json\/wp\/v2\/posts\/4950","targetHints":{"allow":["GET"]}}],"collection":[{"href":"https:\/\/agora.xtec.cat\/ceipespriu-granollers\/wp-json\/wp\/v2\/posts"}],"about":[{"href":"https:\/\/agora.xtec.cat\/ceipespriu-granollers\/wp-json\/wp\/v2\/types\/post"}],"author":[{"embeddable":true,"href":"https:\/\/agora.xtec.cat\/ceipespriu-granollers\/wp-json\/wp\/v2\/users\/25"}],"replies":[{"embeddable":true,"href":"https:\/\/agora.xtec.cat\/ceipespriu-granollers\/wp-json\/wp\/v2\/comments?post=4950"}],"version-history":[{"count":3,"href":"https:\/\/agora.xtec.cat\/ceipespriu-granollers\/wp-json\/wp\/v2\/posts\/4950\/revisions"}],"predecessor-version":[{"id":10320,"href":"https:\/\/agora.xtec.cat\/ceipespriu-granollers\/wp-json\/wp\/v2\/posts\/4950\/revisions\/10320"}],"wp:featuredmedia":[{"embeddable":true,"href":"https:\/\/agora.xtec.cat\/ceipespriu-granollers\/wp-json\/wp\/v2\/media\/4951"}],"wp:attachment":[{"href":"https:\/\/agora.xtec.cat\/ceipespriu-granollers\/wp-json\/wp\/v2\/media?parent=4950"}],"wp:term":[{"taxonomy":"category","embeddable":true,"href":"https:\/\/agora.xtec.cat\/ceipespriu-granollers\/wp-json\/wp\/v2\/categories?post=4950"},{"taxonomy":"post_tag","embeddable":true,"href":"https:\/\/agora.xtec.cat\/ceipespriu-granollers\/wp-json\/wp\/v2\/tags?post=4950"}],"curies":[{"name":"wp","href":"https:\/\/api.w.org\/{rel}","templated":true}]}}