{"id":3320,"date":"2022-09-16T13:28:38","date_gmt":"2022-09-16T11:28:38","guid":{"rendered":"https:\/\/agora.xtec.cat\/ceipespriu-granollers\/?p=3320"},"modified":"2026-02-06T16:31:08","modified_gmt":"2026-02-06T15:31:08","slug":"reunions-dinici-de-curs","status":"publish","type":"post","link":"https:\/\/agora.xtec.cat\/ceipespriu-granollers\/general\/reunions-dinici-de-curs\/","title":{"rendered":"Reunions d&#8217;inici de curs"},"content":{"rendered":"<p>Us compartim les presentacions de les reunions d&#8217;inici de curs que van tenir lloc els passats dimarts 13 i dijous 15 de setembre.<\/p>\n<p><iframe loading=\"lazy\" src=\"https:\/\/docs.google.com\/presentation\/d\/e\/2PACX-1vTAE9EwU6O3kge83CVIDEzTY_Hvyd9nTTcJumlwK3kAt9HlGhn6Act1xpHxYEwC469Repf8dcTqI_uz\/embed?start=true&amp;loop=true&amp;delayms=3000\" width=\"960\" height=\"569\" frameborder=\"0\" allowfullscreen=\"allowfullscreen\"><\/iframe><\/p>\n<p>Infantil 3<br \/>\n<iframe loading=\"lazy\" src=\"https:\/\/docs.google.com\/presentation\/d\/e\/2PACX-1vRHhOiDWH3IlFk_YUDDE49W7ckZ0zx4KgQC6rGG-Qg-buUoyridh90oZRkkPGXw-XMeEioCB5MWkwbA\/embed?start=true&amp;loop=true&amp;delayms=3000\" width=\"960\" height=\"749\" frameborder=\"0\" allowfullscreen=\"allowfullscreen\"><\/iframe><\/p>\n<p>Infantil 4<br \/>\n<iframe loading=\"lazy\" src=\"https:\/\/docs.google.com\/presentation\/d\/e\/2PACX-1vRrDQnbo41aOnwWcl3Sb0nliKh1DtJ7-Oysgiu5aVOgFf_Q6UyhpmAvHggI8sAVzlKlFYOvbJRHt-Rp\/embed?start=true&amp;loop=true&amp;delayms=3000\" width=\"960\" height=\"569\" frameborder=\"0\" allowfullscreen=\"allowfullscreen\"><\/iframe><\/p>\n<p>Infantil 5<br \/>\n<iframe loading=\"lazy\" src=\"https:\/\/docs.google.com\/presentation\/d\/e\/2PACX-1vRJJDnltI3RmtDeK9_TAlzFhELONZbDRbUXTJSn72wXBQopiFsFyLhuP4VXrfcOO_BBN0q1GRWLgdJl\/embed?start=true&amp;loop=true&amp;delayms=3000\" width=\"960\" height=\"569\" frameborder=\"0\" allowfullscreen=\"allowfullscreen\"><\/iframe><\/p>\n<p>Prim\u00e0ria 1<br \/>\n<iframe loading=\"lazy\" src=\"https:\/\/docs.google.com\/presentation\/d\/e\/2PACX-1vQE3LuRmQ6HUkq3D6oXZtnfq_ncHro3jSgPGSuSqqS0hjRbue_gr1WHwPUCfWBzKx4CAdcKt3THeLWM\/embed?start=true&amp;loop=true&amp;delayms=3000\" width=\"960\" height=\"749\" frameborder=\"0\" allowfullscreen=\"allowfullscreen\"><\/iframe><\/p>\n<p>Prim\u00e0ria 2<br \/>\n<iframe loading=\"lazy\" src=\"https:\/\/docs.google.com\/presentation\/d\/e\/2PACX-1vSeUyWcmj-Ras1MbpbVCy_RlZtDf327mbKGJLZzMDX8ZZuV8XOm1nCqCwa5GdsnHEumMZh3WEy4KFWe\/embed?start=true&amp;loop=true&amp;delayms=3000\" width=\"960\" height=\"569\" frameborder=\"0\" allowfullscreen=\"allowfullscreen\"><\/iframe><\/p>\n<p>Prim\u00e0ria 3<br \/>\n<iframe loading=\"lazy\" src=\"https:\/\/docs.google.com\/presentation\/d\/e\/2PACX-1vT3F3Hure5AmjTaIaO2XerE91IKFTNzjeQCAoJKTrH9WuETdHBaptqnlwwcpVa6OZ-OyGeQsE7k3cAO\/embed?start=true&amp;loop=true&amp;delayms=3000\" width=\"960\" height=\"569\" frameborder=\"0\" allowfullscreen=\"allowfullscreen\"><\/iframe><\/p>\n<p>Prim\u00e0ria 4<br \/>\n<iframe loading=\"lazy\" src=\"https:\/\/docs.google.com\/presentation\/d\/e\/2PACX-1vTUX9zCswged2AmRVUIj94WHIp_GWkfv-cTA3zBjozbVkHRO8uYYX1qXNY9mPVgdEoUEnAFlPa6iL1f\/embed?start=true&amp;loop=true&amp;delayms=3000\" width=\"960\" height=\"749\" frameborder=\"0\" allowfullscreen=\"allowfullscreen\"><\/iframe><\/p>\n<p>Prim\u00e0ria 5<\/p>\n<div style=\"width: 100%;\">\n<div style=\"position: relative; padding-bottom: 56.25%; padding-top: 0; height: 0;\"><iframe loading=\"lazy\" style=\"position: absolute; top: 0; left: 0; width: 100%; height: 100%;\" src=\"https:\/\/view.genial.ly\/6319db6ec41c420018aca88e\" width=\"1200px\" height=\"675px\" frameborder=\"0\" scrolling=\"yes\" allowfullscreen=\"allowfullscreen\"><\/iframe><\/div>\n<\/div>\n<p>Prim\u00e0ria 6<br \/>\n<iframe loading=\"lazy\" src=\"https:\/\/docs.google.com\/presentation\/d\/e\/2PACX-1vT3e1sBSack8WHzamW8b1cwQSzVeloO6rUod1PHoJAISgfOECYL7y_dr0rMlCH8ZYFkMjxMjD5OBV4Y\/embed?start=true&amp;loop=true&amp;delayms=3000\" width=\"960\" height=\"749\" frameborder=\"0\" allowfullscreen=\"allowfullscreen\"><\/iframe><\/p>\n","protected":false},"excerpt":{"rendered":"<p>Us compartim les presentacions de les reunions d&#8217;inici de curs que van tenir lloc els passats dimarts 13 i dijous 15 de setembre. Infantil 3 Infantil 4 Infantil 5 Prim\u00e0ria 1 Prim\u00e0ria 2 Prim\u00e0ria 3 Prim\u00e0ria 4 Prim\u00e0ria 5 Prim\u00e0ria 6<\/p>\n","protected":false},"author":1,"featured_media":0,"comment_status":"closed","ping_status":"closed","sticky":false,"template":"","format":"standard","meta":{"_bbp_topic_count":0,"_bbp_reply_count":0,"_bbp_total_topic_count":0,"_bbp_total_reply_count":0,"_bbp_voice_count":0,"_bbp_anonymous_reply_count":0,"_bbp_topic_count_hidden":0,"_bbp_reply_count_hidden":0,"_bbp_forum_subforum_count":0,"site-sidebar-layout":"default","site-content-layout":"","ast-site-content-layout":"default","site-content-style":"default","site-sidebar-style":"default","ast-global-header-display":"","ast-banner-title-visibility":"","ast-main-header-display":"","ast-hfb-above-header-display":"","ast-hfb-below-header-display":"","ast-hfb-mobile-header-display":"","site-post-title":"","ast-breadcrumbs-content":"","ast-featured-img":"","footer-sml-layout":"","theme-transparent-header-meta":"","adv-header-id-meta":"","stick-header-meta":"","header-above-stick-meta":"","header-main-stick-meta":"","header-below-stick-meta":"","astra-migrate-meta-layouts":"set","ast-page-background-enabled":"default","ast-page-background-meta":{"desktop":{"background-color":"var(--ast-global-color-4)","background-image":"","background-repeat":"repeat","background-position":"center center","background-size":"auto","background-attachment":"scroll","background-type":"","background-media":"","overlay-type":"","overlay-color":"","overlay-opacity":"","overlay-gradient":""},"tablet":{"background-color":"","background-image":"","background-repeat":"repeat","background-position":"center center","background-size":"auto","background-attachment":"scroll","background-type":"","background-media":"","overlay-type":"","overlay-color":"","overlay-opacity":"","overlay-gradient":""},"mobile":{"background-color":"","background-image":"","background-repeat":"repeat","background-position":"center center","background-size":"auto","background-attachment":"scroll","background-type":"","background-media":"","overlay-type":"","overlay-color":"","overlay-opacity":"","overlay-gradient":""}},"ast-content-background-meta":{"desktop":{"background-color":"var(--ast-global-color-5)","background-image":"","background-repeat":"repeat","background-position":"center center","background-size":"auto","background-attachment":"scroll","background-type":"","background-media":"","overlay-type":"","overlay-color":"","overlay-opacity":"","overlay-gradient":""},"tablet":{"background-color":"var(--ast-global-color-5)","background-image":"","background-repeat":"repeat","background-position":"center center","background-size":"auto","background-attachment":"scroll","background-type":"","background-media":"","overlay-type":"","overlay-color":"","overlay-opacity":"","overlay-gradient":""},"mobile":{"background-color":"var(--ast-global-color-5)","background-image":"","background-repeat":"repeat","background-position":"center center","background-size":"auto","background-attachment":"scroll","background-type":"","background-media":"","overlay-type":"","overlay-color":"","overlay-opacity":"","overlay-gradient":""}},"footnotes":""},"categories":[223,224,225,1,2,61,4,5],"tags":[96,73,72,71,70,69,68,67,66,65,95],"class_list":["post-3320","post","type-post","status-publish","format-standard","hentry","category-1r-cicle","category-2n-cicle","category-3r-cicle","category-general","category-infantil","category-menjador","category-portada","category-primaria","tag-curs22-23","tag-promocio2010","tag-promocio2011","tag-promocio2012","tag-promocio2013","tag-promocio2014","tag-promocio2015","tag-promocio2016","tag-promocio2017","tag-promocio2018","tag-promocio2019"],"post_mailing_queue_ids":[],"_links":{"self":[{"href":"https:\/\/agora.xtec.cat\/ceipespriu-granollers\/wp-json\/wp\/v2\/posts\/3320","targetHints":{"allow":["GET"]}}],"collection":[{"href":"https:\/\/agora.xtec.cat\/ceipespriu-granollers\/wp-json\/wp\/v2\/posts"}],"about":[{"href":"https:\/\/agora.xtec.cat\/ceipespriu-granollers\/wp-json\/wp\/v2\/types\/post"}],"author":[{"embeddable":true,"href":"https:\/\/agora.xtec.cat\/ceipespriu-granollers\/wp-json\/wp\/v2\/users\/1"}],"replies":[{"embeddable":true,"href":"https:\/\/agora.xtec.cat\/ceipespriu-granollers\/wp-json\/wp\/v2\/comments?post=3320"}],"version-history":[{"count":4,"href":"https:\/\/agora.xtec.cat\/ceipespriu-granollers\/wp-json\/wp\/v2\/posts\/3320\/revisions"}],"predecessor-version":[{"id":10430,"href":"https:\/\/agora.xtec.cat\/ceipespriu-granollers\/wp-json\/wp\/v2\/posts\/3320\/revisions\/10430"}],"wp:attachment":[{"href":"https:\/\/agora.xtec.cat\/ceipespriu-granollers\/wp-json\/wp\/v2\/media?parent=3320"}],"wp:term":[{"taxonomy":"category","embeddable":true,"href":"https:\/\/agora.xtec.cat\/ceipespriu-granollers\/wp-json\/wp\/v2\/categories?post=3320"},{"taxonomy":"post_tag","embeddable":true,"href":"https:\/\/agora.xtec.cat\/ceipespriu-granollers\/wp-json\/wp\/v2\/tags?post=3320"}],"curies":[{"name":"wp","href":"https:\/\/api.w.org\/{rel}","templated":true}]}}