{"id":2784,"date":"2022-05-16T11:46:52","date_gmt":"2022-05-16T09:46:52","guid":{"rendered":"https:\/\/agora.xtec.cat\/ceipespriu-granollers\/?p=2784"},"modified":"2026-02-06T16:37:45","modified_gmt":"2026-02-06T15:37:45","slug":"concert-de-la-clika","status":"publish","type":"post","link":"https:\/\/agora.xtec.cat\/ceipespriu-granollers\/primaria\/concert-de-la-clika\/","title":{"rendered":"CONCERT DE LA CLIKA"},"content":{"rendered":"<p><span style=\"font-family: inherit; font-size: 1em;\">Hola fam\u00edlies,<\/span><\/p>\n<p>Despr\u00e9s de gaireb\u00e9 tot un curs aprenent i practicant\u00a0 les can\u00e7ons de la Clika, a l&#8217;\u00e0rea de m\u00fasica. Per f\u00ed aquest dissabte 14 de maig, els alumnes de 2n hem tingut l&#8217;honor i el privilegi de poder fer la representaci\u00f3 conjunta amb alumnes d&#8217;altres escoles, amb la banda en directe i projeccions dels personatges de la Clika a l&#8217;Ateneu de Sant Celoni.<\/p>\n<p>Ha estat s\u00faper emocionant i hem gaudit molt\u00edssim.<\/p>\n<p>Gr\u00e0cies a tots per fer-ho possible, no oblidarem mai aquesta experi\u00e8ncia.<a href=\"https:\/\/agora.xtec.cat\/ceipespriu-granollers\/wp-content\/uploads\/usu780\/2022\/05\/1652645343035.jpg\"><img loading=\"lazy\" decoding=\"async\" class=\"alignnone size-large wp-image-2788\" src=\"https:\/\/agora.xtec.cat\/ceipespriu-granollers\/wp-content\/uploads\/usu780\/2022\/05\/1652645343035-1024x576.jpg\" alt=\"\" width=\"1024\" height=\"576\" srcset=\"https:\/\/agora.xtec.cat\/ceipespriu-granollers\/wp-content\/uploads\/usu780\/2022\/05\/1652645343035-1024x576.jpg 1024w, https:\/\/agora.xtec.cat\/ceipespriu-granollers\/wp-content\/uploads\/usu780\/2022\/05\/1652645343035-300x169.jpg 300w, https:\/\/agora.xtec.cat\/ceipespriu-granollers\/wp-content\/uploads\/usu780\/2022\/05\/1652645343035-768x432.jpg 768w, https:\/\/agora.xtec.cat\/ceipespriu-granollers\/wp-content\/uploads\/usu780\/2022\/05\/1652645343035-1536x864.jpg 1536w, https:\/\/agora.xtec.cat\/ceipespriu-granollers\/wp-content\/uploads\/usu780\/2022\/05\/1652645343035.jpg 1600w\" sizes=\"auto, (max-width: 1024px) 100vw, 1024px\" \/><\/a><\/p>\n<p><a href=\"https:\/\/agora.xtec.cat\/ceipespriu-granollers\/wp-content\/uploads\/usu780\/2022\/05\/1652645343042.jpg\"><img loading=\"lazy\" decoding=\"async\" class=\"alignnone size-large wp-image-2789\" src=\"https:\/\/agora.xtec.cat\/ceipespriu-granollers\/wp-content\/uploads\/usu780\/2022\/05\/1652645343042-1024x576.jpg\" alt=\"\" width=\"1024\" height=\"576\" srcset=\"https:\/\/agora.xtec.cat\/ceipespriu-granollers\/wp-content\/uploads\/usu780\/2022\/05\/1652645343042-1024x576.jpg 1024w, https:\/\/agora.xtec.cat\/ceipespriu-granollers\/wp-content\/uploads\/usu780\/2022\/05\/1652645343042-300x169.jpg 300w, https:\/\/agora.xtec.cat\/ceipespriu-granollers\/wp-content\/uploads\/usu780\/2022\/05\/1652645343042-768x432.jpg 768w, https:\/\/agora.xtec.cat\/ceipespriu-granollers\/wp-content\/uploads\/usu780\/2022\/05\/1652645343042-1536x864.jpg 1536w, https:\/\/agora.xtec.cat\/ceipespriu-granollers\/wp-content\/uploads\/usu780\/2022\/05\/1652645343042.jpg 1600w\" sizes=\"auto, (max-width: 1024px) 100vw, 1024px\" \/><\/a><\/p>\n","protected":false},"excerpt":{"rendered":"<p>Hola fam\u00edlies, Despr\u00e9s de gaireb\u00e9 tot un curs aprenent i practicant\u00a0 les can\u00e7ons de la Clika, a l&#8217;\u00e0rea de m\u00fasica. Per f\u00ed aquest dissabte 14 de maig, els alumnes de 2n hem tingut l&#8217;honor i el privilegi de poder fer la representaci\u00f3 conjunta amb alumnes d&#8217;altres escoles, amb la banda en directe i projeccions dels [&hellip;]<\/p>\n","protected":false},"author":46,"featured_media":2785,"comment_status":"closed","ping_status":"closed","sticky":false,"template":"","format":"standard","meta":{"_bbp_topic_count":0,"_bbp_reply_count":0,"_bbp_total_topic_count":0,"_bbp_total_reply_count":0,"_bbp_voice_count":0,"_bbp_anonymous_reply_count":0,"_bbp_topic_count_hidden":0,"_bbp_reply_count_hidden":0,"_bbp_forum_subforum_count":0,"site-sidebar-layout":"default","site-content-layout":"","ast-site-content-layout":"default","site-content-style":"default","site-sidebar-style":"default","ast-global-header-display":"","ast-banner-title-visibility":"","ast-main-header-display":"","ast-hfb-above-header-display":"","ast-hfb-below-header-display":"","ast-hfb-mobile-header-display":"","site-post-title":"","ast-breadcrumbs-content":"","ast-featured-img":"","footer-sml-layout":"","theme-transparent-header-meta":"","adv-header-id-meta":"","stick-header-meta":"","header-above-stick-meta":"","header-main-stick-meta":"","header-below-stick-meta":"","astra-migrate-meta-layouts":"set","ast-page-background-enabled":"default","ast-page-background-meta":{"desktop":{"background-color":"var(--ast-global-color-4)","background-image":"","background-repeat":"repeat","background-position":"center center","background-size":"auto","background-attachment":"scroll","background-type":"","background-media":"","overlay-type":"","overlay-color":"","overlay-opacity":"","overlay-gradient":""},"tablet":{"background-color":"","background-image":"","background-repeat":"repeat","background-position":"center center","background-size":"auto","background-attachment":"scroll","background-type":"","background-media":"","overlay-type":"","overlay-color":"","overlay-opacity":"","overlay-gradient":""},"mobile":{"background-color":"","background-image":"","background-repeat":"repeat","background-position":"center center","background-size":"auto","background-attachment":"scroll","background-type":"","background-media":"","overlay-type":"","overlay-color":"","overlay-opacity":"","overlay-gradient":""}},"ast-content-background-meta":{"desktop":{"background-color":"var(--ast-global-color-5)","background-image":"","background-repeat":"repeat","background-position":"center center","background-size":"auto","background-attachment":"scroll","background-type":"","background-media":"","overlay-type":"","overlay-color":"","overlay-opacity":"","overlay-gradient":""},"tablet":{"background-color":"var(--ast-global-color-5)","background-image":"","background-repeat":"repeat","background-position":"center center","background-size":"auto","background-attachment":"scroll","background-type":"","background-media":"","overlay-type":"","overlay-color":"","overlay-opacity":"","overlay-gradient":""},"mobile":{"background-color":"var(--ast-global-color-5)","background-image":"","background-repeat":"repeat","background-position":"center center","background-size":"auto","background-attachment":"scroll","background-type":"","background-media":"","overlay-type":"","overlay-color":"","overlay-opacity":"","overlay-gradient":""}},"footnotes":""},"categories":[223,11,75,5],"tags":[],"class_list":["post-2784","post","type-post","status-publish","format-standard","has-post-thumbnail","hentry","category-1r-cicle","category-2n","category-musica","category-primaria"],"post_mailing_queue_ids":[],"_links":{"self":[{"href":"https:\/\/agora.xtec.cat\/ceipespriu-granollers\/wp-json\/wp\/v2\/posts\/2784","targetHints":{"allow":["GET"]}}],"collection":[{"href":"https:\/\/agora.xtec.cat\/ceipespriu-granollers\/wp-json\/wp\/v2\/posts"}],"about":[{"href":"https:\/\/agora.xtec.cat\/ceipespriu-granollers\/wp-json\/wp\/v2\/types\/post"}],"author":[{"embeddable":true,"href":"https:\/\/agora.xtec.cat\/ceipespriu-granollers\/wp-json\/wp\/v2\/users\/46"}],"replies":[{"embeddable":true,"href":"https:\/\/agora.xtec.cat\/ceipespriu-granollers\/wp-json\/wp\/v2\/comments?post=2784"}],"version-history":[{"count":2,"href":"https:\/\/agora.xtec.cat\/ceipespriu-granollers\/wp-json\/wp\/v2\/posts\/2784\/revisions"}],"predecessor-version":[{"id":10445,"href":"https:\/\/agora.xtec.cat\/ceipespriu-granollers\/wp-json\/wp\/v2\/posts\/2784\/revisions\/10445"}],"wp:featuredmedia":[{"embeddable":true,"href":"https:\/\/agora.xtec.cat\/ceipespriu-granollers\/wp-json\/wp\/v2\/media\/2785"}],"wp:attachment":[{"href":"https:\/\/agora.xtec.cat\/ceipespriu-granollers\/wp-json\/wp\/v2\/media?parent=2784"}],"wp:term":[{"taxonomy":"category","embeddable":true,"href":"https:\/\/agora.xtec.cat\/ceipespriu-granollers\/wp-json\/wp\/v2\/categories?post=2784"},{"taxonomy":"post_tag","embeddable":true,"href":"https:\/\/agora.xtec.cat\/ceipespriu-granollers\/wp-json\/wp\/v2\/tags?post=2784"}],"curies":[{"name":"wp","href":"https:\/\/api.w.org\/{rel}","templated":true}]}}