{"id":2405,"date":"2022-03-16T10:12:07","date_gmt":"2022-03-16T09:12:07","guid":{"rendered":"https:\/\/agora.xtec.cat\/ceipespriu-granollers\/?p=2405"},"modified":"2026-02-06T16:43:36","modified_gmt":"2026-02-06T15:43:36","slug":"manifest-de-rebuig-a-la-guerra","status":"publish","type":"post","link":"https:\/\/agora.xtec.cat\/ceipespriu-granollers\/general\/manifest-de-rebuig-a-la-guerra\/","title":{"rendered":"Manifest de rebuig a la guerra"},"content":{"rendered":"<p><span style=\"font-weight: 400;\">Nens i nenes, mestres i tots els altres presents, avui dilluns 14 de mar\u00e7 de 2022, ens reunim aqu\u00ed per manifestar<\/span><b> el nostre rebuig en contra de la GUERRA.\u00a0<\/b><\/p>\n<p><span style=\"font-weight: 400;\">Tenim la sort de poder anar a l\u2019escola sense perill, anar a comprar, \u201cfer vida normal\u201d&#8230;<\/span><\/p>\n<p><span style=\"font-weight: 400;\">Durant aquesta <\/span><b>GUERRA<\/b><span style=\"font-weight: 400;\"> s&#8217;estan perdent moltes <\/span><b>vides HUMANES I<\/b><\/p>\n<p><b>INNOCENTS<\/b><span style=\"font-weight: 400;\">. Tamb\u00e9 <\/span><b>animals, <\/b><span style=\"font-weight: 400;\">que<\/span> <span style=\"font-weight: 400;\">es<\/span> <span style=\"font-weight: 400;\">queden<\/span><b> sense fam\u00edlia en fugir. <\/b><span style=\"font-weight: 400;\">S\u2019estan destruint <\/span><b>monuments hist\u00f2rics<\/b><span style=\"font-weight: 400;\">, que han estat destru\u00efts per les bombes, aix\u00ed com s\u2019han destru\u00eft les llars de les persones, granges, etc.\u00a0\u00a0<\/span><\/p>\n<p><span style=\"font-weight: 400;\">I aquesta guerra,<\/span> <span style=\"font-weight: 400;\">ens afecta, per\u00f2 no nom\u00e9s per l\u2019economia: el <\/span><b>preu<\/b><span style=\"font-weight: 400;\"> de la majoria de les coses b\u00e0siques est\u00e0 pujant molt per culpa d\u2019aquesta <\/span><b>GUERRA,<\/b><span style=\"font-weight: 400;\"> i estan posant l\u00edmits a la compra d\u2019alguns productes b\u00e0sics, com l\u2019oli de gira-sol, i la benzina, la llum, el gas&#8230; tot est\u00e0 molt m\u00e9s car.<\/span><\/p>\n<p><span style=\"font-weight: 400;\">\u00c9s per tot aix\u00f2, que ens agradaria que:<\/span><\/p>\n<ol>\n<li style=\"font-weight: 400;\" aria-level=\"1\"><span style=\"font-weight: 400;\">M\u2019agradaria que tothom fos feli\u00e7.<\/span><\/li>\n<li style=\"font-weight: 400;\" aria-level=\"1\"><span style=\"font-weight: 400;\">M\u2019agradaria que tothom tingu\u00e9s un lloc per viure.<\/span><\/li>\n<li style=\"font-weight: 400;\" aria-level=\"1\"><span style=\"font-weight: 400;\">M\u2019agradaria que tots els nens i nenes del m\u00f3n poguessin anar a l\u2019escola sense por ni pensaments dolents.\u00a0\u00a0\u00a0\u00a0\u00a0\u00a0\u00a0<\/span><\/li>\n<li style=\"font-weight: 400;\" aria-level=\"1\"><span style=\"font-weight: 400;\">M\u2019agradaria que ning\u00fa perd\u00e9s el seu lloc de treball.<\/span><\/li>\n<li style=\"font-weight: 400;\" aria-level=\"1\"><span style=\"font-weight: 400;\">M\u2019agradaria que no es fessin malb\u00e9 els monuments hist\u00f2rics, ciutats, pobles\u2026<\/span><\/li>\n<li style=\"font-weight: 400;\" aria-level=\"1\"><span style=\"font-weight: 400;\">M\u2019agradaria que tothom es <\/span><span style=\"font-weight: 400;\">pos\u00e9s<\/span><span style=\"font-weight: 400;\"> d\u2019acord.\u00a0<\/span><\/li>\n<li style=\"font-weight: 400;\" aria-level=\"1\"><span style=\"font-weight: 400;\">No volem que hi hagin m\u00e9s morts ni m\u00e9s ferits.\u00a0<\/span><\/li>\n<li style=\"font-weight: 400;\" aria-level=\"1\"><span style=\"font-weight: 400;\">Desitjaria, que ning\u00fa m\u00e9s pat\u00eds, ni ell mateix ni la seva fam\u00edlia i amics.<\/span><\/li>\n<li style=\"font-weight: 400;\" aria-level=\"1\"><span style=\"font-weight: 400;\">M&#8217;agradaria,<\/span> <span style=\"font-weight: 400;\">que ning\u00fa es barall\u00e9s.<\/span><\/li>\n<li style=\"font-weight: 400;\" aria-level=\"1\"><span style=\"font-weight: 400;\">M\u2019agradaria, que desapareguessin totes les bombes i armes.<\/span><\/li>\n<li style=\"font-weight: 400;\" aria-level=\"1\"><span style=\"font-weight: 400;\">M&#8217;agradaria que les persones grans, que estan malaltes o jubilades, no haguessin de sortir del seu pa\u00eds per la guerra.<\/span><\/li>\n<\/ol>\n<p><span style=\"font-weight: 400;\">Tamb\u00e9 <\/span><b>VOLEM RECORDAR<\/b><span style=\"font-weight: 400;\">, en aquests moments, a totes les persones refugiades i que viuen a camps de refugiats a Europa, i la resta del m\u00f3n. <\/span><b>Pensem en vosaltres <\/b><span style=\"font-weight: 400;\">i us <\/span><b>desitgem molta sort.\u00a0<\/b><\/p>\n<p><span style=\"font-weight: 400;\">\u2018\u2019la pau no es negocia\u2019\u2019<\/span><\/p>\n<p><span style=\"font-weight: 400;\">\u043c\u0438\u0440 \u043d\u0435 \u043e\u0431\u0433\u043e\u0432\u043e\u0440\u044e\u0454\u0442\u044c\u0441\u044f<\/span><\/p>\n<p><span style=\"font-weight: 400;\">\u2018\u2019No a les guerres\u2019\u2019<\/span><\/p>\n<p><span style=\"font-weight: 400;\">\u043d\u0435 \u0443 \u0432\u0456\u0439\u043d\u0430\u0445<\/span><\/p>\n<p><img loading=\"lazy\" decoding=\"async\" class=\"aligncenter size-large wp-image-2407\" src=\"https:\/\/agora.xtec.cat\/ceipespriu-granollers\/wp-content\/uploads\/usu780\/2022\/03\/IMG_4321-1024x768.jpg\" alt=\"\" width=\"1024\" height=\"768\" srcset=\"https:\/\/agora.xtec.cat\/ceipespriu-granollers\/wp-content\/uploads\/usu780\/2022\/03\/IMG_4321-1024x768.jpg 1024w, https:\/\/agora.xtec.cat\/ceipespriu-granollers\/wp-content\/uploads\/usu780\/2022\/03\/IMG_4321-300x225.jpg 300w, https:\/\/agora.xtec.cat\/ceipespriu-granollers\/wp-content\/uploads\/usu780\/2022\/03\/IMG_4321-768x576.jpg 768w, https:\/\/agora.xtec.cat\/ceipespriu-granollers\/wp-content\/uploads\/usu780\/2022\/03\/IMG_4321-1536x1152.jpg 1536w, https:\/\/agora.xtec.cat\/ceipespriu-granollers\/wp-content\/uploads\/usu780\/2022\/03\/IMG_4321-2048x1536.jpg 2048w, https:\/\/agora.xtec.cat\/ceipespriu-granollers\/wp-content\/uploads\/usu780\/2022\/03\/IMG_4321-200x150.jpg 200w\" sizes=\"auto, (max-width: 1024px) 100vw, 1024px\" \/> <img loading=\"lazy\" decoding=\"async\" class=\"aligncenter size-large wp-image-2408\" src=\"https:\/\/agora.xtec.cat\/ceipespriu-granollers\/wp-content\/uploads\/usu780\/2022\/03\/IMG_4322-1024x768.jpg\" alt=\"\" width=\"1024\" height=\"768\" srcset=\"https:\/\/agora.xtec.cat\/ceipespriu-granollers\/wp-content\/uploads\/usu780\/2022\/03\/IMG_4322-1024x768.jpg 1024w, https:\/\/agora.xtec.cat\/ceipespriu-granollers\/wp-content\/uploads\/usu780\/2022\/03\/IMG_4322-300x225.jpg 300w, https:\/\/agora.xtec.cat\/ceipespriu-granollers\/wp-content\/uploads\/usu780\/2022\/03\/IMG_4322-768x576.jpg 768w, https:\/\/agora.xtec.cat\/ceipespriu-granollers\/wp-content\/uploads\/usu780\/2022\/03\/IMG_4322-1536x1152.jpg 1536w, https:\/\/agora.xtec.cat\/ceipespriu-granollers\/wp-content\/uploads\/usu780\/2022\/03\/IMG_4322-2048x1536.jpg 2048w, https:\/\/agora.xtec.cat\/ceipespriu-granollers\/wp-content\/uploads\/usu780\/2022\/03\/IMG_4322-200x150.jpg 200w\" sizes=\"auto, (max-width: 1024px) 100vw, 1024px\" \/> <img loading=\"lazy\" decoding=\"async\" class=\"aligncenter size-large wp-image-2409\" src=\"https:\/\/agora.xtec.cat\/ceipespriu-granollers\/wp-content\/uploads\/usu780\/2022\/03\/IMG_4323-865x1024.jpg\" alt=\"\" width=\"865\" height=\"1024\" srcset=\"https:\/\/agora.xtec.cat\/ceipespriu-granollers\/wp-content\/uploads\/usu780\/2022\/03\/IMG_4323-865x1024.jpg 865w, https:\/\/agora.xtec.cat\/ceipespriu-granollers\/wp-content\/uploads\/usu780\/2022\/03\/IMG_4323-253x300.jpg 253w, https:\/\/agora.xtec.cat\/ceipespriu-granollers\/wp-content\/uploads\/usu780\/2022\/03\/IMG_4323-768x909.jpg 768w, https:\/\/agora.xtec.cat\/ceipespriu-granollers\/wp-content\/uploads\/usu780\/2022\/03\/IMG_4323-1298x1536.jpg 1298w, https:\/\/agora.xtec.cat\/ceipespriu-granollers\/wp-content\/uploads\/usu780\/2022\/03\/IMG_4323-1730x2048.jpg 1730w, https:\/\/agora.xtec.cat\/ceipespriu-granollers\/wp-content\/uploads\/usu780\/2022\/03\/IMG_4323.jpg 2016w\" sizes=\"auto, (max-width: 865px) 100vw, 865px\" \/> <img loading=\"lazy\" decoding=\"async\" class=\"aligncenter size-large wp-image-2410\" src=\"https:\/\/agora.xtec.cat\/ceipespriu-granollers\/wp-content\/uploads\/usu780\/2022\/03\/IMG_4324-1024x768.jpg\" alt=\"\" width=\"1024\" height=\"768\" srcset=\"https:\/\/agora.xtec.cat\/ceipespriu-granollers\/wp-content\/uploads\/usu780\/2022\/03\/IMG_4324-1024x768.jpg 1024w, https:\/\/agora.xtec.cat\/ceipespriu-granollers\/wp-content\/uploads\/usu780\/2022\/03\/IMG_4324-300x225.jpg 300w, https:\/\/agora.xtec.cat\/ceipespriu-granollers\/wp-content\/uploads\/usu780\/2022\/03\/IMG_4324-768x576.jpg 768w, https:\/\/agora.xtec.cat\/ceipespriu-granollers\/wp-content\/uploads\/usu780\/2022\/03\/IMG_4324-1536x1152.jpg 1536w, https:\/\/agora.xtec.cat\/ceipespriu-granollers\/wp-content\/uploads\/usu780\/2022\/03\/IMG_4324-2048x1536.jpg 2048w, https:\/\/agora.xtec.cat\/ceipespriu-granollers\/wp-content\/uploads\/usu780\/2022\/03\/IMG_4324-200x150.jpg 200w\" sizes=\"auto, (max-width: 1024px) 100vw, 1024px\" \/> <img loading=\"lazy\" decoding=\"async\" class=\"aligncenter size-large wp-image-2411\" src=\"https:\/\/agora.xtec.cat\/ceipespriu-granollers\/wp-content\/uploads\/usu780\/2022\/03\/IMG_4326-1024x768.jpg\" alt=\"\" width=\"1024\" height=\"768\" srcset=\"https:\/\/agora.xtec.cat\/ceipespriu-granollers\/wp-content\/uploads\/usu780\/2022\/03\/IMG_4326-1024x768.jpg 1024w, https:\/\/agora.xtec.cat\/ceipespriu-granollers\/wp-content\/uploads\/usu780\/2022\/03\/IMG_4326-300x225.jpg 300w, https:\/\/agora.xtec.cat\/ceipespriu-granollers\/wp-content\/uploads\/usu780\/2022\/03\/IMG_4326-768x576.jpg 768w, https:\/\/agora.xtec.cat\/ceipespriu-granollers\/wp-content\/uploads\/usu780\/2022\/03\/IMG_4326-1536x1152.jpg 1536w, https:\/\/agora.xtec.cat\/ceipespriu-granollers\/wp-content\/uploads\/usu780\/2022\/03\/IMG_4326-2048x1536.jpg 2048w, https:\/\/agora.xtec.cat\/ceipespriu-granollers\/wp-content\/uploads\/usu780\/2022\/03\/IMG_4326-200x150.jpg 200w\" sizes=\"auto, (max-width: 1024px) 100vw, 1024px\" \/><\/p>\n","protected":false},"excerpt":{"rendered":"<p>Nens i nenes, mestres i tots els altres presents, avui dilluns 14 de mar\u00e7 de 2022, ens reunim aqu\u00ed per manifestar el nostre rebuig en contra de la GUERRA.\u00a0 Tenim la sort de poder anar a l\u2019escola sense perill, anar a comprar, \u201cfer vida normal\u201d&#8230; Durant aquesta GUERRA s&#8217;estan perdent moltes vides HUMANES I INNOCENTS. [&hellip;]<\/p>\n","protected":false},"author":1,"featured_media":2411,"comment_status":"closed","ping_status":"closed","sticky":false,"template":"","format":"standard","meta":{"_bbp_topic_count":0,"_bbp_reply_count":0,"_bbp_total_topic_count":0,"_bbp_total_reply_count":0,"_bbp_voice_count":0,"_bbp_anonymous_reply_count":0,"_bbp_topic_count_hidden":0,"_bbp_reply_count_hidden":0,"_bbp_forum_subforum_count":0,"site-sidebar-layout":"default","site-content-layout":"","ast-site-content-layout":"default","site-content-style":"default","site-sidebar-style":"default","ast-global-header-display":"","ast-banner-title-visibility":"","ast-main-header-display":"","ast-hfb-above-header-display":"","ast-hfb-below-header-display":"","ast-hfb-mobile-header-display":"","site-post-title":"","ast-breadcrumbs-content":"","ast-featured-img":"","footer-sml-layout":"","theme-transparent-header-meta":"","adv-header-id-meta":"","stick-header-meta":"","header-above-stick-meta":"","header-main-stick-meta":"","header-below-stick-meta":"","astra-migrate-meta-layouts":"set","ast-page-background-enabled":"default","ast-page-background-meta":{"desktop":{"background-color":"var(--ast-global-color-4)","background-image":"","background-repeat":"repeat","background-position":"center center","background-size":"auto","background-attachment":"scroll","background-type":"","background-media":"","overlay-type":"","overlay-color":"","overlay-opacity":"","overlay-gradient":""},"tablet":{"background-color":"","background-image":"","background-repeat":"repeat","background-position":"center center","background-size":"auto","background-attachment":"scroll","background-type":"","background-media":"","overlay-type":"","overlay-color":"","overlay-opacity":"","overlay-gradient":""},"mobile":{"background-color":"","background-image":"","background-repeat":"repeat","background-position":"center center","background-size":"auto","background-attachment":"scroll","background-type":"","background-media":"","overlay-type":"","overlay-color":"","overlay-opacity":"","overlay-gradient":""}},"ast-content-background-meta":{"desktop":{"background-color":"var(--ast-global-color-5)","background-image":"","background-repeat":"repeat","background-position":"center center","background-size":"auto","background-attachment":"scroll","background-type":"","background-media":"","overlay-type":"","overlay-color":"","overlay-opacity":"","overlay-gradient":""},"tablet":{"background-color":"var(--ast-global-color-5)","background-image":"","background-repeat":"repeat","background-position":"center center","background-size":"auto","background-attachment":"scroll","background-type":"","background-media":"","overlay-type":"","overlay-color":"","overlay-opacity":"","overlay-gradient":""},"mobile":{"background-color":"var(--ast-global-color-5)","background-image":"","background-repeat":"repeat","background-position":"center center","background-size":"auto","background-attachment":"scroll","background-type":"","background-media":"","overlay-type":"","overlay-color":"","overlay-opacity":"","overlay-gradient":""}},"footnotes":""},"categories":[223,224,225,1,2,4,5],"tags":[85],"class_list":["post-2405","post","type-post","status-publish","format-standard","has-post-thumbnail","hentry","category-1r-cicle","category-2n-cicle","category-3r-cicle","category-general","category-infantil","category-portada","category-primaria","tag-curs21-22"],"post_mailing_queue_ids":[],"_links":{"self":[{"href":"https:\/\/agora.xtec.cat\/ceipespriu-granollers\/wp-json\/wp\/v2\/posts\/2405","targetHints":{"allow":["GET"]}}],"collection":[{"href":"https:\/\/agora.xtec.cat\/ceipespriu-granollers\/wp-json\/wp\/v2\/posts"}],"about":[{"href":"https:\/\/agora.xtec.cat\/ceipespriu-granollers\/wp-json\/wp\/v2\/types\/post"}],"author":[{"embeddable":true,"href":"https:\/\/agora.xtec.cat\/ceipespriu-granollers\/wp-json\/wp\/v2\/users\/1"}],"replies":[{"embeddable":true,"href":"https:\/\/agora.xtec.cat\/ceipespriu-granollers\/wp-json\/wp\/v2\/comments?post=2405"}],"version-history":[{"count":3,"href":"https:\/\/agora.xtec.cat\/ceipespriu-granollers\/wp-json\/wp\/v2\/posts\/2405\/revisions"}],"predecessor-version":[{"id":10460,"href":"https:\/\/agora.xtec.cat\/ceipespriu-granollers\/wp-json\/wp\/v2\/posts\/2405\/revisions\/10460"}],"wp:featuredmedia":[{"embeddable":true,"href":"https:\/\/agora.xtec.cat\/ceipespriu-granollers\/wp-json\/wp\/v2\/media\/2411"}],"wp:attachment":[{"href":"https:\/\/agora.xtec.cat\/ceipespriu-granollers\/wp-json\/wp\/v2\/media?parent=2405"}],"wp:term":[{"taxonomy":"category","embeddable":true,"href":"https:\/\/agora.xtec.cat\/ceipespriu-granollers\/wp-json\/wp\/v2\/categories?post=2405"},{"taxonomy":"post_tag","embeddable":true,"href":"https:\/\/agora.xtec.cat\/ceipespriu-granollers\/wp-json\/wp\/v2\/tags?post=2405"}],"curies":[{"name":"wp","href":"https:\/\/api.w.org\/{rel}","templated":true}]}}