{"id":1456,"date":"2021-11-03T15:44:47","date_gmt":"2021-11-03T14:44:47","guid":{"rendered":"https:\/\/agora.xtec.cat\/ceipespriu-granollers\/?p=1456"},"modified":"2026-02-09T11:07:36","modified_gmt":"2026-02-09T10:07:36","slug":"taller-de-la-biomassa-pel-clima","status":"publish","type":"post","link":"https:\/\/agora.xtec.cat\/ceipespriu-granollers\/primaria\/taller-de-la-biomassa-pel-clima\/","title":{"rendered":"Taller de la Biomassa pel Clima"},"content":{"rendered":"<p>Avui, dimecres dia 3 de novembre, han vingut de la Diputaci\u00f3 de Barcelona a fer-nos un taller sobre la Biomassa pel Clima. Hem apr\u00e8s que la biomassa \u00e9s una font important que pot contribuir a pal\u00b7liar el d\u00e8ficit energ\u00e8tic actual, ja que \u00e9s renovable (es fa servir mat\u00e8ria org\u00e0nica provinent de la fusta dels arbres), econ\u00f2mica, relativament neta (com a m\u00ednim, m\u00e9s que la procedent dels combustibles f\u00f2ssils) i necessita tecnologies poc complexes. Tamb\u00e9 hem fet alguna din\u00e0mica sobre els avantatges i inconvenients de fer servir energies renovables o combustibles f\u00f2ssils.<\/p>\n<p>Seguidament de la xerrada, i en grups de 5 persones, hem anat a visitar la caldera de biomassa que tenim instal\u00b7lada just al darrere de la nostra escola. Aquesta caldera forma part del Projecte de Xarxes de Calor amb Biomassa, que escalfa un total de 5 equipaments p\u00fablics situats per la zona de la nostra escola: el Cinema Edison, l&#8217;Escola Municipal del Treball, l\u2019Escola Municipal Salvador Llobet, l&#8217;Institut\u00a0 Antoni Cumella i la nostra escola.<\/p>\n<p>Ha estat molt interessant i esperem que s&#8217;hi puguin construir moltes m\u00e9s calderes de biomassa arreu del territori.<\/p>\n<p>Us deixem unes fotos de la visita que esperem que us agradin.<\/p>\n<p style=\"text-align: left;\"><\/p>\n<p style=\"text-align: left;\"><span style=\"color: #ffffff; font-family: Verdana, Arial, Helvetica, sans-serif;\">Des\u00e9s una font important que pot contribuir a pal\u00b7liar el d\u00e8ficit energ\u00e8tic actual, ja que \u00e9s renovable,<\/span><span style=\"color: #ffffff; font-family: Verdana, Arial, Helvetica, sans-serif;\">\u00a0barata,relativament neta (com a m\u00ednim, m\u00e9s que la procedent dels combustibles f\u00f2ssils) i necessita tecnologies poc complexes.\u00a0<\/span><\/p>\n","protected":false},"excerpt":{"rendered":"<p>Avui, dimecres dia 3 de novembre, han vingut de la Diputaci\u00f3 de Barcelona a fer-nos un taller sobre la Biomassa pel Clima. Hem apr\u00e8s que la biomassa \u00e9s una font important que pot contribuir a pal\u00b7liar el d\u00e8ficit energ\u00e8tic actual, ja que \u00e9s renovable (es fa servir mat\u00e8ria org\u00e0nica provinent de la fusta dels arbres), [&hellip;]<\/p>\n","protected":false},"author":1,"featured_media":0,"comment_status":"closed","ping_status":"closed","sticky":false,"template":"","format":"standard","meta":{"_bbp_topic_count":0,"_bbp_reply_count":0,"_bbp_total_topic_count":0,"_bbp_total_reply_count":0,"_bbp_voice_count":0,"_bbp_anonymous_reply_count":0,"_bbp_topic_count_hidden":0,"_bbp_reply_count_hidden":0,"_bbp_forum_subforum_count":0,"site-sidebar-layout":"default","site-content-layout":"","ast-site-content-layout":"default","site-content-style":"default","site-sidebar-style":"default","ast-global-header-display":"","ast-banner-title-visibility":"","ast-main-header-display":"","ast-hfb-above-header-display":"","ast-hfb-below-header-display":"","ast-hfb-mobile-header-display":"","site-post-title":"","ast-breadcrumbs-content":"","ast-featured-img":"","footer-sml-layout":"","theme-transparent-header-meta":"","adv-header-id-meta":"","stick-header-meta":"","header-above-stick-meta":"","header-main-stick-meta":"","header-below-stick-meta":"","astra-migrate-meta-layouts":"set","ast-page-background-enabled":"default","ast-page-background-meta":{"desktop":{"background-color":"var(--ast-global-color-4)","background-image":"","background-repeat":"repeat","background-position":"center center","background-size":"auto","background-attachment":"scroll","background-type":"","background-media":"","overlay-type":"","overlay-color":"","overlay-opacity":"","overlay-gradient":""},"tablet":{"background-color":"","background-image":"","background-repeat":"repeat","background-position":"center center","background-size":"auto","background-attachment":"scroll","background-type":"","background-media":"","overlay-type":"","overlay-color":"","overlay-opacity":"","overlay-gradient":""},"mobile":{"background-color":"","background-image":"","background-repeat":"repeat","background-position":"center center","background-size":"auto","background-attachment":"scroll","background-type":"","background-media":"","overlay-type":"","overlay-color":"","overlay-opacity":"","overlay-gradient":""}},"ast-content-background-meta":{"desktop":{"background-color":"var(--ast-global-color-5)","background-image":"","background-repeat":"repeat","background-position":"center center","background-size":"auto","background-attachment":"scroll","background-type":"","background-media":"","overlay-type":"","overlay-color":"","overlay-opacity":"","overlay-gradient":""},"tablet":{"background-color":"var(--ast-global-color-5)","background-image":"","background-repeat":"repeat","background-position":"center center","background-size":"auto","background-attachment":"scroll","background-type":"","background-media":"","overlay-type":"","overlay-color":"","overlay-opacity":"","overlay-gradient":""},"mobile":{"background-color":"var(--ast-global-color-5)","background-image":"","background-repeat":"repeat","background-position":"center center","background-size":"auto","background-attachment":"scroll","background-type":"","background-media":"","overlay-type":"","overlay-color":"","overlay-opacity":"","overlay-gradient":""}},"footnotes":""},"categories":[225,14,5],"tags":[72],"class_list":["post-1456","post","type-post","status-publish","format-standard","hentry","category-3r-cicle","category-5e","category-primaria","tag-promocio2011"],"post_mailing_queue_ids":[],"_links":{"self":[{"href":"https:\/\/agora.xtec.cat\/ceipespriu-granollers\/wp-json\/wp\/v2\/posts\/1456","targetHints":{"allow":["GET"]}}],"collection":[{"href":"https:\/\/agora.xtec.cat\/ceipespriu-granollers\/wp-json\/wp\/v2\/posts"}],"about":[{"href":"https:\/\/agora.xtec.cat\/ceipespriu-granollers\/wp-json\/wp\/v2\/types\/post"}],"author":[{"embeddable":true,"href":"https:\/\/agora.xtec.cat\/ceipespriu-granollers\/wp-json\/wp\/v2\/users\/1"}],"replies":[{"embeddable":true,"href":"https:\/\/agora.xtec.cat\/ceipespriu-granollers\/wp-json\/wp\/v2\/comments?post=1456"}],"version-history":[{"count":3,"href":"https:\/\/agora.xtec.cat\/ceipespriu-granollers\/wp-json\/wp\/v2\/posts\/1456\/revisions"}],"predecessor-version":[{"id":10529,"href":"https:\/\/agora.xtec.cat\/ceipespriu-granollers\/wp-json\/wp\/v2\/posts\/1456\/revisions\/10529"}],"wp:attachment":[{"href":"https:\/\/agora.xtec.cat\/ceipespriu-granollers\/wp-json\/wp\/v2\/media?parent=1456"}],"wp:term":[{"taxonomy":"category","embeddable":true,"href":"https:\/\/agora.xtec.cat\/ceipespriu-granollers\/wp-json\/wp\/v2\/categories?post=1456"},{"taxonomy":"post_tag","embeddable":true,"href":"https:\/\/agora.xtec.cat\/ceipespriu-granollers\/wp-json\/wp\/v2\/tags?post=1456"}],"curies":[{"name":"wp","href":"https:\/\/api.w.org\/{rel}","templated":true}]}}