{"id":10889,"date":"2026-04-28T23:06:50","date_gmt":"2026-04-28T21:06:50","guid":{"rendered":"https:\/\/agora.xtec.cat\/ceipespriu-granollers\/?p=10889"},"modified":"2026-04-28T23:06:51","modified_gmt":"2026-04-28T21:06:51","slug":"ja-tenim-ascensor-a-lescola","status":"publish","type":"post","link":"https:\/\/agora.xtec.cat\/ceipespriu-granollers\/general\/ja-tenim-ascensor-a-lescola\/","title":{"rendered":"Ja tenim ascensor a l&#8217;escola!"},"content":{"rendered":"\n<figure class=\"wp-block-image size-large\"><a href=\"https:\/\/agora.xtec.cat\/ceipespriu-granollers\/wp-content\/uploads\/usu780\/2026\/04\/WhatsApp-Image-2026-04-28-at-09.57.15.jpeg\"><img loading=\"lazy\" decoding=\"async\" width=\"1024\" height=\"473\" src=\"https:\/\/agora.xtec.cat\/ceipespriu-granollers\/wp-content\/uploads\/usu780\/2026\/04\/WhatsApp-Image-2026-04-28-at-09.57.15-1024x473.jpeg\" alt=\"\" class=\"wp-image-10890\" srcset=\"https:\/\/agora.xtec.cat\/ceipespriu-granollers\/wp-content\/uploads\/usu780\/2026\/04\/WhatsApp-Image-2026-04-28-at-09.57.15-1024x473.jpeg 1024w, https:\/\/agora.xtec.cat\/ceipespriu-granollers\/wp-content\/uploads\/usu780\/2026\/04\/WhatsApp-Image-2026-04-28-at-09.57.15-300x139.jpeg 300w, https:\/\/agora.xtec.cat\/ceipespriu-granollers\/wp-content\/uploads\/usu780\/2026\/04\/WhatsApp-Image-2026-04-28-at-09.57.15-768x355.jpeg 768w, https:\/\/agora.xtec.cat\/ceipespriu-granollers\/wp-content\/uploads\/usu780\/2026\/04\/WhatsApp-Image-2026-04-28-at-09.57.15-1536x710.jpeg 1536w, https:\/\/agora.xtec.cat\/ceipespriu-granollers\/wp-content\/uploads\/usu780\/2026\/04\/WhatsApp-Image-2026-04-28-at-09.57.15.jpeg 2000w\" sizes=\"auto, (max-width: 1024px) 100vw, 1024px\" \/><\/a><\/figure>\n\n\n\n<p>Despr\u00e9s de molts anys de treball, esfor\u00e7 i perseveran\u00e7a, a l\u2019escola ja tenim ascensor! Aquest \u00e9s un pas molt important per continuar avan\u00e7ant cap a un centre plenament accessible i inclusiu per a tothom.<\/p>\n\n\n\n<p>Volem expressar un agra\u00efment molt especial a la comissi\u00f3 d\u2019accessibilitat, que amb la seva dedicaci\u00f3 i const\u00e0ncia ha fet possible que aquest projecte esdevingui una realitat. Gr\u00e0cies tamb\u00e9 a totes les persones que hi han col\u00b7laborat i a la paci\u00e8ncia de l&#8217;alumnat i les fam\u00edlies durant les obres.<\/p>\n\n\n\n<p>Avui hem celebrat la inauguraci\u00f3 amb un acte molt significatiu, amb la participaci\u00f3 de l\u2019alumna m\u00e9s petita i l\u2019alumne m\u00e9s gran del centre, en representaci\u00f3 de tots els nens i nenes. Tamb\u00e9 ens han acompanyat membres de l\u2019AFA, representants de l\u2019Ajuntament i l\u2019Equip Directiu.<\/p>\n\n\n\n<p>Continuem treballant per una escola oberta, inclusiva i accessible per a tothom. Gr\u00e0cies a tots i totes per fer-ho possible!<\/p>\n\n\n","protected":false},"excerpt":{"rendered":"<p>Despr\u00e9s de molts anys de treball, esfor\u00e7 i perseveran\u00e7a, a l\u2019escola ja tenim ascensor! Aquest \u00e9s un pas molt important per continuar avan\u00e7ant cap a un centre plenament accessible i inclusiu per a tothom. Volem expressar un agra\u00efment molt especial a la comissi\u00f3 d\u2019accessibilitat, que amb la seva dedicaci\u00f3 i const\u00e0ncia ha fet possible que [&hellip;]<\/p>\n","protected":false},"author":45,"featured_media":10890,"comment_status":"closed","ping_status":"open","sticky":false,"template":"","format":"standard","meta":{"_bbp_topic_count":0,"_bbp_reply_count":0,"_bbp_total_topic_count":0,"_bbp_total_reply_count":0,"_bbp_voice_count":0,"_bbp_anonymous_reply_count":0,"_bbp_topic_count_hidden":0,"_bbp_reply_count_hidden":0,"_bbp_forum_subforum_count":0,"site-sidebar-layout":"default","site-content-layout":"","ast-site-content-layout":"default","site-content-style":"default","site-sidebar-style":"default","ast-global-header-display":"","ast-banner-title-visibility":"","ast-main-header-display":"","ast-hfb-above-header-display":"","ast-hfb-below-header-display":"","ast-hfb-mobile-header-display":"","site-post-title":"","ast-breadcrumbs-content":"","ast-featured-img":"","footer-sml-layout":"","theme-transparent-header-meta":"","adv-header-id-meta":"","stick-header-meta":"","header-above-stick-meta":"","header-main-stick-meta":"","header-below-stick-meta":"","astra-migrate-meta-layouts":"set","ast-page-background-enabled":"default","ast-page-background-meta":{"desktop":{"background-color":"var(--ast-global-color-4)","background-image":"","background-repeat":"repeat","background-position":"center center","background-size":"auto","background-attachment":"scroll","background-type":"","background-media":"","overlay-type":"","overlay-color":"","overlay-opacity":"","overlay-gradient":""},"tablet":{"background-color":"","background-image":"","background-repeat":"repeat","background-position":"center center","background-size":"auto","background-attachment":"scroll","background-type":"","background-media":"","overlay-type":"","overlay-color":"","overlay-opacity":"","overlay-gradient":""},"mobile":{"background-color":"","background-image":"","background-repeat":"repeat","background-position":"center center","background-size":"auto","background-attachment":"scroll","background-type":"","background-media":"","overlay-type":"","overlay-color":"","overlay-opacity":"","overlay-gradient":""}},"ast-content-background-meta":{"desktop":{"background-color":"var(--ast-global-color-5)","background-image":"","background-repeat":"repeat","background-position":"center center","background-size":"auto","background-attachment":"scroll","background-type":"","background-media":"","overlay-type":"","overlay-color":"","overlay-opacity":"","overlay-gradient":""},"tablet":{"background-color":"var(--ast-global-color-5)","background-image":"","background-repeat":"repeat","background-position":"center center","background-size":"auto","background-attachment":"scroll","background-type":"","background-media":"","overlay-type":"","overlay-color":"","overlay-opacity":"","overlay-gradient":""},"mobile":{"background-color":"var(--ast-global-color-5)","background-image":"","background-repeat":"repeat","background-position":"center center","background-size":"auto","background-attachment":"scroll","background-type":"","background-media":"","overlay-type":"","overlay-color":"","overlay-opacity":"","overlay-gradient":""}},"footnotes":""},"categories":[1],"tags":[228],"class_list":["post-10889","post","type-post","status-publish","format-standard","has-post-thumbnail","hentry","category-general","tag-curs-2025-2026-2"],"post_mailing_queue_ids":[],"_links":{"self":[{"href":"https:\/\/agora.xtec.cat\/ceipespriu-granollers\/wp-json\/wp\/v2\/posts\/10889","targetHints":{"allow":["GET"]}}],"collection":[{"href":"https:\/\/agora.xtec.cat\/ceipespriu-granollers\/wp-json\/wp\/v2\/posts"}],"about":[{"href":"https:\/\/agora.xtec.cat\/ceipespriu-granollers\/wp-json\/wp\/v2\/types\/post"}],"author":[{"embeddable":true,"href":"https:\/\/agora.xtec.cat\/ceipespriu-granollers\/wp-json\/wp\/v2\/users\/45"}],"replies":[{"embeddable":true,"href":"https:\/\/agora.xtec.cat\/ceipespriu-granollers\/wp-json\/wp\/v2\/comments?post=10889"}],"version-history":[{"count":1,"href":"https:\/\/agora.xtec.cat\/ceipespriu-granollers\/wp-json\/wp\/v2\/posts\/10889\/revisions"}],"predecessor-version":[{"id":10891,"href":"https:\/\/agora.xtec.cat\/ceipespriu-granollers\/wp-json\/wp\/v2\/posts\/10889\/revisions\/10891"}],"wp:featuredmedia":[{"embeddable":true,"href":"https:\/\/agora.xtec.cat\/ceipespriu-granollers\/wp-json\/wp\/v2\/media\/10890"}],"wp:attachment":[{"href":"https:\/\/agora.xtec.cat\/ceipespriu-granollers\/wp-json\/wp\/v2\/media?parent=10889"}],"wp:term":[{"taxonomy":"category","embeddable":true,"href":"https:\/\/agora.xtec.cat\/ceipespriu-granollers\/wp-json\/wp\/v2\/categories?post=10889"},{"taxonomy":"post_tag","embeddable":true,"href":"https:\/\/agora.xtec.cat\/ceipespriu-granollers\/wp-json\/wp\/v2\/tags?post=10889"}],"curies":[{"name":"wp","href":"https:\/\/api.w.org\/{rel}","templated":true}]}}