{"id":10828,"date":"2026-04-23T12:15:46","date_gmt":"2026-04-23T10:15:46","guid":{"rendered":"https:\/\/agora.xtec.cat\/ceipespriu-granollers\/?p=10828"},"modified":"2026-04-23T12:27:25","modified_gmt":"2026-04-23T10:27:25","slug":"celebrem-sant-jordi","status":"publish","type":"post","link":"https:\/\/agora.xtec.cat\/ceipespriu-granollers\/general\/celebrem-sant-jordi\/","title":{"rendered":"Celebrem Sant Jordi!"},"content":{"rendered":"\n<p>Avui dijous, la nostra escola s&#8217;ha vestit de gala per celebrar la diada de Sant Jordi, una de les festes m\u00e9s estimades del nostre calendari. Ha estat una jornada plena de color, lletres i, sobretot, de molt de talent compartit entre tota la comunitat educativa.<\/p>\n\n\n\n<p>La celebraci\u00f3 ha comen\u00e7at amb un ambient immillorable gr\u00e0cies a les actuacions musicals del nostre alumnat. Des dels m\u00e9s petits fins als m\u00e9s grans ens han ofert un repertori variat que ha omplert cada rac\u00f3 d&#8217;alegria i melodia. \u00c9s un orgull veure l&#8217;esfor\u00e7 i la dedicaci\u00f3 que posen en els seus instruments i veus!<\/p>\n\n\n\n<p>Un dels moments m\u00e9s esperats ha estat l&#8217;entrega de premis del concurs de punts de llibre. Volem felicitar no nom\u00e9s els guanyadors i guanyadores de cada categoria, sin\u00f3 tot l&#8217;alumnat que ha participat. La vostra imaginaci\u00f3 ha convertit aquests petits trossos de cartolina en aut\u00e8ntiques obres d&#8217;art que ens acompanyaran en les nostres lectures.<\/p>\n\n\n\n<p>Us deixem els punts de llibre guanyadors del concurs, algunes imatges de la celebraci\u00f3 i videos de les actuacions musicals.<\/p>\n\n\n\n<figure class=\"wp-block-image size-large\"><a href=\"https:\/\/agora.xtec.cat\/ceipespriu-granollers\/wp-content\/uploads\/usu780\/2026\/04\/S30C-0i26042311001_page-0001-1.jpg\"><img loading=\"lazy\" decoding=\"async\" width=\"1024\" height=\"724\" src=\"https:\/\/agora.xtec.cat\/ceipespriu-granollers\/wp-content\/uploads\/usu780\/2026\/04\/S30C-0i26042311001_page-0001-1-1024x724.jpg\" alt=\"\" class=\"wp-image-10835\" srcset=\"https:\/\/agora.xtec.cat\/ceipespriu-granollers\/wp-content\/uploads\/usu780\/2026\/04\/S30C-0i26042311001_page-0001-1-1024x724.jpg 1024w, https:\/\/agora.xtec.cat\/ceipespriu-granollers\/wp-content\/uploads\/usu780\/2026\/04\/S30C-0i26042311001_page-0001-1-300x212.jpg 300w, https:\/\/agora.xtec.cat\/ceipespriu-granollers\/wp-content\/uploads\/usu780\/2026\/04\/S30C-0i26042311001_page-0001-1-768x543.jpg 768w, https:\/\/agora.xtec.cat\/ceipespriu-granollers\/wp-content\/uploads\/usu780\/2026\/04\/S30C-0i26042311001_page-0001-1-1536x1086.jpg 1536w, https:\/\/agora.xtec.cat\/ceipespriu-granollers\/wp-content\/uploads\/usu780\/2026\/04\/S30C-0i26042311001_page-0001-1.jpg 1754w\" sizes=\"auto, (max-width: 1024px) 100vw, 1024px\" \/><\/a><\/figure>\n\n\n\n<figure class=\"wp-block-table is-style-stripes has-medium-font-size\" style=\"padding-top:0;padding-right:var(--wp--preset--spacing--80);padding-bottom:0;padding-left:var(--wp--preset--spacing--80)\"><table style=\"border-style:none;border-width:0px\"><tbody><tr><td><strong>Categoria<\/strong><\/td><td><strong>Participant<\/strong><\/td><td><strong>Nivell<\/strong><\/td><\/tr><tr><td>A1<\/td><td>Oihane Garbizu P\u00e9rez<\/td><td>I3 B<\/td><\/tr><tr><td>A2<\/td><td>Helena Cruz D\u00edez<\/td><td>I4 B<\/td><\/tr><tr><td>B<\/td><td>Amalia Mendoza Sobrevilla<\/td><td>1r A<\/td><\/tr><tr><td>C<\/td><td>Elisa Mart\u00ednez Boque<\/td><td>3r A<\/td><\/tr><tr><td>D<\/td><td>Mariona Rib\u00e9 Boix<\/td><td>6\u00e8 A<\/td><\/tr><tr><td>E<\/td><td>Anabel Cortiella Garriga<\/td><td>mare de 2n A<\/td><\/tr><\/tbody><\/table><\/figure>\n\n\n\n<figure class=\"wp-block-image aligncenter size-full\"><a href=\"https:\/\/drive.google.com\/drive\/folders\/18hFvqJn1Sg3XM1q2WHN3VgeL8c4TnwJE?usp=sharing\"><img loading=\"lazy\" decoding=\"async\" width=\"624\" height=\"468\" src=\"https:\/\/agora.xtec.cat\/ceipespriu-granollers\/wp-content\/uploads\/usu780\/2026\/04\/image.png\" alt=\"\" class=\"wp-image-10829\" srcset=\"https:\/\/agora.xtec.cat\/ceipespriu-granollers\/wp-content\/uploads\/usu780\/2026\/04\/image.png 624w, https:\/\/agora.xtec.cat\/ceipespriu-granollers\/wp-content\/uploads\/usu780\/2026\/04\/image-300x225.png 300w\" sizes=\"auto, (max-width: 624px) 100vw, 624px\" \/><\/a><\/figure>\n\n\n\n<p class=\"has-text-align-center\">Bona diada de Sant Jordi a tothom!<\/p>\n\n\n\n<p><\/p>\n","protected":false},"excerpt":{"rendered":"<p>Avui dijous, la nostra escola s&#8217;ha vestit de gala per celebrar la diada de Sant Jordi, una de les festes m\u00e9s estimades del nostre calendari. Ha estat una jornada plena de color, lletres i, sobretot, de molt de talent compartit entre tota la comunitat educativa. La celebraci\u00f3 ha comen\u00e7at amb un ambient immillorable gr\u00e0cies a [&hellip;]<\/p>\n","protected":false},"author":1,"featured_media":10829,"comment_status":"closed","ping_status":"open","sticky":false,"template":"","format":"standard","meta":{"_bbp_topic_count":0,"_bbp_reply_count":0,"_bbp_total_topic_count":0,"_bbp_total_reply_count":0,"_bbp_voice_count":0,"_bbp_anonymous_reply_count":0,"_bbp_topic_count_hidden":0,"_bbp_reply_count_hidden":0,"_bbp_forum_subforum_count":0,"site-sidebar-layout":"default","site-content-layout":"","ast-site-content-layout":"default","site-content-style":"default","site-sidebar-style":"default","ast-global-header-display":"","ast-banner-title-visibility":"","ast-main-header-display":"","ast-hfb-above-header-display":"","ast-hfb-below-header-display":"","ast-hfb-mobile-header-display":"","site-post-title":"","ast-breadcrumbs-content":"","ast-featured-img":"","footer-sml-layout":"","theme-transparent-header-meta":"","adv-header-id-meta":"","stick-header-meta":"","header-above-stick-meta":"","header-main-stick-meta":"","header-below-stick-meta":"","astra-migrate-meta-layouts":"set","ast-page-background-enabled":"default","ast-page-background-meta":{"desktop":{"background-color":"var(--ast-global-color-4)","background-image":"","background-repeat":"repeat","background-position":"center center","background-size":"auto","background-attachment":"scroll","background-type":"","background-media":"","overlay-type":"","overlay-color":"","overlay-opacity":"","overlay-gradient":""},"tablet":{"background-color":"","background-image":"","background-repeat":"repeat","background-position":"center center","background-size":"auto","background-attachment":"scroll","background-type":"","background-media":"","overlay-type":"","overlay-color":"","overlay-opacity":"","overlay-gradient":""},"mobile":{"background-color":"","background-image":"","background-repeat":"repeat","background-position":"center center","background-size":"auto","background-attachment":"scroll","background-type":"","background-media":"","overlay-type":"","overlay-color":"","overlay-opacity":"","overlay-gradient":""}},"ast-content-background-meta":{"desktop":{"background-color":"var(--ast-global-color-5)","background-image":"","background-repeat":"repeat","background-position":"center center","background-size":"auto","background-attachment":"scroll","background-type":"","background-media":"","overlay-type":"","overlay-color":"","overlay-opacity":"","overlay-gradient":""},"tablet":{"background-color":"var(--ast-global-color-5)","background-image":"","background-repeat":"repeat","background-position":"center center","background-size":"auto","background-attachment":"scroll","background-type":"","background-media":"","overlay-type":"","overlay-color":"","overlay-opacity":"","overlay-gradient":""},"mobile":{"background-color":"var(--ast-global-color-5)","background-image":"","background-repeat":"repeat","background-position":"center center","background-size":"auto","background-attachment":"scroll","background-type":"","background-media":"","overlay-type":"","overlay-color":"","overlay-opacity":"","overlay-gradient":""}},"footnotes":""},"categories":[223,224,225,125,1,2,4,5],"tags":[228],"class_list":["post-10828","post","type-post","status-publish","format-standard","has-post-thumbnail","hentry","category-1r-cicle","category-2n-cicle","category-3r-cicle","category-afa","category-general","category-infantil","category-portada","category-primaria","tag-curs-2025-2026-2"],"post_mailing_queue_ids":[],"_links":{"self":[{"href":"https:\/\/agora.xtec.cat\/ceipespriu-granollers\/wp-json\/wp\/v2\/posts\/10828","targetHints":{"allow":["GET"]}}],"collection":[{"href":"https:\/\/agora.xtec.cat\/ceipespriu-granollers\/wp-json\/wp\/v2\/posts"}],"about":[{"href":"https:\/\/agora.xtec.cat\/ceipespriu-granollers\/wp-json\/wp\/v2\/types\/post"}],"author":[{"embeddable":true,"href":"https:\/\/agora.xtec.cat\/ceipespriu-granollers\/wp-json\/wp\/v2\/users\/1"}],"replies":[{"embeddable":true,"href":"https:\/\/agora.xtec.cat\/ceipespriu-granollers\/wp-json\/wp\/v2\/comments?post=10828"}],"version-history":[{"count":5,"href":"https:\/\/agora.xtec.cat\/ceipespriu-granollers\/wp-json\/wp\/v2\/posts\/10828\/revisions"}],"predecessor-version":[{"id":10836,"href":"https:\/\/agora.xtec.cat\/ceipespriu-granollers\/wp-json\/wp\/v2\/posts\/10828\/revisions\/10836"}],"wp:featuredmedia":[{"embeddable":true,"href":"https:\/\/agora.xtec.cat\/ceipespriu-granollers\/wp-json\/wp\/v2\/media\/10829"}],"wp:attachment":[{"href":"https:\/\/agora.xtec.cat\/ceipespriu-granollers\/wp-json\/wp\/v2\/media?parent=10828"}],"wp:term":[{"taxonomy":"category","embeddable":true,"href":"https:\/\/agora.xtec.cat\/ceipespriu-granollers\/wp-json\/wp\/v2\/categories?post=10828"},{"taxonomy":"post_tag","embeddable":true,"href":"https:\/\/agora.xtec.cat\/ceipespriu-granollers\/wp-json\/wp\/v2\/tags?post=10828"}],"curies":[{"name":"wp","href":"https:\/\/api.w.org\/{rel}","templated":true}]}}