{"id":10820,"date":"2026-04-22T11:00:51","date_gmt":"2026-04-22T09:00:51","guid":{"rendered":"https:\/\/agora.xtec.cat\/ceipespriu-granollers\/?p=10820"},"modified":"2026-04-23T15:32:11","modified_gmt":"2026-04-23T13:32:11","slug":"ja-pots-llegir-el-nou-numero-de-la-revista-mon-espriu-2","status":"publish","type":"post","link":"https:\/\/agora.xtec.cat\/ceipespriu-granollers\/general\/ja-pots-llegir-el-nou-numero-de-la-revista-mon-espriu-2\/","title":{"rendered":"Ja pots llegir el nou n\u00famero de la revista \u201cM\u00f3n Espriu\u201d!"},"content":{"rendered":"\n<p>Ja teniu la nova edici\u00f3 de <strong>\u201cM\u00f3n Espriu\u201d<\/strong>, el recull m\u00e9s viu de tot el que passa a les nostres aules i m\u00e9s enll\u00e0.<\/p>\n\n\n\n<p>Dins d\u2019aquest exemplar podreu submergir-vos en el talent dels nostres joves a trav\u00e9s dels seus articles i propostes creatives, a m\u00e9s de reviure els millors moments de les darreres rutes i viatges amb una cr\u00f2nica visual plena d&#8217;energia. Tamb\u00e9 hi hem incl\u00f2s entrevistes amb alguns\/es protagonistes del centre que no us deixaran indiferents.<\/p>\n\n\n\n<p>Volem donar les gr\u00e0cies a l\u2019alumnat de 5\u00e8 que ha posat el seu gra de sorra en aquesta publicaci\u00f3.<\/p>\n\n\n\n<figure class=\"wp-block-image aligncenter size-large\"><a href=\"https:\/\/drive.google.com\/file\/d\/1-0gj-f8_p0-8dPOpABZXYW7CkdfqkwOQ\/view?usp=drive_link\"><img loading=\"lazy\" decoding=\"async\" width=\"725\" height=\"1024\" src=\"https:\/\/agora.xtec.cat\/ceipespriu-granollers\/wp-content\/uploads\/usu780\/2026\/04\/111-Mon-Espriu_page-0001-725x1024.jpg\" alt=\"\" class=\"wp-image-10796\" srcset=\"https:\/\/agora.xtec.cat\/ceipespriu-granollers\/wp-content\/uploads\/usu780\/2026\/04\/111-Mon-Espriu_page-0001-725x1024.jpg 725w, https:\/\/agora.xtec.cat\/ceipespriu-granollers\/wp-content\/uploads\/usu780\/2026\/04\/111-Mon-Espriu_page-0001-212x300.jpg 212w, https:\/\/agora.xtec.cat\/ceipespriu-granollers\/wp-content\/uploads\/usu780\/2026\/04\/111-Mon-Espriu_page-0001-768x1085.jpg 768w, https:\/\/agora.xtec.cat\/ceipespriu-granollers\/wp-content\/uploads\/usu780\/2026\/04\/111-Mon-Espriu_page-0001-1087x1536.jpg 1087w, https:\/\/agora.xtec.cat\/ceipespriu-granollers\/wp-content\/uploads\/usu780\/2026\/04\/111-Mon-Espriu_page-0001.jpg 1241w\" sizes=\"auto, (max-width: 725px) 100vw, 725px\" \/><\/a><\/figure>\n","protected":false},"excerpt":{"rendered":"<p>Ja teniu la nova edici\u00f3 de \u201cM\u00f3n Espriu\u201d, el recull m\u00e9s viu de tot el que passa a les nostres aules i m\u00e9s enll\u00e0. Dins d\u2019aquest exemplar podreu submergir-vos en el talent dels nostres joves a trav\u00e9s dels seus articles i propostes creatives, a m\u00e9s de reviure els millors moments de les darreres rutes i [&hellip;]<\/p>\n","protected":false},"author":1,"featured_media":10796,"comment_status":"closed","ping_status":"open","sticky":false,"template":"","format":"standard","meta":{"_bbp_topic_count":0,"_bbp_reply_count":0,"_bbp_total_topic_count":0,"_bbp_total_reply_count":0,"_bbp_voice_count":0,"_bbp_anonymous_reply_count":0,"_bbp_topic_count_hidden":0,"_bbp_reply_count_hidden":0,"_bbp_forum_subforum_count":0,"site-sidebar-layout":"default","site-content-layout":"","ast-site-content-layout":"default","site-content-style":"default","site-sidebar-style":"default","ast-global-header-display":"","ast-banner-title-visibility":"","ast-main-header-display":"","ast-hfb-above-header-display":"","ast-hfb-below-header-display":"","ast-hfb-mobile-header-display":"","site-post-title":"","ast-breadcrumbs-content":"","ast-featured-img":"","footer-sml-layout":"","theme-transparent-header-meta":"","adv-header-id-meta":"","stick-header-meta":"","header-above-stick-meta":"","header-main-stick-meta":"","header-below-stick-meta":"","astra-migrate-meta-layouts":"set","ast-page-background-enabled":"default","ast-page-background-meta":{"desktop":{"background-color":"var(--ast-global-color-4)","background-image":"","background-repeat":"repeat","background-position":"center center","background-size":"auto","background-attachment":"scroll","background-type":"","background-media":"","overlay-type":"","overlay-color":"","overlay-opacity":"","overlay-gradient":""},"tablet":{"background-color":"","background-image":"","background-repeat":"repeat","background-position":"center center","background-size":"auto","background-attachment":"scroll","background-type":"","background-media":"","overlay-type":"","overlay-color":"","overlay-opacity":"","overlay-gradient":""},"mobile":{"background-color":"","background-image":"","background-repeat":"repeat","background-position":"center center","background-size":"auto","background-attachment":"scroll","background-type":"","background-media":"","overlay-type":"","overlay-color":"","overlay-opacity":"","overlay-gradient":""}},"ast-content-background-meta":{"desktop":{"background-color":"var(--ast-global-color-5)","background-image":"","background-repeat":"repeat","background-position":"center center","background-size":"auto","background-attachment":"scroll","background-type":"","background-media":"","overlay-type":"","overlay-color":"","overlay-opacity":"","overlay-gradient":""},"tablet":{"background-color":"var(--ast-global-color-5)","background-image":"","background-repeat":"repeat","background-position":"center center","background-size":"auto","background-attachment":"scroll","background-type":"","background-media":"","overlay-type":"","overlay-color":"","overlay-opacity":"","overlay-gradient":""},"mobile":{"background-color":"var(--ast-global-color-5)","background-image":"","background-repeat":"repeat","background-position":"center center","background-size":"auto","background-attachment":"scroll","background-type":"","background-media":"","overlay-type":"","overlay-color":"","overlay-opacity":"","overlay-gradient":""}},"footnotes":""},"categories":[223,224,225,125,1,2,4,5],"tags":[228],"class_list":["post-10820","post","type-post","status-publish","format-standard","has-post-thumbnail","hentry","category-1r-cicle","category-2n-cicle","category-3r-cicle","category-afa","category-general","category-infantil","category-portada","category-primaria","tag-curs-2025-2026-2"],"post_mailing_queue_ids":[],"_links":{"self":[{"href":"https:\/\/agora.xtec.cat\/ceipespriu-granollers\/wp-json\/wp\/v2\/posts\/10820","targetHints":{"allow":["GET"]}}],"collection":[{"href":"https:\/\/agora.xtec.cat\/ceipespriu-granollers\/wp-json\/wp\/v2\/posts"}],"about":[{"href":"https:\/\/agora.xtec.cat\/ceipespriu-granollers\/wp-json\/wp\/v2\/types\/post"}],"author":[{"embeddable":true,"href":"https:\/\/agora.xtec.cat\/ceipespriu-granollers\/wp-json\/wp\/v2\/users\/1"}],"replies":[{"embeddable":true,"href":"https:\/\/agora.xtec.cat\/ceipespriu-granollers\/wp-json\/wp\/v2\/comments?post=10820"}],"version-history":[{"count":2,"href":"https:\/\/agora.xtec.cat\/ceipespriu-granollers\/wp-json\/wp\/v2\/posts\/10820\/revisions"}],"predecessor-version":[{"id":10837,"href":"https:\/\/agora.xtec.cat\/ceipespriu-granollers\/wp-json\/wp\/v2\/posts\/10820\/revisions\/10837"}],"wp:featuredmedia":[{"embeddable":true,"href":"https:\/\/agora.xtec.cat\/ceipespriu-granollers\/wp-json\/wp\/v2\/media\/10796"}],"wp:attachment":[{"href":"https:\/\/agora.xtec.cat\/ceipespriu-granollers\/wp-json\/wp\/v2\/media?parent=10820"}],"wp:term":[{"taxonomy":"category","embeddable":true,"href":"https:\/\/agora.xtec.cat\/ceipespriu-granollers\/wp-json\/wp\/v2\/categories?post=10820"},{"taxonomy":"post_tag","embeddable":true,"href":"https:\/\/agora.xtec.cat\/ceipespriu-granollers\/wp-json\/wp\/v2\/tags?post=10820"}],"curies":[{"name":"wp","href":"https:\/\/api.w.org\/{rel}","templated":true}]}}