{"id":10589,"date":"2026-02-25T13:17:37","date_gmt":"2026-02-25T12:17:37","guid":{"rendered":"https:\/\/agora.xtec.cat\/ceipespriu-granollers\/?p=10589"},"modified":"2026-02-25T13:17:38","modified_gmt":"2026-02-25T12:17:38","slug":"un-carnaval-de-pellicula","status":"publish","type":"post","link":"https:\/\/agora.xtec.cat\/ceipespriu-granollers\/general\/un-carnaval-de-pellicula\/","title":{"rendered":"Un Carnaval de pel\u00b7l\u00edcula!"},"content":{"rendered":"\n<p>Despr\u00e9s d\u2019una setmana d\u2019incertesa marcada per la pluja del divendres 13, per fi vam poder celebrar el nostre esperat Carnaval de pel\u00b7l\u00edcula el passat divendres 20. I va valdre molt la pena esperar!<\/p>\n\n\n\n<p>Des d\u2019I3 fins a 6\u00e8, l\u2019escola es va omplir de color, creativitat i molta il\u00b7lusi\u00f3. Els passadissos i el pati es van transformar en un aut\u00e8ntic plat\u00f3 de cinema on no hi faltava cap detall. Els m\u00e9s petits i els m\u00e9s grans van desfilar amb disfresses espectaculars inspirades en personatges i hist\u00f2ries que ens fan somiar.<\/p>\n\n\n\n<p>Vam veure un munt de minions de la pel\u00b7l\u00edcula Despicable Me, plens d\u2019energia i somriures. Tamb\u00e9 van apar\u00e8ixer molts Doraemons amb la seva butxaca m\u00e0gica preparada per a qualsevol sorpresa. La for\u00e7a va ser molt present gr\u00e0cies als personatges de Star Wars, que van omplir el pati de jedis, princeses i fins i tot algun Darth Vader.<\/p>\n\n\n\n<p>La m\u00e0gia no hi podia faltar, amb disfresses inspirades en els cl\u00e0ssics i personatges que van portar fantasia i conte de fades a la nostra festa. I les emocions van prendre vida amb els personatges de Inside Out, que ens van recordar la import\u00e0ncia d\u2019alegrar-nos, compartir i expressar com ens sentim.<\/p>\n\n\n\n<p>Va ser una jornada plena de rialles, m\u00fasica i conviv\u00e8ncia, on grans i petits van gaudir junts d\u2019una celebraci\u00f3 molt especial. Sens dubte, una festa per recordar\u2026 i digna de la millor estrena cinematogr\u00e0fica!<\/p>\n\n\n\n<p>Us deixem el v\u00eddeo a continuaci\u00f3 perqu\u00e8 pugueu veure i tornar a gaudir de tots els balls que vam preparar amb tanta il\u00b7lusi\u00f3!<\/p>\n\n\n\n<figure class=\"wp-block-embed is-type-video is-provider-youtube wp-block-embed-youtube wp-embed-aspect-16-9 wp-has-aspect-ratio\" style=\"margin-top:0;margin-right:0;margin-bottom:0;margin-left:0\"><div class=\"wp-block-embed__wrapper\">\n<div class=\"ast-oembed-container \" style=\"height: 100%;\"><iframe loading=\"lazy\" title=\"Carnaval 2025 - 2026\" width=\"500\" height=\"281\" src=\"https:\/\/www.youtube.com\/embed\/sWbSqx5wD3Y?feature=oembed\" frameborder=\"0\" allow=\"accelerometer; autoplay; clipboard-write; encrypted-media; gyroscope; picture-in-picture; web-share\" referrerpolicy=\"strict-origin-when-cross-origin\" allowfullscreen><\/iframe><\/div>\n<\/div><\/figure>\n\n\n\n<p><\/p>\n","protected":false},"excerpt":{"rendered":"<p>Despr\u00e9s d\u2019una setmana d\u2019incertesa marcada per la pluja del divendres 13, per fi vam poder celebrar el nostre esperat Carnaval de pel\u00b7l\u00edcula el passat divendres 20. I va valdre molt la pena esperar! Des d\u2019I3 fins a 6\u00e8, l\u2019escola es va omplir de color, creativitat i molta il\u00b7lusi\u00f3. Els passadissos i el pati es van [&hellip;]<\/p>\n","protected":false},"author":1,"featured_media":10592,"comment_status":"closed","ping_status":"open","sticky":false,"template":"","format":"standard","meta":{"_bbp_topic_count":0,"_bbp_reply_count":0,"_bbp_total_topic_count":0,"_bbp_total_reply_count":0,"_bbp_voice_count":0,"_bbp_anonymous_reply_count":0,"_bbp_topic_count_hidden":0,"_bbp_reply_count_hidden":0,"_bbp_forum_subforum_count":0,"site-sidebar-layout":"default","site-content-layout":"","ast-site-content-layout":"default","site-content-style":"default","site-sidebar-style":"default","ast-global-header-display":"","ast-banner-title-visibility":"","ast-main-header-display":"","ast-hfb-above-header-display":"","ast-hfb-below-header-display":"","ast-hfb-mobile-header-display":"","site-post-title":"","ast-breadcrumbs-content":"","ast-featured-img":"","footer-sml-layout":"","theme-transparent-header-meta":"","adv-header-id-meta":"","stick-header-meta":"","header-above-stick-meta":"","header-main-stick-meta":"","header-below-stick-meta":"","astra-migrate-meta-layouts":"set","ast-page-background-enabled":"default","ast-page-background-meta":{"desktop":{"background-color":"var(--ast-global-color-4)","background-image":"","background-repeat":"repeat","background-position":"center center","background-size":"auto","background-attachment":"scroll","background-type":"","background-media":"","overlay-type":"","overlay-color":"","overlay-opacity":"","overlay-gradient":""},"tablet":{"background-color":"","background-image":"","background-repeat":"repeat","background-position":"center center","background-size":"auto","background-attachment":"scroll","background-type":"","background-media":"","overlay-type":"","overlay-color":"","overlay-opacity":"","overlay-gradient":""},"mobile":{"background-color":"","background-image":"","background-repeat":"repeat","background-position":"center center","background-size":"auto","background-attachment":"scroll","background-type":"","background-media":"","overlay-type":"","overlay-color":"","overlay-opacity":"","overlay-gradient":""}},"ast-content-background-meta":{"desktop":{"background-color":"var(--ast-global-color-5)","background-image":"","background-repeat":"repeat","background-position":"center center","background-size":"auto","background-attachment":"scroll","background-type":"","background-media":"","overlay-type":"","overlay-color":"","overlay-opacity":"","overlay-gradient":""},"tablet":{"background-color":"var(--ast-global-color-5)","background-image":"","background-repeat":"repeat","background-position":"center center","background-size":"auto","background-attachment":"scroll","background-type":"","background-media":"","overlay-type":"","overlay-color":"","overlay-opacity":"","overlay-gradient":""},"mobile":{"background-color":"var(--ast-global-color-5)","background-image":"","background-repeat":"repeat","background-position":"center center","background-size":"auto","background-attachment":"scroll","background-type":"","background-media":"","overlay-type":"","overlay-color":"","overlay-opacity":"","overlay-gradient":""}},"footnotes":""},"categories":[10,223,11,224,12,225,13,14,15,1,3,8,9,2,4,5],"tags":[228],"class_list":["post-10589","post","type-post","status-publish","format-standard","has-post-thumbnail","hentry","category-1r","category-1r-cicle","category-2n","category-2n-cicle","category-3r","category-3r-cicle","category-4t","category-5e","category-6e","category-general","category-i3","category-i4","category-i5","category-infantil","category-portada","category-primaria","tag-curs-2025-2026-2"],"post_mailing_queue_ids":[],"_links":{"self":[{"href":"https:\/\/agora.xtec.cat\/ceipespriu-granollers\/wp-json\/wp\/v2\/posts\/10589","targetHints":{"allow":["GET"]}}],"collection":[{"href":"https:\/\/agora.xtec.cat\/ceipespriu-granollers\/wp-json\/wp\/v2\/posts"}],"about":[{"href":"https:\/\/agora.xtec.cat\/ceipespriu-granollers\/wp-json\/wp\/v2\/types\/post"}],"author":[{"embeddable":true,"href":"https:\/\/agora.xtec.cat\/ceipespriu-granollers\/wp-json\/wp\/v2\/users\/1"}],"replies":[{"embeddable":true,"href":"https:\/\/agora.xtec.cat\/ceipespriu-granollers\/wp-json\/wp\/v2\/comments?post=10589"}],"version-history":[{"count":2,"href":"https:\/\/agora.xtec.cat\/ceipespriu-granollers\/wp-json\/wp\/v2\/posts\/10589\/revisions"}],"predecessor-version":[{"id":10593,"href":"https:\/\/agora.xtec.cat\/ceipespriu-granollers\/wp-json\/wp\/v2\/posts\/10589\/revisions\/10593"}],"wp:featuredmedia":[{"embeddable":true,"href":"https:\/\/agora.xtec.cat\/ceipespriu-granollers\/wp-json\/wp\/v2\/media\/10592"}],"wp:attachment":[{"href":"https:\/\/agora.xtec.cat\/ceipespriu-granollers\/wp-json\/wp\/v2\/media?parent=10589"}],"wp:term":[{"taxonomy":"category","embeddable":true,"href":"https:\/\/agora.xtec.cat\/ceipespriu-granollers\/wp-json\/wp\/v2\/categories?post=10589"},{"taxonomy":"post_tag","embeddable":true,"href":"https:\/\/agora.xtec.cat\/ceipespriu-granollers\/wp-json\/wp\/v2\/tags?post=10589"}],"curies":[{"name":"wp","href":"https:\/\/api.w.org\/{rel}","templated":true}]}}