{"id":1051,"date":"2021-10-04T13:23:20","date_gmt":"2021-10-04T11:23:20","guid":{"rendered":"https:\/\/agora.xtec.cat\/ceipespriu-granollers\/?p=1051"},"modified":"2026-02-09T11:03:37","modified_gmt":"2026-02-09T10:03:37","slug":"tardes-dartistes","status":"publish","type":"post","link":"https:\/\/agora.xtec.cat\/ceipespriu-granollers\/primaria\/tardes-dartistes\/","title":{"rendered":"Tardes d&#8217;artistes"},"content":{"rendered":"<p>Aquest curs, <strong>dilluns<\/strong> i <strong>dimecres,<\/strong> les nenes i els nens de 2n deixarem volar la nostra imaginaci\u00f3 i creativitat.<br \/>\nAl llarg dels primers dies hem comen\u00e7at per elaborar la nostra carpeta d&#8217;<strong>educaci\u00f3 visual i pl\u00e0stica<\/strong> on guardarem totes les nostres produccions. Per fer-la hem estampat cartolines gegants amb pintures de molts colors.<br \/>\nDespr\u00e9s hem comen\u00e7at a crear les primeres obres. Hem fet un treball de tra\u00e7 creatiu a trav\u00e9s de la nostra foto utilitzant la t\u00e8cnica del\u00a0<span class=\"hiddenSpellError\">Zentangle<\/span>\u00a0i estem descobrint i creant a trav\u00e9s de la barreja de colors la nostra pr\u00f2pia paleta crom\u00e0tica.<br \/>\nAmb aquestes imatges podeu veure com hem gaudit fent d&#8217;<strong>artistes<\/strong>.<\/p>\n<p><a href=\"https:\/\/agora.xtec.cat\/ceipespriu-granollers\/wp-content\/uploads\/usu780\/2021\/10\/4920929D-69A0-43A4-8D75-9C15698C91B0.jpg\"><img loading=\"lazy\" decoding=\"async\" class=\"wp-image-1058 aligncenter\" src=\"https:\/\/agora.xtec.cat\/ceipespriu-granollers\/wp-content\/uploads\/usu780\/2021\/10\/4920929D-69A0-43A4-8D75-9C15698C91B0-1024x1024.jpg\" alt=\"\" width=\"584\" height=\"584\" srcset=\"https:\/\/agora.xtec.cat\/ceipespriu-granollers\/wp-content\/uploads\/usu780\/2021\/10\/4920929D-69A0-43A4-8D75-9C15698C91B0-1024x1024.jpg 1024w, https:\/\/agora.xtec.cat\/ceipespriu-granollers\/wp-content\/uploads\/usu780\/2021\/10\/4920929D-69A0-43A4-8D75-9C15698C91B0-300x300.jpg 300w, https:\/\/agora.xtec.cat\/ceipespriu-granollers\/wp-content\/uploads\/usu780\/2021\/10\/4920929D-69A0-43A4-8D75-9C15698C91B0-150x150.jpg 150w, https:\/\/agora.xtec.cat\/ceipespriu-granollers\/wp-content\/uploads\/usu780\/2021\/10\/4920929D-69A0-43A4-8D75-9C15698C91B0-768x768.jpg 768w, https:\/\/agora.xtec.cat\/ceipespriu-granollers\/wp-content\/uploads\/usu780\/2021\/10\/4920929D-69A0-43A4-8D75-9C15698C91B0-1536x1536.jpg 1536w, https:\/\/agora.xtec.cat\/ceipespriu-granollers\/wp-content\/uploads\/usu780\/2021\/10\/4920929D-69A0-43A4-8D75-9C15698C91B0.jpg 2048w\" sizes=\"auto, (max-width: 584px) 100vw, 584px\" \/><\/a><\/p>\n<p style=\"text-align: left;\"><img loading=\"lazy\" decoding=\"async\" class=\"wp-image-1081 aligncenter\" src=\"https:\/\/agora.xtec.cat\/ceipespriu-granollers\/wp-content\/uploads\/usu780\/2021\/10\/20211004_130130-1024x1024.jpg\" alt=\"\" width=\"588\" height=\"588\" srcset=\"https:\/\/agora.xtec.cat\/ceipespriu-granollers\/wp-content\/uploads\/usu780\/2021\/10\/20211004_130130-1024x1024.jpg 1024w, https:\/\/agora.xtec.cat\/ceipespriu-granollers\/wp-content\/uploads\/usu780\/2021\/10\/20211004_130130-300x300.jpg 300w, https:\/\/agora.xtec.cat\/ceipespriu-granollers\/wp-content\/uploads\/usu780\/2021\/10\/20211004_130130-150x150.jpg 150w, https:\/\/agora.xtec.cat\/ceipespriu-granollers\/wp-content\/uploads\/usu780\/2021\/10\/20211004_130130-768x768.jpg 768w, https:\/\/agora.xtec.cat\/ceipespriu-granollers\/wp-content\/uploads\/usu780\/2021\/10\/20211004_130130-1536x1536.jpg 1536w, https:\/\/agora.xtec.cat\/ceipespriu-granollers\/wp-content\/uploads\/usu780\/2021\/10\/20211004_130130-2048x2048.jpg 2048w\" sizes=\"auto, (max-width: 588px) 100vw, 588px\" \/><\/p>\n<p style=\"text-align: left;\"><a style=\"font-family: inherit; font-size: 1em;\" href=\"https:\/\/agora.xtec.cat\/ceipespriu-granollers\/wp-content\/uploads\/usu780\/2021\/10\/20211004_130130-scaled.jpg\">\u00a0<\/a><\/p>\n","protected":false},"excerpt":{"rendered":"<p>Aquest curs, dilluns i dimecres, les nenes i els nens de 2n deixarem volar la nostra imaginaci\u00f3 i creativitat. Al llarg dels primers dies hem comen\u00e7at per elaborar la nostra carpeta d&#8217;educaci\u00f3 visual i pl\u00e0stica on guardarem totes les nostres produccions. Per fer-la hem estampat cartolines gegants amb pintures de molts colors. Despr\u00e9s hem comen\u00e7at [&hellip;]<\/p>\n","protected":false},"author":1,"featured_media":0,"comment_status":"closed","ping_status":"closed","sticky":false,"template":"","format":"standard","meta":{"_bbp_topic_count":0,"_bbp_reply_count":0,"_bbp_total_topic_count":0,"_bbp_total_reply_count":0,"_bbp_voice_count":0,"_bbp_anonymous_reply_count":0,"_bbp_topic_count_hidden":0,"_bbp_reply_count_hidden":0,"_bbp_forum_subforum_count":0,"site-sidebar-layout":"default","site-content-layout":"","ast-site-content-layout":"default","site-content-style":"default","site-sidebar-style":"default","ast-global-header-display":"","ast-banner-title-visibility":"","ast-main-header-display":"","ast-hfb-above-header-display":"","ast-hfb-below-header-display":"","ast-hfb-mobile-header-display":"","site-post-title":"","ast-breadcrumbs-content":"","ast-featured-img":"","footer-sml-layout":"","theme-transparent-header-meta":"","adv-header-id-meta":"","stick-header-meta":"","header-above-stick-meta":"","header-main-stick-meta":"","header-below-stick-meta":"","astra-migrate-meta-layouts":"set","ast-page-background-enabled":"default","ast-page-background-meta":{"desktop":{"background-color":"var(--ast-global-color-4)","background-image":"","background-repeat":"repeat","background-position":"center center","background-size":"auto","background-attachment":"scroll","background-type":"","background-media":"","overlay-type":"","overlay-color":"","overlay-opacity":"","overlay-gradient":""},"tablet":{"background-color":"","background-image":"","background-repeat":"repeat","background-position":"center center","background-size":"auto","background-attachment":"scroll","background-type":"","background-media":"","overlay-type":"","overlay-color":"","overlay-opacity":"","overlay-gradient":""},"mobile":{"background-color":"","background-image":"","background-repeat":"repeat","background-position":"center center","background-size":"auto","background-attachment":"scroll","background-type":"","background-media":"","overlay-type":"","overlay-color":"","overlay-opacity":"","overlay-gradient":""}},"ast-content-background-meta":{"desktop":{"background-color":"var(--ast-global-color-5)","background-image":"","background-repeat":"repeat","background-position":"center center","background-size":"auto","background-attachment":"scroll","background-type":"","background-media":"","overlay-type":"","overlay-color":"","overlay-opacity":"","overlay-gradient":""},"tablet":{"background-color":"var(--ast-global-color-5)","background-image":"","background-repeat":"repeat","background-position":"center center","background-size":"auto","background-attachment":"scroll","background-type":"","background-media":"","overlay-type":"","overlay-color":"","overlay-opacity":"","overlay-gradient":""},"mobile":{"background-color":"var(--ast-global-color-5)","background-image":"","background-repeat":"repeat","background-position":"center center","background-size":"auto","background-attachment":"scroll","background-type":"","background-media":"","overlay-type":"","overlay-color":"","overlay-opacity":"","overlay-gradient":""}},"footnotes":""},"categories":[223,11,89,5],"tags":[69],"class_list":["post-1051","post","type-post","status-publish","format-standard","hentry","category-1r-cicle","category-2n","category-plastica","category-primaria","tag-promocio2014"],"post_mailing_queue_ids":[],"_links":{"self":[{"href":"https:\/\/agora.xtec.cat\/ceipespriu-granollers\/wp-json\/wp\/v2\/posts\/1051","targetHints":{"allow":["GET"]}}],"collection":[{"href":"https:\/\/agora.xtec.cat\/ceipespriu-granollers\/wp-json\/wp\/v2\/posts"}],"about":[{"href":"https:\/\/agora.xtec.cat\/ceipespriu-granollers\/wp-json\/wp\/v2\/types\/post"}],"author":[{"embeddable":true,"href":"https:\/\/agora.xtec.cat\/ceipespriu-granollers\/wp-json\/wp\/v2\/users\/1"}],"replies":[{"embeddable":true,"href":"https:\/\/agora.xtec.cat\/ceipespriu-granollers\/wp-json\/wp\/v2\/comments?post=1051"}],"version-history":[{"count":4,"href":"https:\/\/agora.xtec.cat\/ceipespriu-granollers\/wp-json\/wp\/v2\/posts\/1051\/revisions"}],"predecessor-version":[{"id":10519,"href":"https:\/\/agora.xtec.cat\/ceipespriu-granollers\/wp-json\/wp\/v2\/posts\/1051\/revisions\/10519"}],"wp:attachment":[{"href":"https:\/\/agora.xtec.cat\/ceipespriu-granollers\/wp-json\/wp\/v2\/media?parent=1051"}],"wp:term":[{"taxonomy":"category","embeddable":true,"href":"https:\/\/agora.xtec.cat\/ceipespriu-granollers\/wp-json\/wp\/v2\/categories?post=1051"},{"taxonomy":"post_tag","embeddable":true,"href":"https:\/\/agora.xtec.cat\/ceipespriu-granollers\/wp-json\/wp\/v2\/tags?post=1051"}],"curies":[{"name":"wp","href":"https:\/\/api.w.org\/{rel}","templated":true}]}}