{"id":10489,"date":"2026-02-06T19:53:18","date_gmt":"2026-02-06T18:53:18","guid":{"rendered":"https:\/\/agora.xtec.cat\/ceipespriu-granollers\/?p=10489"},"modified":"2026-02-06T19:53:20","modified_gmt":"2026-02-06T18:53:20","slug":"sortida-al-palau-de-la-musica","status":"publish","type":"post","link":"https:\/\/agora.xtec.cat\/ceipespriu-granollers\/general\/sortida-al-palau-de-la-musica\/","title":{"rendered":"Sortida al Palau de la M\u00fasica"},"content":{"rendered":"\n<p>Ara fa uns dies, l&#8217;alumnat de 5\u00e8 va fer una sortida de tota la jornada a Barcelona. Durant aquesta sortida, els nens i les nenes van tenir ocasi\u00f3 de visitar el Palau de la M\u00fasica Catalana, on van gaudir de l&#8217;espectacle &#8220;Les m\u00fasiques del m\u00f3n&#8221;. Per descomptat, tamb\u00e9 van poder gaudir del magn\u00edfic edifici del Palau, declarat Patrimoni Com\u00fa&nbsp;de la&nbsp;Humanitat per&nbsp;la&nbsp;UNESCO en 1997. Tothom va estar molt satisfet tant de l&#8217;espectacle musical com de veure l&#8217;espectacular edifici.<br>A m\u00e9s a m\u00e9s, la sortida va permetre fer una r\u00e0pida visita al Museu d&#8217;Hist\u00f2ria de Barcelona (El Born), que explica la hist\u00f2ria moderna i contempor\u00e0nia de la ciutat. La sortida es va completar compartint el dinar i una estona de joc al parc de la Ciutadella.<br>Compartim amb vosaltres algunes imatges d&#8217;aquest dia tan maco.<\/p>\n\n\n\n<figure class=\"wp-block-gallery has-nested-images columns-default is-cropped wp-block-gallery-1 is-layout-flex wp-block-gallery-is-layout-flex\">\n<figure class=\"wp-block-image size-large\"><a href=\"https:\/\/agora.xtec.cat\/ceipespriu-granollers\/wp-content\/uploads\/usu780\/2026\/02\/IMG_20260130_145036852-scaled.jpg\"><img decoding=\"async\" data-id=\"10497\" src=\"https:\/\/agora.xtec.cat\/ceipespriu-granollers\/wp-content\/uploads\/usu780\/2026\/02\/IMG_20260130_145036852-1024x768.jpg\" alt=\"\" class=\"wp-image-10497\" \/><\/a><\/figure>\n\n\n\n<figure class=\"wp-block-image size-large\"><a href=\"https:\/\/agora.xtec.cat\/ceipespriu-granollers\/wp-content\/uploads\/usu780\/2026\/02\/IMG_20260130_131917866_HDR-scaled.jpg\"><img decoding=\"async\" data-id=\"10496\" src=\"https:\/\/agora.xtec.cat\/ceipespriu-granollers\/wp-content\/uploads\/usu780\/2026\/02\/IMG_20260130_131917866_HDR-1024x768.jpg\" alt=\"\" class=\"wp-image-10496\" \/><\/a><\/figure>\n\n\n\n<figure class=\"wp-block-image size-large\"><a href=\"https:\/\/agora.xtec.cat\/ceipespriu-granollers\/wp-content\/uploads\/usu780\/2026\/02\/IMG_20260130_131811646_HDR-scaled.jpg\"><img decoding=\"async\" data-id=\"10495\" src=\"https:\/\/agora.xtec.cat\/ceipespriu-granollers\/wp-content\/uploads\/usu780\/2026\/02\/IMG_20260130_131811646_HDR-1024x768.jpg\" alt=\"\" class=\"wp-image-10495\" \/><\/a><\/figure>\n\n\n\n<figure class=\"wp-block-image size-large\"><a href=\"https:\/\/agora.xtec.cat\/ceipespriu-granollers\/wp-content\/uploads\/usu780\/2026\/02\/IMG_20260130_123148187-scaled.jpg\"><img decoding=\"async\" data-id=\"10494\" src=\"https:\/\/agora.xtec.cat\/ceipespriu-granollers\/wp-content\/uploads\/usu780\/2026\/02\/IMG_20260130_123148187-1024x759.jpg\" alt=\"\" class=\"wp-image-10494\" \/><\/a><\/figure>\n\n\n\n<figure class=\"wp-block-image size-large\"><a href=\"https:\/\/agora.xtec.cat\/ceipespriu-granollers\/wp-content\/uploads\/usu780\/2026\/02\/IMG_20260130_1121550432-scaled.jpg\"><img decoding=\"async\" data-id=\"10493\" src=\"https:\/\/agora.xtec.cat\/ceipespriu-granollers\/wp-content\/uploads\/usu780\/2026\/02\/IMG_20260130_1121550432-1024x990.jpg\" alt=\"\" class=\"wp-image-10493\" \/><\/a><\/figure>\n\n\n\n<figure class=\"wp-block-image size-large\"><a href=\"https:\/\/agora.xtec.cat\/ceipespriu-granollers\/wp-content\/uploads\/usu780\/2026\/02\/IMG_20260130_101735403_HDR2-scaled.jpg\"><img decoding=\"async\" data-id=\"10492\" src=\"https:\/\/agora.xtec.cat\/ceipespriu-granollers\/wp-content\/uploads\/usu780\/2026\/02\/IMG_20260130_101735403_HDR2-771x1024.jpg\" alt=\"\" class=\"wp-image-10492\" \/><\/a><\/figure>\n\n\n\n<figure class=\"wp-block-image size-large\" style=\"margin-top:0;margin-bottom:0\"><a href=\"https:\/\/agora.xtec.cat\/ceipespriu-granollers\/wp-content\/uploads\/usu780\/2026\/02\/IMG_20260130_145624098_HDR-scaled.jpg\"><img decoding=\"async\" data-id=\"10491\" src=\"https:\/\/agora.xtec.cat\/ceipespriu-granollers\/wp-content\/uploads\/usu780\/2026\/02\/IMG_20260130_145624098_HDR-1024x768.jpg\" alt=\"\" class=\"wp-image-10491\" \/><\/a><\/figure>\n<\/figure>\n\n\n\n<p><\/p>\n","protected":false},"excerpt":{"rendered":"<p>Ara fa uns dies, l&#8217;alumnat de 5\u00e8 va fer una sortida de tota la jornada a Barcelona. Durant aquesta sortida, els nens i les nenes van tenir ocasi\u00f3 de visitar el Palau de la M\u00fasica Catalana, on van gaudir de l&#8217;espectacle &#8220;Les m\u00fasiques del m\u00f3n&#8221;. Per descomptat, tamb\u00e9 van poder gaudir del magn\u00edfic edifici del [&hellip;]<\/p>\n","protected":false},"author":18,"featured_media":0,"comment_status":"closed","ping_status":"open","sticky":false,"template":"","format":"standard","meta":{"_bbp_topic_count":0,"_bbp_reply_count":0,"_bbp_total_topic_count":0,"_bbp_total_reply_count":0,"_bbp_voice_count":0,"_bbp_anonymous_reply_count":0,"_bbp_topic_count_hidden":0,"_bbp_reply_count_hidden":0,"_bbp_forum_subforum_count":0,"site-sidebar-layout":"default","site-content-layout":"","ast-site-content-layout":"default","site-content-style":"default","site-sidebar-style":"default","ast-global-header-display":"","ast-banner-title-visibility":"","ast-main-header-display":"","ast-hfb-above-header-display":"","ast-hfb-below-header-display":"","ast-hfb-mobile-header-display":"","site-post-title":"","ast-breadcrumbs-content":"","ast-featured-img":"","footer-sml-layout":"","theme-transparent-header-meta":"","adv-header-id-meta":"","stick-header-meta":"","header-above-stick-meta":"","header-main-stick-meta":"","header-below-stick-meta":"","astra-migrate-meta-layouts":"set","ast-page-background-enabled":"default","ast-page-background-meta":{"desktop":{"background-color":"var(--ast-global-color-4)","background-image":"","background-repeat":"repeat","background-position":"center center","background-size":"auto","background-attachment":"scroll","background-type":"","background-media":"","overlay-type":"","overlay-color":"","overlay-opacity":"","overlay-gradient":""},"tablet":{"background-color":"","background-image":"","background-repeat":"repeat","background-position":"center center","background-size":"auto","background-attachment":"scroll","background-type":"","background-media":"","overlay-type":"","overlay-color":"","overlay-opacity":"","overlay-gradient":""},"mobile":{"background-color":"","background-image":"","background-repeat":"repeat","background-position":"center center","background-size":"auto","background-attachment":"scroll","background-type":"","background-media":"","overlay-type":"","overlay-color":"","overlay-opacity":"","overlay-gradient":""}},"ast-content-background-meta":{"desktop":{"background-color":"var(--ast-global-color-5)","background-image":"","background-repeat":"repeat","background-position":"center center","background-size":"auto","background-attachment":"scroll","background-type":"","background-media":"","overlay-type":"","overlay-color":"","overlay-opacity":"","overlay-gradient":""},"tablet":{"background-color":"var(--ast-global-color-5)","background-image":"","background-repeat":"repeat","background-position":"center center","background-size":"auto","background-attachment":"scroll","background-type":"","background-media":"","overlay-type":"","overlay-color":"","overlay-opacity":"","overlay-gradient":""},"mobile":{"background-color":"var(--ast-global-color-5)","background-image":"","background-repeat":"repeat","background-position":"center center","background-size":"auto","background-attachment":"scroll","background-type":"","background-media":"","overlay-type":"","overlay-color":"","overlay-opacity":"","overlay-gradient":""}},"footnotes":""},"categories":[225,14,1,75,5],"tags":[228,68,229],"class_list":["post-10489","post","type-post","status-publish","format-standard","hentry","category-3r-cicle","category-5e","category-general","category-musica","category-primaria","tag-curs-2025-2026-2","tag-promocio2015","tag-sortides-musica"],"post_mailing_queue_ids":[],"_links":{"self":[{"href":"https:\/\/agora.xtec.cat\/ceipespriu-granollers\/wp-json\/wp\/v2\/posts\/10489","targetHints":{"allow":["GET"]}}],"collection":[{"href":"https:\/\/agora.xtec.cat\/ceipespriu-granollers\/wp-json\/wp\/v2\/posts"}],"about":[{"href":"https:\/\/agora.xtec.cat\/ceipespriu-granollers\/wp-json\/wp\/v2\/types\/post"}],"author":[{"embeddable":true,"href":"https:\/\/agora.xtec.cat\/ceipespriu-granollers\/wp-json\/wp\/v2\/users\/18"}],"replies":[{"embeddable":true,"href":"https:\/\/agora.xtec.cat\/ceipespriu-granollers\/wp-json\/wp\/v2\/comments?post=10489"}],"version-history":[{"count":2,"href":"https:\/\/agora.xtec.cat\/ceipespriu-granollers\/wp-json\/wp\/v2\/posts\/10489\/revisions"}],"predecessor-version":[{"id":10500,"href":"https:\/\/agora.xtec.cat\/ceipespriu-granollers\/wp-json\/wp\/v2\/posts\/10489\/revisions\/10500"}],"wp:attachment":[{"href":"https:\/\/agora.xtec.cat\/ceipespriu-granollers\/wp-json\/wp\/v2\/media?parent=10489"}],"wp:term":[{"taxonomy":"category","embeddable":true,"href":"https:\/\/agora.xtec.cat\/ceipespriu-granollers\/wp-json\/wp\/v2\/categories?post=10489"},{"taxonomy":"post_tag","embeddable":true,"href":"https:\/\/agora.xtec.cat\/ceipespriu-granollers\/wp-json\/wp\/v2\/tags?post=10489"}],"curies":[{"name":"wp","href":"https:\/\/api.w.org\/{rel}","templated":true}]}}